{"id":112225,"date":"2020-06-16T12:01:14","date_gmt":"2020-06-16T15:01:14","guid":{"rendered":"http:\/\/www.hoymercedes.com.ar\/principal\/?p=112225"},"modified":"2020-06-18T11:52:38","modified_gmt":"2020-06-18T14:52:38","slug":"con-boca-cada-vez-mas-lejos-independiente-ofertara-por-biglia","status":"publish","type":"post","link":"https:\/\/www.hoymercedes.com.ar\/principal\/2020\/06\/16\/con-boca-cada-vez-mas-lejos-independiente-ofertara-por-biglia\/","title":{"rendered":"Con Boca cada vez m\u00e1s lejos, Independiente ofertar\u00e1 por Biglia?"},"content":{"rendered":"\n<p>Independiente ser\u00eda el equipo que querr\u00eda sumar de manera inminente a Lucas Biglia. El centrocampista finaliza contrato con el Mil\u00e1n y llegar\u00eda a coste cero.<\/p>\n\n\n\n<figure class=\"wp-block-image size-large\"><img loading=\"lazy\" decoding=\"async\" width=\"711\" height=\"397\" data-attachment-id=\"112226\" data-permalink=\"https:\/\/www.hoymercedes.com.ar\/principal\/2020\/06\/16\/con-boca-cada-vez-mas-lejos-independiente-ofertara-por-biglia\/lucas-biglia-2\/#main\" data-orig-file=\"https:\/\/www.hoymercedes.com.ar\/principal\/wp-content\/uploads\/2020\/06\/Lucas-Biglia.jpg\" data-orig-size=\"711,397\" data-comments-opened=\"0\" data-image-meta=\"{&quot;aperture&quot;:&quot;0&quot;,&quot;credit&quot;:&quot;&quot;,&quot;camera&quot;:&quot;&quot;,&quot;caption&quot;:&quot;&quot;,&quot;created_timestamp&quot;:&quot;0&quot;,&quot;copyright&quot;:&quot;&quot;,&quot;focal_length&quot;:&quot;0&quot;,&quot;iso&quot;:&quot;0&quot;,&quot;shutter_speed&quot;:&quot;0&quot;,&quot;title&quot;:&quot;&quot;,&quot;orientation&quot;:&quot;0&quot;}\" data-image-title=\"Lucas-Biglia\" data-image-description=\"\" data-image-caption=\"\" data-large-file=\"https:\/\/www.hoymercedes.com.ar\/principal\/wp-content\/uploads\/2020\/06\/Lucas-Biglia.jpg\" src=\"https:\/\/www.hoymercedes.com.ar\/principal\/wp-content\/uploads\/2020\/06\/Lucas-Biglia.jpg\" alt=\"\" class=\"wp-image-112226\"\/><\/figure>\n\n\n\n<p>Aunque varios clubes europeos han pensado en \u00e9l, finalmente ninguno parece decidido a presentar oferta por el futbolista, que valorar\u00eda seriamente regresar a Argentina.<\/p>\n\n\n\n<p>El veterano futbolista de 34 a\u00f1os apenas ha disputado este curso 7 encuentros oficiales con la escuadra rossonera, por lo que ahora mismo su prioridad es tener continuidad. Independiente ha contactado con \u00e9l para valorar su contrataci\u00f3n, algo que solamente ser\u00e1 posible si el jugado rebaja sus pretensiones econ\u00f3micas.<\/p>\n\n\n\n<p>Biglia abandon\u00f3 Independiente en verano de 2006 para iniciar una brillante carrera en Europa, primero en el Anderlecht, y despu\u00e9s en la Lazio y Mil\u00e1n.<\/p>\n","protected":false},"excerpt":{"rendered":"<p>Independiente ser\u00eda el equipo que querr\u00eda sumar de manera inminente a Lucas Biglia. El centrocampista finaliza contrato con el Mil\u00e1n &#8230; <a title=\"Con Boca cada vez m\u00e1s lejos, Independiente ofertar\u00e1 por Biglia?\" class=\"read-more\" href=\"https:\/\/www.hoymercedes.com.ar\/principal\/2020\/06\/16\/con-boca-cada-vez-mas-lejos-independiente-ofertara-por-biglia\/\" aria-label=\"Leer m\u00e1s sobre Con Boca cada vez m\u00e1s lejos, Independiente ofertar\u00e1 por Biglia?\">Leer m\u00e1s<\/a><\/p>\n","protected":false},"author":1,"featured_media":112226,"comment_status":"closed","ping_status":"open","sticky":false,"template":"","format":"standard","meta":{"_monsterinsights_skip_tracking":false,"_monsterinsights_sitenote_active":false,"_monsterinsights_sitenote_note":"","_monsterinsights_sitenote_category":0,"jetpack_post_was_ever_published":false,"_jetpack_newsletter_access":"","_jetpack_dont_email_post_to_subs":false,"_jetpack_newsletter_tier_id":0,"_jetpack_memberships_contains_paywalled_content":false,"_jetpack_memberships_contains_paid_content":false,"footnotes":"","jetpack_publicize_message":"","jetpack_publicize_feature_enabled":true,"jetpack_social_post_already_shared":true,"jetpack_social_options":{"image_generator_settings":{"template":"highway","default_image_id":0,"font":"","enabled":false},"version":2},"_wpas_customize_per_network":false},"categories":[21],"tags":[14624,305],"class_list":["post-112225","post","type-post","status-publish","format-standard","has-post-thumbnail","hentry","category-deportes","tag-ac-milan","tag-lucas-biglia","generate-columns","tablet-grid-50","mobile-grid-100","grid-parent","grid-50"],"jetpack_publicize_connections":[],"jetpack_featured_media_url":"https:\/\/www.hoymercedes.com.ar\/principal\/wp-content\/uploads\/2020\/06\/Lucas-Biglia.jpg","wps_subtitle":"La Legi\u00f3n","jetpack_sharing_enabled":true,"_links":{"self":[{"href":"https:\/\/www.hoymercedes.com.ar\/principal\/wp-json\/wp\/v2\/posts\/112225","targetHints":{"allow":["GET"]}}],"collection":[{"href":"https:\/\/www.hoymercedes.com.ar\/principal\/wp-json\/wp\/v2\/posts"}],"about":[{"href":"https:\/\/www.hoymercedes.com.ar\/principal\/wp-json\/wp\/v2\/types\/post"}],"author":[{"embeddable":true,"href":"https:\/\/www.hoymercedes.com.ar\/principal\/wp-json\/wp\/v2\/users\/1"}],"replies":[{"embeddable":true,"href":"https:\/\/www.hoymercedes.com.ar\/principal\/wp-json\/wp\/v2\/comments?post=112225"}],"version-history":[{"count":0,"href":"https:\/\/www.hoymercedes.com.ar\/principal\/wp-json\/wp\/v2\/posts\/112225\/revisions"}],"wp:featuredmedia":[{"embeddable":true,"href":"https:\/\/www.hoymercedes.com.ar\/principal\/wp-json\/wp\/v2\/media\/112226"}],"wp:attachment":[{"href":"https:\/\/www.hoymercedes.com.ar\/principal\/wp-json\/wp\/v2\/media?parent=112225"}],"wp:term":[{"taxonomy":"category","embeddable":true,"href":"https:\/\/www.hoymercedes.com.ar\/principal\/wp-json\/wp\/v2\/categories?post=112225"},{"taxonomy":"post_tag","embeddable":true,"href":"https:\/\/www.hoymercedes.com.ar\/principal\/wp-json\/wp\/v2\/tags?post=112225"}],"curies":[{"name":"wp","href":"https:\/\/api.w.org\/{rel}","templated":true}]}}