{"id":112255,"date":"2020-06-17T08:07:34","date_gmt":"2020-06-17T11:07:34","guid":{"rendered":"http:\/\/www.hoymercedes.com.ar\/principal\/?p=112255"},"modified":"2020-06-17T17:54:32","modified_gmt":"2020-06-17T20:54:32","slug":"coronavirus-lujan-suma-10-positivos-mas-y-llega-a-94-casos","status":"publish","type":"post","link":"https:\/\/www.hoymercedes.com.ar\/principal\/2020\/06\/17\/coronavirus-lujan-suma-10-positivos-mas-y-llega-a-94-casos\/","title":{"rendered":"Coronavirus: Luj\u00e1n suma 10 positivos m\u00e1s y llega a 94 casos"},"content":{"rendered":"\n<p><em>Se trata de dos ni\u00f1os de 3 y 9 a\u00f1os; cuatro j\u00f3venes de 17, 21, 23 y 24 a\u00f1os; tres mujeres de 34, 38 y 63 a\u00f1os y un hombre de 38 a\u00f1os. Todos se encuentran cumpliendo aislamiento domiciliario. Por su parte, este martes recibieron el alta tres pacientes recuperados de Covid-19. Adem\u00e1s, se descartaron 29 casos que estaban en estudio y se configuraron 38 nuevos casos sospechosos.<\/em><\/p>\n\n\n\n<p>En su informe oficial N\u00b0 92, emitido este mi\u00e9rcoles a las 7, la Secretar\u00eda de Salud del Municipio de Luj\u00e1n inform\u00f3 que en las \u00faltimas 24 horas\u00a0<strong>se confirmaron 10 nuevos casos positivos<\/strong>\u00a0para Covid-19. Mientras que\u00a0<strong>tres pacientes recuperados de coronavirus recibieron el alta m\u00e9dica<\/strong>.<\/p>\n\n\n\n<p>Respecto de los nuevos casos positivos, se trata de dos ni\u00f1os de 3 y 9 a\u00f1os;<br>un adolescente de 17 a\u00f1os; tres j\u00f3venes de 21, 23 y 24 a\u00f1os; tres mujeres de 34, 38 y 63 a\u00f1os, y un hombre de 38 a\u00f1os. Todos se encuentran cumpliendo aislamiento domiciliario.<\/p>\n\n\n\n<p>Por su parte, este martes&nbsp;<strong>se descartaron 29 casos en estudio<\/strong>&nbsp;de coronavirus en el Partido de Luj\u00e1n. Ellos se encontraban:<\/p>\n\n\n\n<p>\u2013 25 con aislamiento domiciliario<br>\u2013 2 en el Hospital Nuestra Se\u00f1ora de Luj\u00e1n<br>\u2013 1 en un efector de salud privado en el Partido de Luj\u00e1n<br>\u2013 1 en un efector de salud privado fuera del Partido de Luj\u00e1n<\/p>\n\n\n\n<p>A su vez, la Secretar\u00eda de Salud inform\u00f3 que&nbsp;<strong>se configuraron 38 nuevos casos sospechosos<\/strong>&nbsp;de coronavirus en nuestra ciudad. Ellos est\u00e1n:<\/p>\n\n\n\n<p>\u2013 31 con aislamiento domiciliario<br>\u2013 4 en el Hospital Nuestra Se\u00f1ora de Luj\u00e1n<br>\u2013 1 internado en la Colonia Montes de Oca de la localidad de Torres<br>\u2013 1 en un efector de salud privado en el Partido de Luj\u00e1n<br>\u2013 1 en un efector de salud privado fuera del Partido de Luj\u00e1n<\/p>\n\n\n\n<p>Hasta el momento, el Partido de Luj\u00e1n registra 94 casos positivos (de los cuales tres fallecieron, 19 fueron dados de alta y 72 se encuentran en tratamiento), 667 casos descartados y 54 casos en estudio para coronavirus. Adem\u00e1s, en nuestra ciudad falleci\u00f3 una mujer proveniente de otro municipio.<\/p>\n\n\n\n<p>Fuente: Luj\u00e1n Hoy<\/p>\n","protected":false},"excerpt":{"rendered":"<p>Se trata de dos ni\u00f1os de 3 y 9 a\u00f1os; cuatro j\u00f3venes de 17, 21, 23 y 24 a\u00f1os; tres &#8230; <a title=\"Coronavirus: Luj\u00e1n suma 10 positivos m\u00e1s y llega a 94 casos\" class=\"read-more\" href=\"https:\/\/www.hoymercedes.com.ar\/principal\/2020\/06\/17\/coronavirus-lujan-suma-10-positivos-mas-y-llega-a-94-casos\/\" aria-label=\"Leer m\u00e1s sobre Coronavirus: Luj\u00e1n suma 10 positivos m\u00e1s y llega a 94 casos\">Leer m\u00e1s<\/a><\/p>\n","protected":false},"author":1,"featured_media":111592,"comment_status":"closed","ping_status":"open","sticky":false,"template":"","format":"standard","meta":{"_monsterinsights_skip_tracking":false,"_monsterinsights_sitenote_active":false,"_monsterinsights_sitenote_note":"","_monsterinsights_sitenote_category":0,"jetpack_post_was_ever_published":false,"_jetpack_newsletter_access":"","_jetpack_dont_email_post_to_subs":false,"_jetpack_newsletter_tier_id":0,"_jetpack_memberships_contains_paywalled_content":false,"_jetpack_memberships_contains_paid_content":false,"footnotes":"","jetpack_publicize_message":"","jetpack_publicize_feature_enabled":true,"jetpack_social_post_already_shared":true,"jetpack_social_options":{"image_generator_settings":{"template":"highway","default_image_id":0,"font":"","enabled":false},"version":2},"_wpas_customize_per_network":false},"categories":[8],"tags":[16428,16175,16313,86],"class_list":["post-112255","post","type-post","status-publish","format-standard","has-post-thumbnail","hentry","category-sociedad","tag-casos-positivos","tag-coronavirus","tag-covid-19","tag-lujan","generate-columns","tablet-grid-50","mobile-grid-100","grid-parent","grid-50"],"jetpack_publicize_connections":[],"jetpack_featured_media_url":"https:\/\/www.hoymercedes.com.ar\/principal\/wp-content\/uploads\/2020\/06\/03-coronavirus_analisis_muestras.jpg","wps_subtitle":"Preocupaci\u00f3n en la regi\u00f3n","jetpack_sharing_enabled":true,"_links":{"self":[{"href":"https:\/\/www.hoymercedes.com.ar\/principal\/wp-json\/wp\/v2\/posts\/112255","targetHints":{"allow":["GET"]}}],"collection":[{"href":"https:\/\/www.hoymercedes.com.ar\/principal\/wp-json\/wp\/v2\/posts"}],"about":[{"href":"https:\/\/www.hoymercedes.com.ar\/principal\/wp-json\/wp\/v2\/types\/post"}],"author":[{"embeddable":true,"href":"https:\/\/www.hoymercedes.com.ar\/principal\/wp-json\/wp\/v2\/users\/1"}],"replies":[{"embeddable":true,"href":"https:\/\/www.hoymercedes.com.ar\/principal\/wp-json\/wp\/v2\/comments?post=112255"}],"version-history":[{"count":0,"href":"https:\/\/www.hoymercedes.com.ar\/principal\/wp-json\/wp\/v2\/posts\/112255\/revisions"}],"wp:featuredmedia":[{"embeddable":true,"href":"https:\/\/www.hoymercedes.com.ar\/principal\/wp-json\/wp\/v2\/media\/111592"}],"wp:attachment":[{"href":"https:\/\/www.hoymercedes.com.ar\/principal\/wp-json\/wp\/v2\/media?parent=112255"}],"wp:term":[{"taxonomy":"category","embeddable":true,"href":"https:\/\/www.hoymercedes.com.ar\/principal\/wp-json\/wp\/v2\/categories?post=112255"},{"taxonomy":"post_tag","embeddable":true,"href":"https:\/\/www.hoymercedes.com.ar\/principal\/wp-json\/wp\/v2\/tags?post=112255"}],"curies":[{"name":"wp","href":"https:\/\/api.w.org\/{rel}","templated":true}]}}