{"id":112261,"date":"2020-06-17T11:28:28","date_gmt":"2020-06-17T14:28:28","guid":{"rendered":"http:\/\/www.hoymercedes.com.ar\/principal\/?p=112261"},"modified":"2020-06-17T17:54:06","modified_gmt":"2020-06-17T20:54:06","slug":"tolosa-paz-nuevamente-paso-por-mercedes","status":"publish","type":"post","link":"https:\/\/www.hoymercedes.com.ar\/principal\/2020\/06\/17\/tolosa-paz-nuevamente-paso-por-mercedes\/","title":{"rendered":"Tolosa Paz nuevamente pas\u00f3 por Mercedes"},"content":{"rendered":"\n<p>El intendente Juan Ignacio Ustarroz recibi\u00f3 a Victoria Tolosa Paz, titular del Consejo de Pol\u00edticas Sociales el Estado Nacional. Visitaron comedores en Gowland y Agote. Observaron proyectos en ejecuci\u00f3n y anunciaron en las pr\u00f3ximas semanas habr\u00e1 nuevos convenios. Tambi\u00e9n se conoci\u00f3 una importante donaci\u00f3n de alimentos frescos gestionados por la funcionaria nacional distribuido desde Desarrollo Social municipal.<\/p>\n\n\n\n<div class=\"wp-block-image\"><figure class=\"aligncenter size-large\"><img loading=\"lazy\" decoding=\"async\" width=\"800\" height=\"533\" data-attachment-id=\"112263\" data-permalink=\"https:\/\/www.hoymercedes.com.ar\/principal\/2020\/06\/17\/tolosa-paz-nuevamente-paso-por-mercedes\/17-tolosa-paz-2\/#main\" data-orig-file=\"https:\/\/www.hoymercedes.com.ar\/principal\/wp-content\/uploads\/2020\/06\/17-tolosa-paz-2.jpeg\" data-orig-size=\"800,533\" data-comments-opened=\"0\" data-image-meta=\"{&quot;aperture&quot;:&quot;0&quot;,&quot;credit&quot;:&quot;&quot;,&quot;camera&quot;:&quot;&quot;,&quot;caption&quot;:&quot;&quot;,&quot;created_timestamp&quot;:&quot;0&quot;,&quot;copyright&quot;:&quot;&quot;,&quot;focal_length&quot;:&quot;0&quot;,&quot;iso&quot;:&quot;0&quot;,&quot;shutter_speed&quot;:&quot;0&quot;,&quot;title&quot;:&quot;&quot;,&quot;orientation&quot;:&quot;0&quot;}\" data-image-title=\"17 tolosa paz 2\" data-image-description=\"\" data-image-caption=\"\" data-large-file=\"https:\/\/www.hoymercedes.com.ar\/principal\/wp-content\/uploads\/2020\/06\/17-tolosa-paz-2.jpeg\" src=\"https:\/\/www.hoymercedes.com.ar\/principal\/wp-content\/uploads\/2020\/06\/17-tolosa-paz-2.jpeg\" alt=\"\" class=\"wp-image-112263\"\/><\/figure><\/div>\n\n\n\n<p>\u201cEs un honor que una figura tan importante a nivel nacional nos est\u00e9 visitando en un pueblo que si bien va creciendo no deja de serlo. Nos genera una gran alegr\u00eda y adem\u00e1s en el d\u00eda en que tambi\u00e9n estamos llevando adelante una capacitaci\u00f3n a los vecinos de comedores y ollas populares de la zona\u201d afirm\u00f3 Juli\u00e1n Insaurgarat, referente de la zona qui\u00e9n destac\u00f3 que \u201crecibimos tambi\u00e9n una importante donaci\u00f3n, estamos muy agradecidos\u201d en relaci\u00f3n a los alimentos frescos arribados.<\/p>\n\n\n\n<p>Por su parte, Victoria Tolosa Paz,&nbsp;Titular del Consejo Nacional de Coordinaci\u00f3n de Pol\u00edticas Sociales&nbsp;sostuvo que \u201csiempre digo a esta gran intendente&nbsp;&nbsp;Juani que cada vez que vengo a Mercedes siento que es un lugar en el que se puede vivir mejor, con un gran equipo de gobierno que permanentemente est\u00e1n buscando que los vecinos y vecinas de Mercedes vivan mejor y eso se nota en cada pol\u00edtica p\u00fablica que toma Juani\u201d afirm\u00f3<\/p>\n\n\n\n<p>Victoria Tolosa Paz adem\u00e1s hab\u00eda hecho llegar a nuestra ciudad una importante cantidad de frutas para ser utilizadas en el comedor de Gowland adem\u00e1s de estar siempre acercando pol\u00edticas p\u00fablicas, como tiempo atr\u00e1s lo hizo con Unicef. Previo a la recorrida tuvo una reuni\u00f3n con el jefe comunal donde ahondaron en diversos temas de inter\u00e9s.<\/p>\n\n\n\n<p>M\u00e1s adelante coment\u00f3 que \u201cla pandemia puso de manifiesto la enorme desigualdad de la Argentina, pero tambi\u00e9n que hay una crisis mundial tremenda que tiene que tener intendentes comprometidos capaces de atender de manera alimentaria en lugares como este, esta sociedad de fomento, los clubes, los lugares que ahora dan servicios alimentarios a muchas personas y desde los vecinos, el Estado nacional y el intendente asisten para que se cubran las necesidades\u201d y afirm\u00f3 que \u201cdebemos seguir cuid\u00e1ndonos y especialmente las mujeres que est\u00e1n en el frente de batalla del coronavirus\u201d destac\u00f3 y narr\u00f3 que \u201cen Mercedes esto se nota, como en el ingreso donde ya ten\u00e9s controles exponiendo que se cuida a su poblaci\u00f3n, pero tambi\u00e9n a los bonaerenses evitando que se propague el virus. Es un orgullo acompa\u00f1ar lo que ya se viene haciendo en Mercedes\u201d<\/p>\n\n\n\n<p>Por su parte, el jefe comunal, Ustarroz afirm\u00f3 que \u201choy Victoria nos acompa\u00f1a con donaciones en alimentos y me gustar\u00eda remarcar c\u00f3mo es que lo genera que habla a las claras de la capacidad de gestionar y de dirigente que tiene, porque lo logra a trav\u00e9s de sindicatos, empresarios, de distintos sectores y contar con referente del Estado Nacional, como dec\u00eda Juli\u00e1n, es un orgullo y que muestra el acompa\u00f1amiento permanente que tenemos del presidente Alberto y del estado provincial\u201d afirm\u00f3.<\/p>\n\n\n\n<div class=\"wp-block-image\"><figure class=\"aligncenter size-large\"><img loading=\"lazy\" decoding=\"async\" width=\"800\" height=\"533\" data-attachment-id=\"112262\" data-permalink=\"https:\/\/www.hoymercedes.com.ar\/principal\/2020\/06\/17\/tolosa-paz-nuevamente-paso-por-mercedes\/17-tolosa-paz-1\/#main\" data-orig-file=\"https:\/\/www.hoymercedes.com.ar\/principal\/wp-content\/uploads\/2020\/06\/17-tolosa-paz-1.jpeg\" data-orig-size=\"800,533\" data-comments-opened=\"0\" data-image-meta=\"{&quot;aperture&quot;:&quot;0&quot;,&quot;credit&quot;:&quot;&quot;,&quot;camera&quot;:&quot;&quot;,&quot;caption&quot;:&quot;&quot;,&quot;created_timestamp&quot;:&quot;0&quot;,&quot;copyright&quot;:&quot;&quot;,&quot;focal_length&quot;:&quot;0&quot;,&quot;iso&quot;:&quot;0&quot;,&quot;shutter_speed&quot;:&quot;0&quot;,&quot;title&quot;:&quot;&quot;,&quot;orientation&quot;:&quot;0&quot;}\" data-image-title=\"17 tolosa paz 1\" data-image-description=\"\" data-image-caption=\"\" data-large-file=\"https:\/\/www.hoymercedes.com.ar\/principal\/wp-content\/uploads\/2020\/06\/17-tolosa-paz-1.jpeg\" src=\"https:\/\/www.hoymercedes.com.ar\/principal\/wp-content\/uploads\/2020\/06\/17-tolosa-paz-1.jpeg\" alt=\"\" class=\"wp-image-112262\"\/><\/figure><\/div>\n\n\n\n<p>M\u00e1s adelante destaco que \u201cve\u00edamos un poco c\u00f3mo los tiempos de pandemia va generando solidaridad y ac\u00e1 en Gowland con una olla popular que antes no exist\u00eda, pero que ve\u00edamos tambi\u00e9n la creatividad en la cocina, en la carne que surge de un proyecto que hace casi dos meses nos trajo un productor ganadero y hoy est\u00e1 llegando a los sectores populares de nuestra ciudad y los pueblos. Habla a las claras del compromiso de toda una comunidad, de trabajadores y trabajadoras que de manera incansable todos los d\u00edas tratan de ver como transitamos esta pandemia. Y es de esta forma, de manera organizada, solidarios, con honestidad, humildad y mucha vocaci\u00f3n de servicios\u201d afirm\u00f3 el jefe comunal.<\/p>\n\n\n\n<p>En la recorrida tambi\u00e9n estuvieron la secretaria de desarrollo social, Jorgelina Silva, de gobierno, Clara Zunino, Eugenia C\u00f3deda y Bautista Mansilla del equipo de Desarrollo Social, adem\u00e1s de personal de distintas \u00e1reas que son constantes articuladores de las diversas pol\u00edticas p\u00fablicas locales.<\/p>\n\n\n\n<p><strong>Agote<\/strong><\/p>\n\n\n\n<p>En la localidad de Agote tambi\u00e9n tuvieron actividades. All\u00ed en primer lugar visitaron el comedor \u201cLuminares del Mundo\u201d donde los protagonistas que lunes a lunes realizan asistencias solidarias a sus vecinos y vecinas. All\u00ed narraron y dieron detalles de lo que es cada jornada, realizaron propuestas e intercambiaron informaci\u00f3n y opini\u00f3n.<\/p>\n\n\n\n<p>Tambi\u00e9n all\u00ed, a pocas cuadras del lugar, visitaron al comedor \u201cNegrito Manual\u201d del MTE donde adem\u00e1s de exponer su realidad y acciones solidarias les mostraron el proyecto piloto realizado junto a Desarrollo Social de estufas rusas, un dise\u00f1o seguro, r\u00e1pido, econ\u00f3mico y \u00fatil para palear el invierto. Adem\u00e1s narraron que el proyecto ser\u00e1 pronto llevado a cabo en otros puntos de la ciudad a partir de la excelente experiencia vivida.<\/p>\n\n\n\n<p><strong>Proyecto<\/strong><\/p>\n\n\n\n<p>A su vez, el jefe comunal que tienen en carpeta nuevos convenios por oficializar y que la pr\u00f3xima semana posiblemente est\u00e9 viajando a Capital Federal para realizar un convenio con la cartera que Tolosa Paz conduce a trav\u00e9s del Estado Nacional.<\/p>\n\n\n\n<p>Video:<\/p>\n\n\n\n<figure class=\"wp-block-embed-youtube wp-block-embed is-type-video is-provider-youtube wp-embed-aspect-16-9 wp-has-aspect-ratio\"><div class=\"wp-block-embed__wrapper\">\n<span class=\"embed-youtube\" style=\"text-align:center; display: block;\"><iframe loading=\"lazy\" class=\"youtube-player\" width=\"1200\" height=\"675\" src=\"https:\/\/www.youtube.com\/embed\/pqk1d-6sOEc?version=3&#038;rel=1&#038;showsearch=0&#038;showinfo=1&#038;iv_load_policy=1&#038;fs=1&#038;hl=es-ES&#038;autohide=2&#038;wmode=transparent\" allowfullscreen=\"true\" style=\"border:0;\" sandbox=\"allow-scripts allow-same-origin allow-popups allow-presentation allow-popups-to-escape-sandbox\"><\/iframe><\/span>\n<\/div><\/figure>\n\n\n\n<p>fuente: Prensa Municipal<\/p>\n","protected":false},"excerpt":{"rendered":"<p>El intendente Juan Ignacio Ustarroz recibi\u00f3 a Victoria Tolosa Paz, titular del Consejo de Pol\u00edticas Sociales el Estado Nacional. Visitaron &#8230; <a title=\"Tolosa Paz nuevamente pas\u00f3 por Mercedes\" class=\"read-more\" href=\"https:\/\/www.hoymercedes.com.ar\/principal\/2020\/06\/17\/tolosa-paz-nuevamente-paso-por-mercedes\/\" aria-label=\"Leer m\u00e1s sobre Tolosa Paz nuevamente pas\u00f3 por Mercedes\">Leer m\u00e1s<\/a><\/p>\n","protected":false},"author":1,"featured_media":112262,"comment_status":"closed","ping_status":"open","sticky":false,"template":"","format":"standard","meta":{"_monsterinsights_skip_tracking":false,"_monsterinsights_sitenote_active":false,"_monsterinsights_sitenote_note":"","_monsterinsights_sitenote_category":0,"jetpack_post_was_ever_published":false,"_jetpack_newsletter_access":"","_jetpack_dont_email_post_to_subs":false,"_jetpack_newsletter_tier_id":0,"_jetpack_memberships_contains_paywalled_content":false,"_jetpack_memberships_contains_paid_content":false,"footnotes":"","jetpack_publicize_message":"","jetpack_publicize_feature_enabled":true,"jetpack_social_post_already_shared":true,"jetpack_social_options":{"image_generator_settings":{"template":"highway","default_image_id":0,"font":"","enabled":false},"version":2},"_wpas_customize_per_network":false},"categories":[30],"tags":[244,16732,424],"class_list":["post-112261","post","type-post","status-publish","format-standard","has-post-thumbnail","hentry","category-municipio","tag-municipio-2","tag-tolosa-paz","tag-ustarroz","generate-columns","tablet-grid-50","mobile-grid-100","grid-parent","grid-50"],"jetpack_publicize_connections":[],"jetpack_featured_media_url":"https:\/\/www.hoymercedes.com.ar\/principal\/wp-content\/uploads\/2020\/06\/17-tolosa-paz-1.jpeg","wps_subtitle":"Recorrida por zona rural","jetpack_sharing_enabled":true,"_links":{"self":[{"href":"https:\/\/www.hoymercedes.com.ar\/principal\/wp-json\/wp\/v2\/posts\/112261","targetHints":{"allow":["GET"]}}],"collection":[{"href":"https:\/\/www.hoymercedes.com.ar\/principal\/wp-json\/wp\/v2\/posts"}],"about":[{"href":"https:\/\/www.hoymercedes.com.ar\/principal\/wp-json\/wp\/v2\/types\/post"}],"author":[{"embeddable":true,"href":"https:\/\/www.hoymercedes.com.ar\/principal\/wp-json\/wp\/v2\/users\/1"}],"replies":[{"embeddable":true,"href":"https:\/\/www.hoymercedes.com.ar\/principal\/wp-json\/wp\/v2\/comments?post=112261"}],"version-history":[{"count":0,"href":"https:\/\/www.hoymercedes.com.ar\/principal\/wp-json\/wp\/v2\/posts\/112261\/revisions"}],"wp:featuredmedia":[{"embeddable":true,"href":"https:\/\/www.hoymercedes.com.ar\/principal\/wp-json\/wp\/v2\/media\/112262"}],"wp:attachment":[{"href":"https:\/\/www.hoymercedes.com.ar\/principal\/wp-json\/wp\/v2\/media?parent=112261"}],"wp:term":[{"taxonomy":"category","embeddable":true,"href":"https:\/\/www.hoymercedes.com.ar\/principal\/wp-json\/wp\/v2\/categories?post=112261"},{"taxonomy":"post_tag","embeddable":true,"href":"https:\/\/www.hoymercedes.com.ar\/principal\/wp-json\/wp\/v2\/tags?post=112261"}],"curies":[{"name":"wp","href":"https:\/\/api.w.org\/{rel}","templated":true}]}}