{"id":112269,"date":"2020-06-17T16:02:23","date_gmt":"2020-06-17T19:02:23","guid":{"rendered":"http:\/\/www.hoymercedes.com.ar\/principal\/?p=112269"},"modified":"2020-06-17T17:53:03","modified_gmt":"2020-06-17T20:53:03","slug":"detienen-a-miembro-de-banda-de-pescadores-de-tarjetas","status":"publish","type":"post","link":"https:\/\/www.hoymercedes.com.ar\/principal\/2020\/06\/17\/detienen-a-miembro-de-banda-de-pescadores-de-tarjetas\/","title":{"rendered":"Detienen a miembro de banda de \u201cpescadores\u201d de tarjetas"},"content":{"rendered":"\n<p>En la jornada del martes fue detenido uno de los autores de una serie de delitos de estafas ocurridos durante varios meses en el a\u00f1o 2016 en varias localidades de este Departamento Judicial y aleda\u00f1as. Se realizaron, con colaboraci\u00f3n de personal de Gendarmer\u00eda Nacional, una serie de allanamientos ordenados por el Juzgado de Garant\u00edas N\u00b0 2, a cargo del Dr. Facundo Oliva en Moreno donde se logr\u00f3 la detenci\u00f3n de un hombre de 32 a\u00f1os, oriundo de dicha localidad.<\/p>\n\n\n\n<p>La instrucci\u00f3n estuvo a cargo de la Unidad Funcional de Instrucci\u00f3n y Juicio N.\u00ba 2 del Departamento Judicial Mercedes \u2013 a cargo del Dr. Sebasti\u00e1n Villalba \u2013 que durante este tiempo llev\u00f3 a cabo exhaustivas tareas investigativas para dar con este sujeto sospechado de ser el jefe u organizador de la asociaci\u00f3n il\u00edcita que cometi\u00f3 una cuantiosa cantidad de delitos de estafas.<\/p>\n\n\n\n<p>De acuerdo a lo que pudo conocerse, el 03 de septiembre del 2016 el imputado ingres\u00f3 al cajero externo de una entidad bancaria sita en calle 27 entre 16 y 18 de la ciudad de Mercedes, y realiz\u00f3 una serie de maniobras en el sector de inserci\u00f3n de tarjetas colocando un artefacto denominado como \u201cpescador\u201d, y se retir\u00f3 del lugar. Seguidamente, otra persona ingres\u00f3 y al hacer uso del dispositivo su tarjeta de d\u00e9bito qued\u00f3 retenida. Fue entonces cuando otro hombre (resultando ser el coautor de los hechos que se encuentra detenido desde 2018)&nbsp; se acerc\u00f3 de forma amistosa y le recomend\u00f3 realizar un llamado telef\u00f3nico al n\u00famero que figuraba en la pantalla a fin de comunicar lo sucedido a la autoridad de la entidad bancaria. Para ello, le extendi\u00f3 de inmediato un tel\u00e9fono de su propiedad, fingiendo haber marcado dicho n\u00famero. Sin embargo, la v\u00edctima dialog\u00f3 con otro c\u00f3mplice del ardid que se hizo pasar por operario de la entidad bancaria, otorgando diversos datos personales y de la tarjeta. Posteriormente se retirar\u00eda con la presunta tranquilidad que a pesar de que el pl\u00e1stico no pod\u00eda retirarlo, el mismo habr\u00eda sido dado de baja.<\/p>\n\n\n\n<p>M\u00e1s tarde, otro sujeto ingres\u00f3 y extrajo la tarjeta retenida, y utilizando los datos que la v\u00edctima, sin conocer lo que ocurr\u00eda, les hab\u00eda aportado, los malvivientes efectuaron una extracci\u00f3n de dinero y una transferencia bancaria a otra cuenta.<\/p>\n\n\n\n<p>En la misma jornada, realizaron la misma maniobra delictiva en la localidad de Nueve de Julio.<\/p>\n\n\n\n<p>En tanto, con la misma modalidad, cometi\u00f3 hechos de similares caracter\u00edsticas:<\/p>\n\n\n\n<ul class=\"wp-block-list\"><li>El 03 de septiembre tambi\u00e9n actu\u00f3 en otra entidad bancaria de calle 27 entre 24 y 22 de la ciudad de Mercedes, pero en esta ocasi\u00f3n al intentar el segundo sujeto hacerse de la clave personal no logr\u00f3 su cometido. Sin embargo, realizaron posteriormente con la tarjeta compras en la localidad de Jos\u00e9 C. Paz. En la misma jornada, tambi\u00e9n llevaron a cabo el accionar delictivo en la localidad de 9 de Julio, retomando la maniobra de ofrecer el tel\u00e9fono a la v\u00edctima.<\/li><\/ul>\n\n\n\n<ul class=\"wp-block-list\"><li>El 11 de septiembre llevaron a cabo la misma modalidad en la ciudad de Carmen de Areco.<\/li><\/ul>\n\n\n\n<ul class=\"wp-block-list\"><li>De la investigaci\u00f3n surgi\u00f3 que este sujeto y dem\u00e1s integrantes de esta \u201cbanda\u201d cometieron la misma modalidad de delitos: el 03 de abril de 2016 en la localidad de Carmen de Areco, el 23 de abril en la localidad de Mercedes, el 14 de mayo de 2016 en la localidad de San Antonio de Areco, y San Andr\u00e9s de Giles, el 04 de junio de 2016 en Carmen de Areco y el&nbsp; 08 de julio de 2016 en Alberti,&nbsp; el 17 de septiembre de 2016 en San Antonio de Areco y el 22 de octubre de 2016 en Nueve de Julio.<\/li><\/ul>\n\n\n\n<ul class=\"wp-block-list\"><li>Tambi\u00e9n se supo que entre febrero y abril de 2018 utiliz\u00f3 el mismo modus operandi en al menos cuatro entidades bancarias de las localidades de Bernal, Ciudadela y San Mart\u00edn.<\/li><\/ul>\n\n\n\n<p>Por los delitos de \u201cEstafas retiradas\u201d (16 hechos) y \u201cAsociaci\u00f3n il\u00edcita agravada por haber asumido la calidad de jefe u organizador\u201d, el imputado compareci\u00f3 ante el agente fiscal en el marco la audiencia de declaraci\u00f3n en los t\u00e9rminos del art. 308 del C\u00f3digo Procesal Penal este mi\u00e9rcoles. Es de se\u00f1alar que el imputado posee antecedentes penales por hechos de similares caracter\u00edsticas.<\/p>\n\n\n\n<p>No se descarta la participaci\u00f3n de esta banda en una importante cantidad de hechos de similares caracter\u00edsticas en cuantiosos hechos ocurridos en la provincia de Buenos Aires, CABA, La Pampa y Santa Fe.<\/p>\n\n\n\n<p><strong>Dos detenidos<\/strong><\/p>\n\n\n\n<p>Vale destacar que por el delito de \u201cEstafas reiteradas\u201d (diez hechos) y \u201cAsociaci\u00f3n il\u00edcita\u201d ya en 2018 se hab\u00eda detenido a otro de los integrantes de este grupo delictivo siendo tambi\u00e9n que contaba con antecedentes penales por delitos de similares caracter\u00edsticas. Se trata de quien operaba tras la colocaci\u00f3n del dispositivo e invitaba a las v\u00edctimas a contactarse presuntamente con la entidad bancaria facilitando la comunicaci\u00f3n con otro integrante del grupo que se hac\u00eda de los datos bancarios de la v\u00edctima.<\/p>\n\n\n\n<p>Fuente: Ministerio P\u00fablico Fiscal Depto. Judicial Mercedes<\/p>\n","protected":false},"excerpt":{"rendered":"<p>En la jornada del martes fue detenido uno de los autores de una serie de delitos de estafas ocurridos durante &#8230; <a title=\"Detienen a miembro de banda de \u201cpescadores\u201d de tarjetas\" class=\"read-more\" href=\"https:\/\/www.hoymercedes.com.ar\/principal\/2020\/06\/17\/detienen-a-miembro-de-banda-de-pescadores-de-tarjetas\/\" aria-label=\"Leer m\u00e1s sobre Detienen a miembro de banda de \u201cpescadores\u201d de tarjetas\">Leer m\u00e1s<\/a><\/p>\n","protected":false},"author":1,"featured_media":112270,"comment_status":"closed","ping_status":"open","sticky":false,"template":"","format":"standard","meta":{"_monsterinsights_skip_tracking":false,"_monsterinsights_sitenote_active":false,"_monsterinsights_sitenote_note":"","_monsterinsights_sitenote_category":0,"jetpack_post_was_ever_published":false,"_jetpack_newsletter_access":"","_jetpack_dont_email_post_to_subs":false,"_jetpack_newsletter_tier_id":0,"_jetpack_memberships_contains_paywalled_content":false,"_jetpack_memberships_contains_paid_content":false,"footnotes":"","jetpack_publicize_message":"","jetpack_publicize_feature_enabled":true,"jetpack_social_post_already_shared":true,"jetpack_social_options":{"image_generator_settings":{"template":"highway","default_image_id":0,"font":"","enabled":false},"version":2},"_wpas_customize_per_network":false},"categories":[85],"tags":[16731,16730,16729,96],"class_list":["post-112269","post","type-post","status-publish","format-standard","has-post-thumbnail","hentry","category-policial","tag-delitos-informaticos","tag-pescadores","tag-phishing","tag-policial-2","generate-columns","tablet-grid-50","mobile-grid-100","grid-parent","grid-50"],"jetpack_publicize_connections":[],"jetpack_featured_media_url":"https:\/\/www.hoymercedes.com.ar\/principal\/wp-content\/uploads\/2020\/06\/17-phishing-policial.jpg","wps_subtitle":"","jetpack_sharing_enabled":true,"_links":{"self":[{"href":"https:\/\/www.hoymercedes.com.ar\/principal\/wp-json\/wp\/v2\/posts\/112269","targetHints":{"allow":["GET"]}}],"collection":[{"href":"https:\/\/www.hoymercedes.com.ar\/principal\/wp-json\/wp\/v2\/posts"}],"about":[{"href":"https:\/\/www.hoymercedes.com.ar\/principal\/wp-json\/wp\/v2\/types\/post"}],"author":[{"embeddable":true,"href":"https:\/\/www.hoymercedes.com.ar\/principal\/wp-json\/wp\/v2\/users\/1"}],"replies":[{"embeddable":true,"href":"https:\/\/www.hoymercedes.com.ar\/principal\/wp-json\/wp\/v2\/comments?post=112269"}],"version-history":[{"count":0,"href":"https:\/\/www.hoymercedes.com.ar\/principal\/wp-json\/wp\/v2\/posts\/112269\/revisions"}],"wp:featuredmedia":[{"embeddable":true,"href":"https:\/\/www.hoymercedes.com.ar\/principal\/wp-json\/wp\/v2\/media\/112270"}],"wp:attachment":[{"href":"https:\/\/www.hoymercedes.com.ar\/principal\/wp-json\/wp\/v2\/media?parent=112269"}],"wp:term":[{"taxonomy":"category","embeddable":true,"href":"https:\/\/www.hoymercedes.com.ar\/principal\/wp-json\/wp\/v2\/categories?post=112269"},{"taxonomy":"post_tag","embeddable":true,"href":"https:\/\/www.hoymercedes.com.ar\/principal\/wp-json\/wp\/v2\/tags?post=112269"}],"curies":[{"name":"wp","href":"https:\/\/api.w.org\/{rel}","templated":true}]}}