{"id":112272,"date":"2020-06-17T17:20:00","date_gmt":"2020-06-17T20:20:00","guid":{"rendered":"http:\/\/www.hoymercedes.com.ar\/principal\/?p=112272"},"modified":"2020-06-17T17:52:43","modified_gmt":"2020-06-17T20:52:43","slug":"la-biblioteca-y-el-ciie-invitan-a-concurso-sobre-belgrano","status":"publish","type":"post","link":"https:\/\/www.hoymercedes.com.ar\/principal\/2020\/06\/17\/la-biblioteca-y-el-ciie-invitan-a-concurso-sobre-belgrano\/","title":{"rendered":"La Biblioteca y el CIIE invitan a concurso sobre Belgrano"},"content":{"rendered":"\n<p>En el marco de las actividades de extensi\u00f3n cultural organizado por la Biblioteca Domingo F. Sarmiento y el Centro de Capacitaci\u00f3n, Informaci\u00f3n e Investigaci\u00f3n Educativa CIIE, hacen extensiva la invitaci\u00f3n parta participar de un concurso abierto a la comunidad educativa que homenajea a General Belgrano. <\/p>\n\n\n\n<p>\u00abLa propuesta de concurso con el que pretendemos homenajear en su a\u00f1o al General Belgrano mediante una reflexi\u00f3n sobre los ejemplos que \u00e9l nos&nbsp; brind\u00f3&nbsp;de patriotismo, esfuerzo, compromiso y nuestra postura actual ante la situaci\u00f3n de pandemia que nos toca afrontar.. Consideramos oportuno ofrecer como alternativa, ante la imposibilidad de realizar actividades presenciales\u00bb, explican desde la Biblioteca. <\/p>\n\n\n\n<p>La propuesta es para docentes de primaria, secundaria y modalidad adultos tanto de primaria y segundaria. \u00abUna actividad para acompa\u00f1ar la efem\u00e9ride y participar\u00bb, dicen desde el CIIE. Con premios para alumnos de los diferentes niveles y modalidad. <\/p>\n\n\n\n<p>Hay que resolver un mensaje oculto y cinco preguntas y enviar a cualquiera de\u00a0 los siguientes correos: c<strong>iie070<\/strong>@gmail.com ; <a href=\"mailto:biblsarmiento_mercedes@hotmail.com\">biblsarmiento_mercedes@hotmail.com<\/a> ; leonorjocampo@gmail.com. Las respuestas pueden enviarse hasta el 15 de agosto. Las respuestas deben ir acompa\u00f1adas de los datos del participante: apellido y nombre; DNI; Domicilio; tel\u00e9fono; establecimiento educativo al que concurre; nivel; y \u00absi salgo sorteado me gustar\u00eda recibir el libro: \u2026\u2026\u2026\u2026\u2026\u2026\u2026\u2026\u2026\u2026\u2026\u2026\u2026\u2026\u2026\u2026\u2026\u2026\u2026\u2026\u2026\u2026\u2026\u2026\u2026\u2026\u2026\u2026.\u00a0 ( poner el nombre del libro y\u00a0 del autor )<\/p>\n\n\n\n<p>Con todos los trabajos recibidos\u00a0 que est\u00e9n completos se realizar\u00e1 un sorteo por niveles de ense\u00f1anza. Los premios\u00a0 ser\u00e1n entregados el d\u00eda\u00a04 de septiembre\u00a0 en que la\u00a0 Biblioteca Sarmiento cumple 133 a\u00f1os en un acto conjunto entre las Comisiones del CIIE y de la Biblioteca, si las condiciones\u00a0sanitarias lo permiten.<\/p>\n\n\n\n<p>Premio para el primer \u00a0participante sorteado\u00a0 de cada nivel de ense\u00f1anza\u00a0:<br>1\u00b0 Un libro ( a elecci\u00f3n del participante)\u00a0\u00a0\u00a0\u00a0\u00a0\u00a0\u00a0\u00a0\u00a0\u00a0\u00a0\u00a0\u00a0\u00a0\u00a0\u00a0\u00a0\u00a0 <br>1 Vale de asociaci\u00f3n gratuita por un a\u00f1o a la Biblioteca Sarmiento<br>Premio \u00a0para el Segundo participante sorteado de cada nivel de ense\u00f1anza: <br>Un libro ( a elecci\u00f3n del participante)<\/p>\n\n\n\n<figure class=\"wp-block-image size-large\"><img loading=\"lazy\" decoding=\"async\" width=\"960\" height=\"720\" data-attachment-id=\"112274\" data-permalink=\"https:\/\/www.hoymercedes.com.ar\/principal\/2020\/06\/17\/la-biblioteca-y-el-ciie-invitan-a-concurso-sobre-belgrano\/17-biblio-ciie-2\/#main\" data-orig-file=\"https:\/\/www.hoymercedes.com.ar\/principal\/wp-content\/uploads\/2020\/06\/17-biblio-ciie-2.jpg\" data-orig-size=\"960,720\" data-comments-opened=\"0\" data-image-meta=\"{&quot;aperture&quot;:&quot;0&quot;,&quot;credit&quot;:&quot;&quot;,&quot;camera&quot;:&quot;&quot;,&quot;caption&quot;:&quot;&quot;,&quot;created_timestamp&quot;:&quot;0&quot;,&quot;copyright&quot;:&quot;&quot;,&quot;focal_length&quot;:&quot;0&quot;,&quot;iso&quot;:&quot;0&quot;,&quot;shutter_speed&quot;:&quot;0&quot;,&quot;title&quot;:&quot;&quot;,&quot;orientation&quot;:&quot;0&quot;}\" data-image-title=\"17 biblio ciie 2\" data-image-description=\"\" data-image-caption=\"\" data-large-file=\"https:\/\/www.hoymercedes.com.ar\/principal\/wp-content\/uploads\/2020\/06\/17-biblio-ciie-2.jpg\" src=\"https:\/\/www.hoymercedes.com.ar\/principal\/wp-content\/uploads\/2020\/06\/17-biblio-ciie-2.jpg\" alt=\"\" class=\"wp-image-112274\"\/><\/figure>\n\n\n\n<figure class=\"wp-block-image size-large\"><img loading=\"lazy\" decoding=\"async\" width=\"960\" height=\"720\" data-attachment-id=\"112275\" data-permalink=\"https:\/\/www.hoymercedes.com.ar\/principal\/2020\/06\/17\/la-biblioteca-y-el-ciie-invitan-a-concurso-sobre-belgrano\/17-biblio-ciie-3\/#main\" data-orig-file=\"https:\/\/www.hoymercedes.com.ar\/principal\/wp-content\/uploads\/2020\/06\/17-biblio-ciie-3.jpg\" data-orig-size=\"960,720\" data-comments-opened=\"0\" data-image-meta=\"{&quot;aperture&quot;:&quot;0&quot;,&quot;credit&quot;:&quot;&quot;,&quot;camera&quot;:&quot;&quot;,&quot;caption&quot;:&quot;&quot;,&quot;created_timestamp&quot;:&quot;0&quot;,&quot;copyright&quot;:&quot;&quot;,&quot;focal_length&quot;:&quot;0&quot;,&quot;iso&quot;:&quot;0&quot;,&quot;shutter_speed&quot;:&quot;0&quot;,&quot;title&quot;:&quot;&quot;,&quot;orientation&quot;:&quot;0&quot;}\" data-image-title=\"17 biblio ciie 3\" data-image-description=\"\" data-image-caption=\"\" data-large-file=\"https:\/\/www.hoymercedes.com.ar\/principal\/wp-content\/uploads\/2020\/06\/17-biblio-ciie-3.jpg\" src=\"https:\/\/www.hoymercedes.com.ar\/principal\/wp-content\/uploads\/2020\/06\/17-biblio-ciie-3.jpg\" alt=\"\" class=\"wp-image-112275\"\/><\/figure>\n","protected":false},"excerpt":{"rendered":"<p>En el marco de las actividades de extensi\u00f3n cultural organizado por la Biblioteca Domingo F. Sarmiento y el Centro de &#8230; <a title=\"La Biblioteca y el CIIE invitan a concurso sobre Belgrano\" class=\"read-more\" href=\"https:\/\/www.hoymercedes.com.ar\/principal\/2020\/06\/17\/la-biblioteca-y-el-ciie-invitan-a-concurso-sobre-belgrano\/\" aria-label=\"Leer m\u00e1s sobre La Biblioteca y el CIIE invitan a concurso sobre Belgrano\">Leer m\u00e1s<\/a><\/p>\n","protected":false},"author":1,"featured_media":112273,"comment_status":"closed","ping_status":"open","sticky":false,"template":"","format":"standard","meta":{"_monsterinsights_skip_tracking":false,"_monsterinsights_sitenote_active":false,"_monsterinsights_sitenote_note":"","_monsterinsights_sitenote_category":0,"jetpack_post_was_ever_published":false,"_jetpack_newsletter_access":"","_jetpack_dont_email_post_to_subs":false,"_jetpack_newsletter_tier_id":0,"_jetpack_memberships_contains_paywalled_content":false,"_jetpack_memberships_contains_paid_content":false,"footnotes":"","jetpack_publicize_message":"","jetpack_publicize_feature_enabled":true,"jetpack_social_post_already_shared":true,"jetpack_social_options":{"image_generator_settings":{"template":"highway","default_image_id":0,"font":"","enabled":false},"version":2},"_wpas_customize_per_network":false},"categories":[23],"tags":[3066,8815,1035,7805,47],"class_list":["post-112272","post","type-post","status-publish","format-standard","has-post-thumbnail","hentry","category-educacion","tag-biblioteca-sarmiento","tag-ciie","tag-concurso","tag-cultura","tag-educacion-2","generate-columns","tablet-grid-50","mobile-grid-100","grid-parent","grid-50"],"jetpack_publicize_connections":[],"jetpack_featured_media_url":"https:\/\/www.hoymercedes.com.ar\/principal\/wp-content\/uploads\/2020\/06\/17-biblio-ciie-1.jpg","wps_subtitle":"Para docentes y alumnos","jetpack_sharing_enabled":true,"_links":{"self":[{"href":"https:\/\/www.hoymercedes.com.ar\/principal\/wp-json\/wp\/v2\/posts\/112272","targetHints":{"allow":["GET"]}}],"collection":[{"href":"https:\/\/www.hoymercedes.com.ar\/principal\/wp-json\/wp\/v2\/posts"}],"about":[{"href":"https:\/\/www.hoymercedes.com.ar\/principal\/wp-json\/wp\/v2\/types\/post"}],"author":[{"embeddable":true,"href":"https:\/\/www.hoymercedes.com.ar\/principal\/wp-json\/wp\/v2\/users\/1"}],"replies":[{"embeddable":true,"href":"https:\/\/www.hoymercedes.com.ar\/principal\/wp-json\/wp\/v2\/comments?post=112272"}],"version-history":[{"count":0,"href":"https:\/\/www.hoymercedes.com.ar\/principal\/wp-json\/wp\/v2\/posts\/112272\/revisions"}],"wp:featuredmedia":[{"embeddable":true,"href":"https:\/\/www.hoymercedes.com.ar\/principal\/wp-json\/wp\/v2\/media\/112273"}],"wp:attachment":[{"href":"https:\/\/www.hoymercedes.com.ar\/principal\/wp-json\/wp\/v2\/media?parent=112272"}],"wp:term":[{"taxonomy":"category","embeddable":true,"href":"https:\/\/www.hoymercedes.com.ar\/principal\/wp-json\/wp\/v2\/categories?post=112272"},{"taxonomy":"post_tag","embeddable":true,"href":"https:\/\/www.hoymercedes.com.ar\/principal\/wp-json\/wp\/v2\/tags?post=112272"}],"curies":[{"name":"wp","href":"https:\/\/api.w.org\/{rel}","templated":true}]}}