{"id":112284,"date":"2020-06-17T19:21:00","date_gmt":"2020-06-17T22:21:00","guid":{"rendered":"http:\/\/www.hoymercedes.com.ar\/principal\/?p=112284"},"modified":"2020-06-17T18:50:36","modified_gmt":"2020-06-17T21:50:36","slug":"colocaron-nuevos-calefactores-en-al-primaria-n-3","status":"publish","type":"post","link":"https:\/\/www.hoymercedes.com.ar\/principal\/2020\/06\/17\/colocaron-nuevos-calefactores-en-al-primaria-n-3\/","title":{"rendered":"Colocaron nuevos calefactores en al Primaria N\u00b0 3"},"content":{"rendered":"\n<p>Sin clases presenciales en las escuelas, se aprovecha para arreglar y acondicionar para un regreso que no tiene fecha a\u00fan. En la Primaria N\u00b0 3 se instalaron los calefactores que remplazan las pantallas sacadas el a\u00f1o pasado. <\/p>\n\n\n\n<p>Estos siete nuevos calefactores se adquirieron tambi\u00e9n el a\u00f1o pasado, pero no fueron colocados en aquella oportunidad. Durante la pandemia se avanz\u00f3 en la colocaci\u00f3n y actualizaci\u00f3n de la ca\u00f1er\u00eda, y est\u00e1n a la espera de la colocaci\u00f3n del termotanque. <\/p>\n\n\n\n<figure class=\"wp-block-image size-large\"><img loading=\"lazy\" decoding=\"async\" width=\"718\" height=\"478\" data-attachment-id=\"112285\" data-permalink=\"https:\/\/www.hoymercedes.com.ar\/principal\/2020\/06\/17\/colocaron-nuevos-calefactores-en-al-primaria-n-3\/17-calefact-1\/#main\" data-orig-file=\"https:\/\/www.hoymercedes.com.ar\/principal\/wp-content\/uploads\/2020\/06\/17-calefact-1.jpg\" data-orig-size=\"718,478\" data-comments-opened=\"0\" data-image-meta=\"{&quot;aperture&quot;:&quot;0&quot;,&quot;credit&quot;:&quot;&quot;,&quot;camera&quot;:&quot;&quot;,&quot;caption&quot;:&quot;&quot;,&quot;created_timestamp&quot;:&quot;0&quot;,&quot;copyright&quot;:&quot;&quot;,&quot;focal_length&quot;:&quot;0&quot;,&quot;iso&quot;:&quot;0&quot;,&quot;shutter_speed&quot;:&quot;0&quot;,&quot;title&quot;:&quot;&quot;,&quot;orientation&quot;:&quot;0&quot;}\" data-image-title=\"17 calefact 1\" data-image-description=\"\" data-image-caption=\"\" data-large-file=\"https:\/\/www.hoymercedes.com.ar\/principal\/wp-content\/uploads\/2020\/06\/17-calefact-1.jpg\" src=\"https:\/\/www.hoymercedes.com.ar\/principal\/wp-content\/uploads\/2020\/06\/17-calefact-1.jpg\" alt=\"\" class=\"wp-image-112285\"\/><\/figure>\n","protected":false},"excerpt":{"rendered":"<p>Sin clases presenciales en las escuelas, se aprovecha para arreglar y acondicionar para un regreso que no tiene fecha a\u00fan. &#8230; <a title=\"Colocaron nuevos calefactores en al Primaria N\u00b0 3\" class=\"read-more\" href=\"https:\/\/www.hoymercedes.com.ar\/principal\/2020\/06\/17\/colocaron-nuevos-calefactores-en-al-primaria-n-3\/\" aria-label=\"Leer m\u00e1s sobre Colocaron nuevos calefactores en al Primaria N\u00b0 3\">Leer m\u00e1s<\/a><\/p>\n","protected":false},"author":1,"featured_media":112286,"comment_status":"closed","ping_status":"open","sticky":false,"template":"","format":"standard","meta":{"_monsterinsights_skip_tracking":false,"_monsterinsights_sitenote_active":false,"_monsterinsights_sitenote_note":"","_monsterinsights_sitenote_category":0,"jetpack_post_was_ever_published":false,"_jetpack_newsletter_access":"","_jetpack_dont_email_post_to_subs":false,"_jetpack_newsletter_tier_id":0,"_jetpack_memberships_contains_paywalled_content":false,"_jetpack_memberships_contains_paid_content":false,"footnotes":"","jetpack_publicize_message":"","jetpack_publicize_feature_enabled":true,"jetpack_social_post_already_shared":true,"jetpack_social_options":{"image_generator_settings":{"template":"highway","default_image_id":0,"font":"","enabled":false},"version":2},"_wpas_customize_per_network":false},"categories":[23],"tags":[1317,47],"class_list":["post-112284","post","type-post","status-publish","format-standard","has-post-thumbnail","hentry","category-educacion","tag-consejo-escolar","tag-educacion-2","generate-columns","tablet-grid-50","mobile-grid-100","grid-parent","grid-50"],"jetpack_publicize_connections":[],"jetpack_featured_media_url":"https:\/\/www.hoymercedes.com.ar\/principal\/wp-content\/uploads\/2020\/06\/17-calefact-2.jpg","wps_subtitle":"Obras en las escuelas","jetpack_sharing_enabled":true,"_links":{"self":[{"href":"https:\/\/www.hoymercedes.com.ar\/principal\/wp-json\/wp\/v2\/posts\/112284","targetHints":{"allow":["GET"]}}],"collection":[{"href":"https:\/\/www.hoymercedes.com.ar\/principal\/wp-json\/wp\/v2\/posts"}],"about":[{"href":"https:\/\/www.hoymercedes.com.ar\/principal\/wp-json\/wp\/v2\/types\/post"}],"author":[{"embeddable":true,"href":"https:\/\/www.hoymercedes.com.ar\/principal\/wp-json\/wp\/v2\/users\/1"}],"replies":[{"embeddable":true,"href":"https:\/\/www.hoymercedes.com.ar\/principal\/wp-json\/wp\/v2\/comments?post=112284"}],"version-history":[{"count":0,"href":"https:\/\/www.hoymercedes.com.ar\/principal\/wp-json\/wp\/v2\/posts\/112284\/revisions"}],"wp:featuredmedia":[{"embeddable":true,"href":"https:\/\/www.hoymercedes.com.ar\/principal\/wp-json\/wp\/v2\/media\/112286"}],"wp:attachment":[{"href":"https:\/\/www.hoymercedes.com.ar\/principal\/wp-json\/wp\/v2\/media?parent=112284"}],"wp:term":[{"taxonomy":"category","embeddable":true,"href":"https:\/\/www.hoymercedes.com.ar\/principal\/wp-json\/wp\/v2\/categories?post=112284"},{"taxonomy":"post_tag","embeddable":true,"href":"https:\/\/www.hoymercedes.com.ar\/principal\/wp-json\/wp\/v2\/tags?post=112284"}],"curies":[{"name":"wp","href":"https:\/\/api.w.org\/{rel}","templated":true}]}}