{"id":112296,"date":"2020-06-18T09:20:26","date_gmt":"2020-06-18T12:20:26","guid":{"rendered":"http:\/\/www.hoymercedes.com.ar\/principal\/?p=112296"},"modified":"2020-06-18T21:06:51","modified_gmt":"2020-06-19T00:06:51","slug":"coronavirus-lujan-alcanzo-los-97-casos-positivos","status":"publish","type":"post","link":"https:\/\/www.hoymercedes.com.ar\/principal\/2020\/06\/18\/coronavirus-lujan-alcanzo-los-97-casos-positivos\/","title":{"rendered":"Coronavirus: Luj\u00e1n alcanz\u00f3 los 97 casos positivos"},"content":{"rendered":"\n<p>Desde el inicio de los estudios por COVID-19 en el pa\u00eds, principios de marzo, la localidad de Luj\u00e1n sum\u00f3 97 positivos, de los cuales tres fueron confirmados en la ma\u00f1ana de este jueves por la Secretar\u00eda de Salud de la comuna. Se\u00a0trata de un ni\u00f1o de 11 a\u00f1os, un hombre de 40 y una mujer de 53. Todos se encuentran cumpliendo aislamiento domiciliario. Adem\u00e1s, este se descartaron 29 casos que estaban en estudio y se configuraron 50 nuevos casos sospechosos.<\/p>\n\n\n\n<p>En su informe oficial N\u00b0 93, emitido este jueves a las 7, la Secretar\u00eda de Salud de Luj\u00e1n confirm\u00f3 los tres nuevos casos positivos\u00a0para Covid-19. Se trata de un ni\u00f1o de 11 a\u00f1os, un hombre de 40 a\u00f1os y una mujer de 53 a\u00f1os. Los tres se encuentran cumpliendo aislamiento domiciliario. Con esta cifra la localidad vecinas alcanza las 97 personas que tienen, o tuvieron, la enfermedad que preocupa al mundo. De la cifra total, tres personas fallecieron, 19 fueron dados de alta y 75 se encuentran en tratamiento,\u00a0adem\u00e1s de que 696 estudios fueron descartados\u00a0y\u00a0se encuentran a la espera de los resultados de 71 casos en estudio\u00a0para coronavirus.<\/p>\n\n\n\n<p><\/p>\n","protected":false},"excerpt":{"rendered":"<p>Desde el inicio de los estudios por COVID-19 en el pa\u00eds, principios de marzo, la localidad de Luj\u00e1n sum\u00f3 97 &#8230; <a title=\"Coronavirus: Luj\u00e1n alcanz\u00f3 los 97 casos positivos\" class=\"read-more\" href=\"https:\/\/www.hoymercedes.com.ar\/principal\/2020\/06\/18\/coronavirus-lujan-alcanzo-los-97-casos-positivos\/\" aria-label=\"Leer m\u00e1s sobre Coronavirus: Luj\u00e1n alcanz\u00f3 los 97 casos positivos\">Leer m\u00e1s<\/a><\/p>\n","protected":false},"author":1,"featured_media":111593,"comment_status":"closed","ping_status":"open","sticky":false,"template":"","format":"standard","meta":{"_monsterinsights_skip_tracking":false,"_monsterinsights_sitenote_active":false,"_monsterinsights_sitenote_note":"","_monsterinsights_sitenote_category":0,"jetpack_post_was_ever_published":false,"_jetpack_newsletter_access":"","_jetpack_dont_email_post_to_subs":false,"_jetpack_newsletter_tier_id":0,"_jetpack_memberships_contains_paywalled_content":false,"_jetpack_memberships_contains_paid_content":false,"footnotes":"","jetpack_publicize_message":"","jetpack_publicize_feature_enabled":true,"jetpack_social_post_already_shared":true,"jetpack_social_options":{"image_generator_settings":{"template":"highway","default_image_id":0,"font":"","enabled":false},"version":2},"_wpas_customize_per_network":false},"categories":[9791],"tags":[16428,16175,16313,86],"class_list":["post-112296","post","type-post","status-publish","format-standard","has-post-thumbnail","hentry","category-salud","tag-casos-positivos","tag-coronavirus","tag-covid-19","tag-lujan","generate-columns","tablet-grid-50","mobile-grid-100","grid-parent","grid-50"],"jetpack_publicize_connections":[],"jetpack_featured_media_url":"https:\/\/www.hoymercedes.com.ar\/principal\/wp-content\/uploads\/2020\/06\/03-coronavirus1.jpg","wps_subtitle":"Informaci\u00f3n regional","jetpack_sharing_enabled":true,"_links":{"self":[{"href":"https:\/\/www.hoymercedes.com.ar\/principal\/wp-json\/wp\/v2\/posts\/112296","targetHints":{"allow":["GET"]}}],"collection":[{"href":"https:\/\/www.hoymercedes.com.ar\/principal\/wp-json\/wp\/v2\/posts"}],"about":[{"href":"https:\/\/www.hoymercedes.com.ar\/principal\/wp-json\/wp\/v2\/types\/post"}],"author":[{"embeddable":true,"href":"https:\/\/www.hoymercedes.com.ar\/principal\/wp-json\/wp\/v2\/users\/1"}],"replies":[{"embeddable":true,"href":"https:\/\/www.hoymercedes.com.ar\/principal\/wp-json\/wp\/v2\/comments?post=112296"}],"version-history":[{"count":0,"href":"https:\/\/www.hoymercedes.com.ar\/principal\/wp-json\/wp\/v2\/posts\/112296\/revisions"}],"wp:featuredmedia":[{"embeddable":true,"href":"https:\/\/www.hoymercedes.com.ar\/principal\/wp-json\/wp\/v2\/media\/111593"}],"wp:attachment":[{"href":"https:\/\/www.hoymercedes.com.ar\/principal\/wp-json\/wp\/v2\/media?parent=112296"}],"wp:term":[{"taxonomy":"category","embeddable":true,"href":"https:\/\/www.hoymercedes.com.ar\/principal\/wp-json\/wp\/v2\/categories?post=112296"},{"taxonomy":"post_tag","embeddable":true,"href":"https:\/\/www.hoymercedes.com.ar\/principal\/wp-json\/wp\/v2\/tags?post=112296"}],"curies":[{"name":"wp","href":"https:\/\/api.w.org\/{rel}","templated":true}]}}