{"id":112309,"date":"2020-06-18T14:01:06","date_gmt":"2020-06-18T17:01:06","guid":{"rendered":"http:\/\/www.hoymercedes.com.ar\/principal\/?p=112309"},"modified":"2020-06-18T21:10:27","modified_gmt":"2020-06-19T00:10:27","slug":"convenio-con-el-colegio-de-nutricionistas-para-un-plan-de-nutricion-municipal","status":"publish","type":"post","link":"https:\/\/www.hoymercedes.com.ar\/principal\/2020\/06\/18\/convenio-con-el-colegio-de-nutricionistas-para-un-plan-de-nutricion-municipal\/","title":{"rendered":"Convenio con el Colegio de Nutricionistas para un Plan de Nutrici\u00f3n Municipal"},"content":{"rendered":"\n<p>Fuente: Prensa Municipal &#8211; El Municipio de Mercedes firm\u00f3 con Colegio de Nutricionistas de la provincia de Buenos Aires un convenio marco de asistencia t\u00e9cnica, colaboraci\u00f3n y cooperaci\u00f3n institucional. El mismo tiene por objeto la realizaci\u00f3n de actividades de cooperaci\u00f3n y asistencia t\u00e9cnica con el fin de brindar asesoramiento y estudios t\u00e9cnicos para el mejoramiento del programa alimentario llevado adelante desde la comuna.\u00a0<\/p>\n\n\n\n<div class=\"wp-block-image\"><figure class=\"aligncenter size-large\"><img loading=\"lazy\" decoding=\"async\" width=\"800\" height=\"533\" data-attachment-id=\"112310\" data-permalink=\"https:\/\/www.hoymercedes.com.ar\/principal\/2020\/06\/18\/convenio-con-el-colegio-de-nutricionistas-para-un-plan-de-nutricion-municipal\/18-vtolosapaz-ustarroz1\/#main\" data-orig-file=\"https:\/\/www.hoymercedes.com.ar\/principal\/wp-content\/uploads\/2020\/06\/18-vtolosapaz-ustarroz1.jpg\" data-orig-size=\"800,533\" data-comments-opened=\"0\" data-image-meta=\"{&quot;aperture&quot;:&quot;0&quot;,&quot;credit&quot;:&quot;&quot;,&quot;camera&quot;:&quot;&quot;,&quot;caption&quot;:&quot;&quot;,&quot;created_timestamp&quot;:&quot;0&quot;,&quot;copyright&quot;:&quot;&quot;,&quot;focal_length&quot;:&quot;0&quot;,&quot;iso&quot;:&quot;0&quot;,&quot;shutter_speed&quot;:&quot;0&quot;,&quot;title&quot;:&quot;&quot;,&quot;orientation&quot;:&quot;0&quot;}\" data-image-title=\"18 vtolosapaz-ustarroz1\" data-image-description=\"\" data-image-caption=\"\" data-large-file=\"https:\/\/www.hoymercedes.com.ar\/principal\/wp-content\/uploads\/2020\/06\/18-vtolosapaz-ustarroz1.jpg\" src=\"https:\/\/www.hoymercedes.com.ar\/principal\/wp-content\/uploads\/2020\/06\/18-vtolosapaz-ustarroz1.jpg\" alt=\"\" class=\"wp-image-112310\"\/><\/figure><\/div>\n\n\n\n<p>El intendente Juan Ignacio Ustarroz agradeci\u00f3 el apoyo y celebr\u00f3 el nuevo convenio que \u201cpermitir\u00e1 articular saberes y acciones concretas para aquellos programas que tenemos en desarrollo, los planes alimentarios y asistencias a nuestras \u00e1reas de desarrollo social y salud, proyectar capacitaciones y planificar medidas para el cuidado de nuestra poblaci\u00f3n en momentos sumamente dif\u00edciles, de pandemia y crecimiento de necesidades\u201d<\/p>\n\n\n\n<p>Se inform\u00f3 tambi\u00e9n que permitir\u00e1 desarrollar un plan integral a trav\u00e9s del cual se procurar\u00e1 mejorar el acceso a los alimentos de la poblaci\u00f3n, disminuir la obesidad y el sobrepeso, optimizar la nutrici\u00f3n materna y fortalecer la lactancia y primera infancia, adem\u00e1s de contribuir con la implementaci\u00f3n de una alimentaci\u00f3n sustentable y sostenible desde la producci\u00f3n hasta el consumo.<\/p>\n\n\n\n<p>Adem\u00e1s, la firma, se realiza en un momento sumamente importante dado que es en \u00e9pocas en que el municipio est\u00e1 desarrollando un amplio programa de asistencia alimenticia a distintos sectores de la ciudad.<\/p>\n\n\n\n<figure class=\"wp-block-image size-large\"><img loading=\"lazy\" decoding=\"async\" width=\"800\" height=\"533\" data-attachment-id=\"112311\" data-permalink=\"https:\/\/www.hoymercedes.com.ar\/principal\/2020\/06\/18\/convenio-con-el-colegio-de-nutricionistas-para-un-plan-de-nutricion-municipal\/18-vtolosapaz-ustarroz2\/#main\" data-orig-file=\"https:\/\/www.hoymercedes.com.ar\/principal\/wp-content\/uploads\/2020\/06\/18-vtolosapaz-ustarroz2.jpg\" data-orig-size=\"800,533\" data-comments-opened=\"0\" data-image-meta=\"{&quot;aperture&quot;:&quot;0&quot;,&quot;credit&quot;:&quot;&quot;,&quot;camera&quot;:&quot;&quot;,&quot;caption&quot;:&quot;&quot;,&quot;created_timestamp&quot;:&quot;0&quot;,&quot;copyright&quot;:&quot;&quot;,&quot;focal_length&quot;:&quot;0&quot;,&quot;iso&quot;:&quot;0&quot;,&quot;shutter_speed&quot;:&quot;0&quot;,&quot;title&quot;:&quot;&quot;,&quot;orientation&quot;:&quot;0&quot;}\" data-image-title=\"18 vtolosapaz-ustarroz2\" data-image-description=\"\" data-image-caption=\"\" data-large-file=\"https:\/\/www.hoymercedes.com.ar\/principal\/wp-content\/uploads\/2020\/06\/18-vtolosapaz-ustarroz2.jpg\" src=\"https:\/\/www.hoymercedes.com.ar\/principal\/wp-content\/uploads\/2020\/06\/18-vtolosapaz-ustarroz2.jpg\" alt=\"\" class=\"wp-image-112311\"\/><\/figure>\n\n\n\n<p>Por su parte, la secretaria de Desarrollo Social, Jorgelina Silva manifest\u00f3 \u201ceste es un convenio de colaboraci\u00f3n con el Colegio de Nutricionistas de la provincia de Buenos Aires que nos acompa\u00f1ar\u00e1 en todo lo que tiene que ver con el programa alimentario municipal\u201d y puntualiz\u00f3 \u201csiempre tuvo varios ejes, uno de ellos es el institucional, el de trabajar con los merenderos y los comedores, algo que en este momento se ha profundizado\u201d.<\/p>\n\n\n\n<p>En ese sentido, Silva ahond\u00f3 \u201cla verdad que sean incrementado la cantidad de merenderos y comedores en nuestra localidad debido al plan de contingencia de la pandemia\u201d y agreg\u00f3 \u201cnuestro programa alimentario municipal tiene que ver con la entrega de alimentos secos, bolsas de verduras agroecol\u00f3gicas, como as\u00ed tambi\u00e9n el programa de carne solidaria por medio del cual, la Municipalidad de Mercedes obtiene carne a la mitad de precio, lo que nos significa un gran acompa\u00f1amiento a las familias de la ciudad que m\u00e1s lo necesitan\u201d.&nbsp;<\/p>\n\n\n\n<p>\u201cEsto es un poco articular el Estado, las entidades privadas y la comunidad para poder llegar a todos los mercedinos que hoy lo necesitan y este conveni\u00f3 es un espaldarazo a todo nuestro trabajo diario\u201d afirm\u00f3 Silva.<\/p>\n\n\n\n<p>Ver\u00f3nica Das Neves, presidenta del Colegio de Nutricionistas manifest\u00f3 \u201ccomo Colegio la idea es cooperar t\u00e9cnicamente con los distritos con una mirada integral de la problem\u00e1tica de alimentaci\u00f3n y nutrici\u00f3n\u201d y destac\u00f3 \u201cesta idea de creer y apoyar la aplicaci\u00f3n de pol\u00edticas p\u00fablicas con esta integralidad de diferentes personas para poder mejorar la alimentaci\u00f3n y por ende la salud de los ciudadanos\u201d.<\/p>\n","protected":false},"excerpt":{"rendered":"<p>Fuente: Prensa Municipal &#8211; El Municipio de Mercedes firm\u00f3 con Colegio de Nutricionistas de la provincia de Buenos Aires un &#8230; <a title=\"Convenio con el Colegio de Nutricionistas para un Plan de Nutrici\u00f3n Municipal\" class=\"read-more\" href=\"https:\/\/www.hoymercedes.com.ar\/principal\/2020\/06\/18\/convenio-con-el-colegio-de-nutricionistas-para-un-plan-de-nutricion-municipal\/\" aria-label=\"Leer m\u00e1s sobre Convenio con el Colegio de Nutricionistas para un Plan de Nutrici\u00f3n Municipal\">Leer m\u00e1s<\/a><\/p>\n","protected":false},"author":1,"featured_media":112311,"comment_status":"closed","ping_status":"open","sticky":false,"template":"","format":"standard","meta":{"_monsterinsights_skip_tracking":false,"_monsterinsights_sitenote_active":false,"_monsterinsights_sitenote_note":"","_monsterinsights_sitenote_category":0,"jetpack_post_was_ever_published":false,"_jetpack_newsletter_access":"","_jetpack_dont_email_post_to_subs":false,"_jetpack_newsletter_tier_id":0,"_jetpack_memberships_contains_paywalled_content":false,"_jetpack_memberships_contains_paid_content":false,"footnotes":"","jetpack_publicize_message":"","jetpack_publicize_feature_enabled":true,"jetpack_social_post_already_shared":true,"jetpack_social_options":{"image_generator_settings":{"template":"highway","default_image_id":0,"font":"","enabled":false},"version":2},"_wpas_customize_per_network":false},"categories":[30],"tags":[16745,9504,244],"class_list":["post-112309","post","type-post","status-publish","format-standard","has-post-thumbnail","hentry","category-municipio","tag-colegio-de-nutricionistas","tag-convenio","tag-municipio-2","generate-columns","tablet-grid-50","mobile-grid-100","grid-parent","grid-50"],"jetpack_publicize_connections":[],"jetpack_featured_media_url":"https:\/\/www.hoymercedes.com.ar\/principal\/wp-content\/uploads\/2020\/06\/18-vtolosapaz-ustarroz2.jpg","wps_subtitle":"","jetpack_sharing_enabled":true,"_links":{"self":[{"href":"https:\/\/www.hoymercedes.com.ar\/principal\/wp-json\/wp\/v2\/posts\/112309","targetHints":{"allow":["GET"]}}],"collection":[{"href":"https:\/\/www.hoymercedes.com.ar\/principal\/wp-json\/wp\/v2\/posts"}],"about":[{"href":"https:\/\/www.hoymercedes.com.ar\/principal\/wp-json\/wp\/v2\/types\/post"}],"author":[{"embeddable":true,"href":"https:\/\/www.hoymercedes.com.ar\/principal\/wp-json\/wp\/v2\/users\/1"}],"replies":[{"embeddable":true,"href":"https:\/\/www.hoymercedes.com.ar\/principal\/wp-json\/wp\/v2\/comments?post=112309"}],"version-history":[{"count":0,"href":"https:\/\/www.hoymercedes.com.ar\/principal\/wp-json\/wp\/v2\/posts\/112309\/revisions"}],"wp:featuredmedia":[{"embeddable":true,"href":"https:\/\/www.hoymercedes.com.ar\/principal\/wp-json\/wp\/v2\/media\/112311"}],"wp:attachment":[{"href":"https:\/\/www.hoymercedes.com.ar\/principal\/wp-json\/wp\/v2\/media?parent=112309"}],"wp:term":[{"taxonomy":"category","embeddable":true,"href":"https:\/\/www.hoymercedes.com.ar\/principal\/wp-json\/wp\/v2\/categories?post=112309"},{"taxonomy":"post_tag","embeddable":true,"href":"https:\/\/www.hoymercedes.com.ar\/principal\/wp-json\/wp\/v2\/tags?post=112309"}],"curies":[{"name":"wp","href":"https:\/\/api.w.org\/{rel}","templated":true}]}}