{"id":112321,"date":"2020-06-18T19:57:03","date_gmt":"2020-06-18T22:57:03","guid":{"rendered":"http:\/\/www.hoymercedes.com.ar\/principal\/?p=112321"},"modified":"2020-06-18T20:27:06","modified_gmt":"2020-06-18T23:27:06","slug":"un-aprehendido-por-homicidio-culposo","status":"publish","type":"post","link":"https:\/\/www.hoymercedes.com.ar\/principal\/2020\/06\/18\/un-aprehendido-por-homicidio-culposo\/","title":{"rendered":"Un aprehendido por Homicidio culposo"},"content":{"rendered":"\n<p>En la jornada de este jueves, en horas de la ma\u00f1ana, en una vivienda en la localidad de San Andr\u00e9s de Giles, \u00a0un joven de 22 a\u00f1os perdi\u00f3 la vida tras ser impactado por un proyectil de un arma de fuego.<\/p>\n\n\n\n<div class=\"wp-block-image\"><figure class=\"aligncenter size-large\"><img loading=\"lazy\" decoding=\"async\" width=\"696\" height=\"396\" data-attachment-id=\"112324\" data-permalink=\"https:\/\/www.hoymercedes.com.ar\/principal\/2020\/06\/18\/un-aprehendido-por-homicidio-culposo\/18-polic-giles\/#main\" data-orig-file=\"https:\/\/www.hoymercedes.com.ar\/principal\/wp-content\/uploads\/2020\/06\/18-polic-Giles.jpeg\" data-orig-size=\"696,396\" data-comments-opened=\"0\" data-image-meta=\"{&quot;aperture&quot;:&quot;0&quot;,&quot;credit&quot;:&quot;&quot;,&quot;camera&quot;:&quot;&quot;,&quot;caption&quot;:&quot;&quot;,&quot;created_timestamp&quot;:&quot;0&quot;,&quot;copyright&quot;:&quot;&quot;,&quot;focal_length&quot;:&quot;0&quot;,&quot;iso&quot;:&quot;0&quot;,&quot;shutter_speed&quot;:&quot;0&quot;,&quot;title&quot;:&quot;&quot;,&quot;orientation&quot;:&quot;0&quot;}\" data-image-title=\"18 polic Giles\" data-image-description=\"\" data-image-caption=\"\" data-large-file=\"https:\/\/www.hoymercedes.com.ar\/principal\/wp-content\/uploads\/2020\/06\/18-polic-Giles.jpeg\" src=\"https:\/\/www.hoymercedes.com.ar\/principal\/wp-content\/uploads\/2020\/06\/18-polic-Giles.jpeg\" alt=\"\" class=\"wp-image-112324\"\/><\/figure><\/div>\n\n\n\n<p>Las luctuosas circunstancias del hecho se dieron cuando uno de los sujetos que se encontraban en el lugar, el cual resulta ser personal policial y amigo cercano de quien resultara v\u00edctima, se encontraba descargando el arma reglamentaria. La misma se dispar\u00f3 accidentalmente impactando el disparo en el cr\u00e1neo lo que produjo su deceso casi de manera instant\u00e1nea.<\/p>\n\n\n\n<p>En el domicilio se encontraba la v\u00edctima, el imputado y otro sujeto que result\u00f3 testigo presencial del fatal suceso. Los presentes dieron inmediato aviso a las autoridades, solicitaron asistencia m\u00e9dica y el agente policial se puso de inmediato a disposici\u00f3n de la Justicia.<\/p>\n\n\n\n<p>Al lugar arribaron efectivos de Polic\u00eda Cient\u00edfica, agentes de la Ayudant\u00eda Fiscal de la localidad, secretarios de la Unidad Funcional de Instrucci\u00f3n N\u00ba 6 \u2013 a cargo del doctor Luis Carcagno \u2013 y la licenciada en Criminal\u00edstica perteneciente al Departamento Judicial Mercedes. Durante varias horas estuvieron trabajando en el lugar recogiendo diversos elementos de inter\u00e9s y testimonios para completar la investigaci\u00f3n sobre lo ocurrido.<\/p>\n\n\n\n<p>Se esperan ahora los resultados del an\u00e1lisis de Covid 19 para poder efectuar la autopsia correspondiente en la localidad de Jun\u00edn, seg\u00fan lo dictado por el actual protocolo.<\/p>\n\n\n\n<p>En tanto, el efectivo policial comparecer\u00e1 en la audiencia de declaraci\u00f3n en los t\u00e9rminos del art. 308 del C\u00f3digo Procesal Penal ante el agente fiscal a cargo en la jornada del pr\u00f3ximo s\u00e1bado por el delito prima facie caratulado como \u201cHomicidio culposo\u201d.<\/p>\n\n\n\n<p>Fuente: Ministerio P\u00fablico Fiscal &#8211; Depto judicial Mercedes <br>Fotograf\u00eda: Infociudad de San Andr\u00e9s de Giles. <\/p>\n","protected":false},"excerpt":{"rendered":"<p>En la jornada de este jueves, en horas de la ma\u00f1ana, en una vivienda en la localidad de San Andr\u00e9s &#8230; <a title=\"Un aprehendido por Homicidio culposo\" class=\"read-more\" href=\"https:\/\/www.hoymercedes.com.ar\/principal\/2020\/06\/18\/un-aprehendido-por-homicidio-culposo\/\" aria-label=\"Leer m\u00e1s sobre Un aprehendido por Homicidio culposo\">Leer m\u00e1s<\/a><\/p>\n","protected":false},"author":1,"featured_media":112324,"comment_status":"closed","ping_status":"open","sticky":false,"template":"","format":"standard","meta":{"_monsterinsights_skip_tracking":false,"_monsterinsights_sitenote_active":false,"_monsterinsights_sitenote_note":"","_monsterinsights_sitenote_category":0,"jetpack_post_was_ever_published":false,"_jetpack_newsletter_access":"","_jetpack_dont_email_post_to_subs":false,"_jetpack_newsletter_tier_id":0,"_jetpack_memberships_contains_paywalled_content":false,"_jetpack_memberships_contains_paid_content":false,"footnotes":"","jetpack_publicize_message":"","jetpack_publicize_feature_enabled":true,"jetpack_social_post_already_shared":true,"jetpack_social_options":{"image_generator_settings":{"template":"highway","default_image_id":0,"font":"","enabled":false},"version":2},"_wpas_customize_per_network":false},"categories":[85],"tags":[16737,96,9322,2123],"class_list":["post-112321","post","type-post","status-publish","format-standard","has-post-thumbnail","hentry","category-policial","tag-homicidio-culposo","tag-policial-2","tag-region","tag-san-andres-de-giles","generate-columns","tablet-grid-50","mobile-grid-100","grid-parent","grid-50"],"jetpack_publicize_connections":[],"jetpack_featured_media_url":"https:\/\/www.hoymercedes.com.ar\/principal\/wp-content\/uploads\/2020\/06\/18-polic-Giles.jpeg","wps_subtitle":"informaci\u00f3n regional","jetpack_sharing_enabled":true,"_links":{"self":[{"href":"https:\/\/www.hoymercedes.com.ar\/principal\/wp-json\/wp\/v2\/posts\/112321","targetHints":{"allow":["GET"]}}],"collection":[{"href":"https:\/\/www.hoymercedes.com.ar\/principal\/wp-json\/wp\/v2\/posts"}],"about":[{"href":"https:\/\/www.hoymercedes.com.ar\/principal\/wp-json\/wp\/v2\/types\/post"}],"author":[{"embeddable":true,"href":"https:\/\/www.hoymercedes.com.ar\/principal\/wp-json\/wp\/v2\/users\/1"}],"replies":[{"embeddable":true,"href":"https:\/\/www.hoymercedes.com.ar\/principal\/wp-json\/wp\/v2\/comments?post=112321"}],"version-history":[{"count":0,"href":"https:\/\/www.hoymercedes.com.ar\/principal\/wp-json\/wp\/v2\/posts\/112321\/revisions"}],"wp:featuredmedia":[{"embeddable":true,"href":"https:\/\/www.hoymercedes.com.ar\/principal\/wp-json\/wp\/v2\/media\/112324"}],"wp:attachment":[{"href":"https:\/\/www.hoymercedes.com.ar\/principal\/wp-json\/wp\/v2\/media?parent=112321"}],"wp:term":[{"taxonomy":"category","embeddable":true,"href":"https:\/\/www.hoymercedes.com.ar\/principal\/wp-json\/wp\/v2\/categories?post=112321"},{"taxonomy":"post_tag","embeddable":true,"href":"https:\/\/www.hoymercedes.com.ar\/principal\/wp-json\/wp\/v2\/tags?post=112321"}],"curies":[{"name":"wp","href":"https:\/\/api.w.org\/{rel}","templated":true}]}}