{"id":112348,"date":"2020-06-19T09:16:00","date_gmt":"2020-06-19T12:16:00","guid":{"rendered":"http:\/\/www.hoymercedes.com.ar\/principal\/?p=112348"},"modified":"2020-06-18T21:40:48","modified_gmt":"2020-06-19T00:40:48","slug":"lanzaron-plan-de-fortalecimiento-de-la-campana-de-vacunacion-antigripal","status":"publish","type":"post","link":"https:\/\/www.hoymercedes.com.ar\/principal\/2020\/06\/19\/lanzaron-plan-de-fortalecimiento-de-la-campana-de-vacunacion-antigripal\/","title":{"rendered":"Lanzaron plan de fortalecimiento de la campa\u00f1a de vacunaci\u00f3n antigripal"},"content":{"rendered":"\n<p>Fuente Prensa Municipal &#8211; El Municipio de Mercedes lanza un plan de fortalecimiento de vacunaci\u00f3n antigripal a fin de garantizar la cobertura en toda la poblaci\u00f3n. La gesti\u00f3n llevada adelante por el intendente Juan Ignacio Ustarroz junto a las instituciones sanitarias de la ciudad, con quienes se trabaja de forma conjunta y planificada, tiene como premisa fundamental que la poblaci\u00f3n m\u00e1s susceptible y de mayor edad ante el Covid 19 puede acceder a la vacuna. El anuncio se realiz\u00f3 desde el Polo sanitario G\u00fcemes, mismo que en promedio, efect\u00faa la mayor cantidad de vacunaciones en Mercedes.<\/p>\n\n\n\n<figure class=\"wp-block-image size-large is-resized\"><img loading=\"lazy\" decoding=\"async\" data-attachment-id=\"112349\" data-permalink=\"https:\/\/www.hoymercedes.com.ar\/principal\/2020\/06\/19\/lanzaron-plan-de-fortalecimiento-de-la-campana-de-vacunacion-antigripal\/18-campanab\/#main\" data-orig-file=\"https:\/\/www.hoymercedes.com.ar\/principal\/wp-content\/uploads\/2020\/06\/18-campa\u00f1ab.jpg\" data-orig-size=\"800,534\" data-comments-opened=\"0\" data-image-meta=\"{&quot;aperture&quot;:&quot;0&quot;,&quot;credit&quot;:&quot;&quot;,&quot;camera&quot;:&quot;&quot;,&quot;caption&quot;:&quot;&quot;,&quot;created_timestamp&quot;:&quot;0&quot;,&quot;copyright&quot;:&quot;&quot;,&quot;focal_length&quot;:&quot;0&quot;,&quot;iso&quot;:&quot;0&quot;,&quot;shutter_speed&quot;:&quot;0&quot;,&quot;title&quot;:&quot;&quot;,&quot;orientation&quot;:&quot;0&quot;}\" data-image-title=\"18 campa\u00f1ab\" data-image-description=\"\" data-image-caption=\"\" data-large-file=\"https:\/\/www.hoymercedes.com.ar\/principal\/wp-content\/uploads\/2020\/06\/18-campa\u00f1ab.jpg\" src=\"https:\/\/www.hoymercedes.com.ar\/principal\/wp-content\/uploads\/2020\/06\/18-campa\u00f1ab.jpg\" alt=\"\" class=\"wp-image-112349\" width=\"706\" height=\"471\"\/><\/figure>\n\n\n\n<p>El intendente Juan Ignacio Ustarroz en primera instancia felicit\u00f3 a las trabajadoras del CAPS G\u00fcemes \u201cpor el compromiso y el gran trabajo que vienen realizando en estos momentos tan dif\u00edciles de pandemia\u201d y agradeci\u00f3 especialmente al \u201cministro del Interior, Eduardo De Pedro, que hizo las gestiones necesarias y pertinentes para poder dotar a la ciudad de Mercedes de m\u00e1s vacunas\u201d.<\/p>\n\n\n\n<p>\u201cDe esta manera, y a trav\u00e9s del sistema del APS, podremos brindar m\u00e1s vacunaci\u00f3n, a por ejemplo, vecinos adultos que tienen PAMI u obras sociales, quienes estuvieron buscando la vacuna por diferentes farmacias y donde las dosis no eran las suficientes\u201d afirm\u00f3 el intendente Ustarroz e invit\u00f3 a los vecinos \u201ca acercarse a los CAPS para poder recibir esa vacuna que estuvieron buscando\u201d.&nbsp;<\/p>\n\n\n\n<p>La poblaci\u00f3n m\u00e1s expuesta a todas las infecciones respiratorias, agudas, altas y bajas son los adultos mayores, por ello, desde el sistema de salud local se realizar\u00e1 un fortalecimiento de la vacunaci\u00f3n en tal sentido \u201cEs as\u00ed como los adultos mayores podr\u00e1n asistir a los Centros de Atenci\u00f3n Primaria -son 14- a vacunarse\u201d afirm\u00f3 Ustarroz.\u00a0<\/p>\n\n\n\n<p>El intendente Juan Ignacio Ustarroz inform\u00f3 \u201cel Estado Nacional es el \u00fanico que tiene la potestad y la facultad de comprar las vacunas. Esto se hace con una proyecci\u00f3n de un a\u00f1o para otro y para este 2020 se hizo una planificaci\u00f3n sobre la base de la gesti\u00f3n anterior\u201d y aclar\u00f3 \u201cnadie hab\u00eda previsto que \u00edbamos a tener COVID-19, lo que hizo que la demanda de la vacuna creciera exponencialmente, algunos con el concepto err\u00f3neo de que estas dosis morigeran el impacto de dicha enfermedad\u201d.<\/p>\n\n\n\n<p>Es importante destacar el aumento que ha tenido la demanda de esta vacuna en la ciudad, un claro ejemplo puede encontrarse en los \u00edndices de vacunaci\u00f3n a los profesionales de la salud, donde en el 2019 se efectuaron 300 vacunaciones, mientras que durante este 2020 ya se llevan administradas m\u00e1s de 1600 dosis.<\/p>\n\n\n\n<p>Pablo Cassiani, director del hospital Blas L. Dubarry se\u00f1al\u00f3 \u201cvamos a tener un fortalecimiento de lo que es la campa\u00f1a de vacunaci\u00f3n antigripal 2020\u201d y apunt\u00f3 \u201cla comunidad se ha volcado de forma masiva a solicitar esta vacuna, en torno a lo que es la pandemia del COVID 19\u201d.<\/p>\n\n\n\n<p>\u201cSi bien no tiene relaci\u00f3n la vacunaci\u00f3n antigripal con el COVID, obviamente se entiende que la poblaci\u00f3n quiera buscar la vacuna antigripal como para poder diferenciar sus s\u00edntomas\u201d esgrimi\u00f3 Cassiani y a\u00f1adi\u00f3 \u201cnutrimos este centro de salud porque es uno de los que m\u00e1s vacuna\u201d.<\/p>\n\n\n\n<p>Asimismo, el Dr. Cassiani dijo \u201ctambi\u00e9n hemos dispuesto, descentralizar la vacunaci\u00f3n del hospital a trav\u00e9s del sistema de APS (Atenci\u00f3n Primaria en Salud) para que los vecinos no tengan que ir al hospital. Tambi\u00e9n he hablado con el presidente del Colegio de farmac\u00e9uticos para que la farmacia pueda redirigir tambi\u00e9n a todos sus pacientes a estos APS\u201d.&nbsp;&nbsp;&nbsp;&nbsp;<\/p>\n\n\n\n<p>Por su parte, Marianela Arenillas responsable del Centro Integrador Comunitario (CIC) manifest\u00f3 \u201cquiero agradecer al intendente Ustarroz y al director del hospital Pablo Cassiani por esta gesti\u00f3n, la verdad que es un recurso indispensable para APS\u201d y apunt\u00f3 \u201cla vacunaci\u00f3n en los CAPS de la ciudad de Mercedes es de 08:00 a 11:00 los adultos, para luego desinfectar el \u00e1rea y focalizarse en la poblaci\u00f3n pedi\u00e1trica\u201d.<\/p>\n\n\n\n<p>Personal del polo sanitario G\u00fcemes manifestaron a trav\u00e9s de la voz de Lucina Rastellini sus impresiones ante el trabajo que llevan todos los d\u00edas \u201cviene mucha gente, la realidad es muy dura, d\u00f3nde m\u00e1s all\u00e1 de la pandemia los vecinos est\u00e1n muy agradecidos por lo que desde este espacio se les brinda\u201d y apuntaron \u201ctenemos un horario muy amplio donde trabajan muchos profesionales, donde nosotros tratamos de hacer todo el acompa\u00f1amiento, no s\u00f3lo a nivel sanitario, sino tambi\u00e9n humano\u201d.<\/p>\n","protected":false},"excerpt":{"rendered":"<p>Fuente Prensa Municipal &#8211; El Municipio de Mercedes lanza un plan de fortalecimiento de vacunaci\u00f3n antigripal a fin de garantizar &#8230; <a title=\"Lanzaron plan de fortalecimiento de la campa\u00f1a de vacunaci\u00f3n antigripal\" class=\"read-more\" href=\"https:\/\/www.hoymercedes.com.ar\/principal\/2020\/06\/19\/lanzaron-plan-de-fortalecimiento-de-la-campana-de-vacunacion-antigripal\/\" aria-label=\"Leer m\u00e1s sobre Lanzaron plan de fortalecimiento de la campa\u00f1a de vacunaci\u00f3n antigripal\">Leer m\u00e1s<\/a><\/p>\n","protected":false},"author":1,"featured_media":112349,"comment_status":"closed","ping_status":"open","sticky":false,"template":"","format":"standard","meta":{"_monsterinsights_skip_tracking":false,"_monsterinsights_sitenote_active":false,"_monsterinsights_sitenote_note":"","_monsterinsights_sitenote_category":0,"jetpack_post_was_ever_published":false,"_jetpack_newsletter_access":"","_jetpack_dont_email_post_to_subs":false,"_jetpack_newsletter_tier_id":0,"_jetpack_memberships_contains_paywalled_content":false,"_jetpack_memberships_contains_paid_content":false,"footnotes":"","jetpack_publicize_message":"","jetpack_publicize_feature_enabled":true,"jetpack_social_post_already_shared":true,"jetpack_social_options":{"image_generator_settings":{"template":"highway","default_image_id":0,"font":"","enabled":false},"version":2},"_wpas_customize_per_network":false},"categories":[30],"tags":[7873,244,134,13011],"class_list":["post-112348","post","type-post","status-publish","format-standard","has-post-thumbnail","hentry","category-municipio","tag-campana","tag-municipio-2","tag-salud","tag-vacunacion-antigripal","generate-columns","tablet-grid-50","mobile-grid-100","grid-parent","grid-50"],"jetpack_publicize_connections":[],"jetpack_featured_media_url":"https:\/\/www.hoymercedes.com.ar\/principal\/wp-content\/uploads\/2020\/06\/18-campa\u00f1ab.jpg","wps_subtitle":"Vacunas para quienes no tienen obra social","jetpack_sharing_enabled":true,"_links":{"self":[{"href":"https:\/\/www.hoymercedes.com.ar\/principal\/wp-json\/wp\/v2\/posts\/112348","targetHints":{"allow":["GET"]}}],"collection":[{"href":"https:\/\/www.hoymercedes.com.ar\/principal\/wp-json\/wp\/v2\/posts"}],"about":[{"href":"https:\/\/www.hoymercedes.com.ar\/principal\/wp-json\/wp\/v2\/types\/post"}],"author":[{"embeddable":true,"href":"https:\/\/www.hoymercedes.com.ar\/principal\/wp-json\/wp\/v2\/users\/1"}],"replies":[{"embeddable":true,"href":"https:\/\/www.hoymercedes.com.ar\/principal\/wp-json\/wp\/v2\/comments?post=112348"}],"version-history":[{"count":0,"href":"https:\/\/www.hoymercedes.com.ar\/principal\/wp-json\/wp\/v2\/posts\/112348\/revisions"}],"wp:featuredmedia":[{"embeddable":true,"href":"https:\/\/www.hoymercedes.com.ar\/principal\/wp-json\/wp\/v2\/media\/112349"}],"wp:attachment":[{"href":"https:\/\/www.hoymercedes.com.ar\/principal\/wp-json\/wp\/v2\/media?parent=112348"}],"wp:term":[{"taxonomy":"category","embeddable":true,"href":"https:\/\/www.hoymercedes.com.ar\/principal\/wp-json\/wp\/v2\/categories?post=112348"},{"taxonomy":"post_tag","embeddable":true,"href":"https:\/\/www.hoymercedes.com.ar\/principal\/wp-json\/wp\/v2\/tags?post=112348"}],"curies":[{"name":"wp","href":"https:\/\/api.w.org\/{rel}","templated":true}]}}