{"id":112371,"date":"2020-06-19T16:48:00","date_gmt":"2020-06-19T19:48:00","guid":{"rendered":"http:\/\/www.hoymercedes.com.ar\/principal\/?p=112371"},"modified":"2020-06-19T18:49:51","modified_gmt":"2020-06-19T21:49:51","slug":"doctor-laporta-desvincula-a-la-clinica-por-ser-un-caso-sospechoso-al-momento-del-fallecimiento","status":"publish","type":"post","link":"https:\/\/www.hoymercedes.com.ar\/principal\/2020\/06\/19\/doctor-laporta-desvincula-a-la-clinica-por-ser-un-caso-sospechoso-al-momento-del-fallecimiento\/","title":{"rendered":"Doctor Laporta desvincula a la Cl\u00ednica por ser un caso sospechoso al momento del fallecimiento"},"content":{"rendered":"\n<p>Luego de conocerse la denuncia de la familia Ballesteros por no haber sido notificados del traslado del cuerpo del padre al Cementerio Municipal tras su fallecimiento, el Director Ejecutivo de la Cl\u00ednica Nueva Cruz Azul, Doctor Ra\u00fal Laporta habl\u00f3 ante los medios de comunicaci\u00f3n en busca de aclarar la situaci\u00f3n. En sus dichos, resalt\u00f3 que al ser tratado como un paciente sospechoso de COVID-19 (aunque luego se confirm\u00f3 el negativo) la entrega del cuerpo se realiz\u00f3 seg\u00fan el protocolo sanitario.<\/p>\n\n\n\n<p>\u201cLos hechos son varios a tomar en cuenta. El se\u00f1or Ballesteros ten\u00eda muchas comorbilidades , entre ellas un problema card\u00edaco serio. Son los pacientes m\u00e1s vulnerables y por eso cuando ingresan con una placa y una tomograf\u00eda bajo sospecha, m\u00e1s all\u00e1 de la insuficiencia card\u00edaca y una neumon\u00eda grave, lo tenemos que tomar como caso sospechoso. A esos pacientes se hisopan tal como dicen los protocolos de la Naci\u00f3n y de Provincia\u201d, expres\u00f3 el m\u00e9dico en los micr\u00f3fonos de FM Santa Mar\u00eda.<\/p>\n\n\n\n<p>\u201cA partir de ah\u00ed, obviamente, se genera un grado de angustia y de ansiedad y de nerviosismo de la &nbsp;familia al ver aislado a su familiar. No estamos ajenos a la evidencia de la enfermedad de su familiar. Est\u00e1n aislados y por lo tanto, no hay posibilidades de visitas, ni tiene posibilidades &nbsp;de hablar cara con el m\u00e9dico tratante. Los informes se dan v\u00eda telef\u00f3nica. Y eso genera mucha angustia\u201d, agreg\u00f3 en el programa de la radio del Arzobispado.<\/p>\n\n\n\n<p>\u201cEn segundo lugar, al ser un caso sospechoso. Hasta no tener el resultado de ser confirmado o descartado, se cataloga como sospechoso. El paciente fallece en la Cl\u00ednica, ingres\u00f3 en muy mal estado general. M\u00e1s all\u00e1 de la sospecha de neumon\u00eda grave y covid-19, con insuficiencia card\u00edaca, etc. Le avisamos telef\u00f3nicamente al familiar que hab\u00eda fallecido\u201d, agreg\u00f3 Laporta.<\/p>\n\n\n\n<p>\u201cDe ah\u00ed en adelante, se le comunica al familiar para que concurra a la Cocher\u00eda funeraria de confianza para comenzar el tr\u00e1mite de entierro del familiar. Al ser un caso sospechoso, las Cocher\u00edas no retiran el cad\u00e1ver, sino que lo retira la Municipalidad. Nos comunicamos con la Cocher\u00eda, nos comunicamos con la Municipalidad y el cad\u00e1ver fue retirado de la Cl\u00ednica por el servicio que brinda la Municipalidad, ante un \u00f3bito de un caso sospechoso. No era un caso confirmado ni descartado al momento de retirar el cad\u00e1ver de la Cl\u00ednica\u201d, destaca el m\u00e9dico responsable de la Cl\u00ednica Nueva Cruz Azul.<\/p>\n\n\n\n<p>\u201cDe ah\u00ed en adelante, la gestiones que se realizan a trav\u00e9s de la Municipalidad y de la Cocher\u00eda, la verdad es que es un desconocimiento de la instituci\u00f3n Cl\u00ednica Nueva Cruz Azul. No sabemos bien qu\u00e9 informe se da al familiar, ni qu\u00e9 tipo de entierro se le da. Si se le avisa al familiar o no. Si el familiar tiene la posibilidad de asistir al entierro o a la cremaci\u00f3n. Eso es ajeno a la instituci\u00f3n. Nosotros ese tema, no lo manejamos\u201d, marc\u00f3 el Dr. Laporta destacando la situaci\u00f3n en un contexto de pandemia en donde originalmente los pacientes sospechosos deb\u00edan ser cremado y ahora se permite el entierro.<\/p>\n\n\n\n<p>\u201cC\u00f3mo sucedieron los hechos luego, nosotros como instituci\u00f3n Cl\u00ednica Nueva Cruz Azul, no lo sabemos. Entregamos el cad\u00e1ver. Quienes tienen experiencia son las Cocher\u00edas, porque son los que preparan el cad\u00e1ver. Nosotros no tenemos absolutamente nada que ver desde que el paciente fallece en adelante. Entregamos el cad\u00e1ver a qui\u00e9n corresponda, seg\u00fan el protocolo que nos dicte la Naci\u00f3n, Provincia y el Municipio\u201d, agreg\u00f3.<\/p>\n\n\n\n<p>\u201cUna vez que lleg\u00f3 el resultado del PCR negativo, que me llega a m\u00ed. El hisopado se hizo en la Cl\u00ednica y el an\u00e1lisis en el Hospital Blas Dubarry. El martes a la tarde, nosotros tuvimos el resultado y ah\u00ed se descart\u00f3. El cad\u00e1ver fue retirado antes como sospechoso. El paciente fallece el domingo a la noche, lunes a la madrugada. A m\u00ed tambi\u00e9n me angustia la situaci\u00f3n&nbsp; de la familia. Toda la situaci\u00f3n. Desde la informaci\u00f3n del estado del paciente por tel\u00e9fono hasta que hayan enterrado a su familiar sin previo aviso o consentimiento a \u00e9l, algo que a m\u00ed como Director y a la instituci\u00f3n nos excede. Si me hubiese sucedido a m\u00ed, personalmente, tendr\u00eda la misma angustia que el Se\u00f1or Ballesteros\u201d, destac\u00f3 Laporta.<\/p>\n\n\n\n<p>\u201cPero repito, la instituci\u00f3n, una vez que hay un \u00f3bito, la Cocher\u00eda retira el cad\u00e1ver habitualmente. En esta situaci\u00f3n, una vez que se retira el cad\u00e1ver desde la Cl\u00ednica, desconozco. Yo no s\u00e9 si va a crematorio o a tierra. Nadie me informa, porque no tiene por qu\u00e9 informarme lo que har\u00e1n y yo tampoco tengo que informarle al familiar si lo llevan al Cementerio o al Crematorio. No lo manejo\u201d, repiti\u00f3 en distintas oportunidades durante la entrevista por FM Santa Mar\u00eda.<\/p>\n\n\n\n<p>Fotograf\u00eda: Archivo Hoy Mercedes<\/p>\n","protected":false},"excerpt":{"rendered":"<p>Luego de conocerse la denuncia de la familia Ballesteros por no haber sido notificados del traslado del cuerpo del padre &#8230; <a title=\"Doctor Laporta desvincula a la Cl\u00ednica por ser un caso sospechoso al momento del fallecimiento\" class=\"read-more\" href=\"https:\/\/www.hoymercedes.com.ar\/principal\/2020\/06\/19\/doctor-laporta-desvincula-a-la-clinica-por-ser-un-caso-sospechoso-al-momento-del-fallecimiento\/\" aria-label=\"Leer m\u00e1s sobre Doctor Laporta desvincula a la Cl\u00ednica por ser un caso sospechoso al momento del fallecimiento\">Leer m\u00e1s<\/a><\/p>\n","protected":false},"author":1,"featured_media":51654,"comment_status":"closed","ping_status":"open","sticky":false,"template":"","format":"standard","meta":{"_monsterinsights_skip_tracking":false,"_monsterinsights_sitenote_active":false,"_monsterinsights_sitenote_note":"","_monsterinsights_sitenote_category":0,"jetpack_post_was_ever_published":false,"_jetpack_newsletter_access":"","_jetpack_dont_email_post_to_subs":false,"_jetpack_newsletter_tier_id":0,"_jetpack_memberships_contains_paywalled_content":false,"_jetpack_memberships_contains_paid_content":false,"footnotes":"","jetpack_publicize_message":"","jetpack_publicize_feature_enabled":true,"jetpack_social_post_already_shared":true,"jetpack_social_options":{"image_generator_settings":{"template":"highway","default_image_id":0,"font":"","enabled":false},"version":2},"_wpas_customize_per_network":false},"categories":[8],"tags":[16448,7033,16752,134],"class_list":["post-112371","post","type-post","status-publish","format-standard","has-post-thumbnail","hentry","category-sociedad","tag-clinica-nueva-cruz-azul","tag-denuncia","tag-familia-ballesteros","tag-salud","generate-columns","tablet-grid-50","mobile-grid-100","grid-parent","grid-50"],"jetpack_publicize_connections":[],"jetpack_featured_media_url":"https:\/\/www.hoymercedes.com.ar\/principal\/wp-content\/uploads\/2016\/06\/24-laporta.jpg","wps_subtitle":"Tras la denuncia de la familia Ballesteros","jetpack_sharing_enabled":true,"_links":{"self":[{"href":"https:\/\/www.hoymercedes.com.ar\/principal\/wp-json\/wp\/v2\/posts\/112371","targetHints":{"allow":["GET"]}}],"collection":[{"href":"https:\/\/www.hoymercedes.com.ar\/principal\/wp-json\/wp\/v2\/posts"}],"about":[{"href":"https:\/\/www.hoymercedes.com.ar\/principal\/wp-json\/wp\/v2\/types\/post"}],"author":[{"embeddable":true,"href":"https:\/\/www.hoymercedes.com.ar\/principal\/wp-json\/wp\/v2\/users\/1"}],"replies":[{"embeddable":true,"href":"https:\/\/www.hoymercedes.com.ar\/principal\/wp-json\/wp\/v2\/comments?post=112371"}],"version-history":[{"count":0,"href":"https:\/\/www.hoymercedes.com.ar\/principal\/wp-json\/wp\/v2\/posts\/112371\/revisions"}],"wp:featuredmedia":[{"embeddable":true,"href":"https:\/\/www.hoymercedes.com.ar\/principal\/wp-json\/wp\/v2\/media\/51654"}],"wp:attachment":[{"href":"https:\/\/www.hoymercedes.com.ar\/principal\/wp-json\/wp\/v2\/media?parent=112371"}],"wp:term":[{"taxonomy":"category","embeddable":true,"href":"https:\/\/www.hoymercedes.com.ar\/principal\/wp-json\/wp\/v2\/categories?post=112371"},{"taxonomy":"post_tag","embeddable":true,"href":"https:\/\/www.hoymercedes.com.ar\/principal\/wp-json\/wp\/v2\/tags?post=112371"}],"curies":[{"name":"wp","href":"https:\/\/api.w.org\/{rel}","templated":true}]}}