{"id":112379,"date":"2020-06-19T19:26:00","date_gmt":"2020-06-19T22:26:00","guid":{"rendered":"http:\/\/www.hoymercedes.com.ar\/principal\/?p=112379"},"modified":"2020-06-19T18:42:37","modified_gmt":"2020-06-19T21:42:37","slug":"habra-un-acto-provincial-por-el-dia-de-la-bandera-con-el-gobernador-y-alumnos-de-4-ano-de-primaria","status":"publish","type":"post","link":"https:\/\/www.hoymercedes.com.ar\/principal\/2020\/06\/19\/habra-un-acto-provincial-por-el-dia-de-la-bandera-con-el-gobernador-y-alumnos-de-4-ano-de-primaria\/","title":{"rendered":"Habr\u00e1 un acto provincial por el D\u00eda de la Bandera con el Gobernador y alumnos de 4\u00b0 a\u00f1o de primaria"},"content":{"rendered":"\n<p>Este s\u00e1bado, 135 ni\u00f1os y ni\u00f1as de 4\u00b0 a\u00f1o del Nivel Primario, representar\u00e1n a cada distrito bonaerense en un acto por videoconferencia junto al gobernador de la Provincia, Axel Kicillof, para llevar adelante el acto central por el D\u00eda de la Bandera Argentina. <\/p>\n\n\n\n<hr class=\"wp-block-separator has-text-color has-background has-vivid-cyan-blue-background-color has-vivid-cyan-blue-color\"\/>\n\n\n\n<p>La Direcci\u00f3n General de Cultura y Educaci\u00f3n de la provincia de Buenos Aires anunci\u00f3 que este a\u00f1o, el acto por el D\u00eda de la Bandera Argentina en las escuelas se har\u00e1 de manera excepcional. Se realizar\u00e1 acto central con transmisi\u00f3n virtual en el que participar\u00e1n las autoridades de los 135 distritos con un alumno en nombre de todos los estudiantes bonaerenses. <\/p>\n\n\n\n<p>\u00abJunto con sus docentes, elaboramos y compartimos con la comunidad educativa un cuadernillo de actividades especiales para cuarto a\u00f1o del nivel primario. A partir de ese material, miles de ni\u00f1os y ni\u00f1as de toda la Provincia nos est\u00e1n enviando sus producciones en audio y video. All\u00ed\u00a0 nos cuentan qu\u00e9 significa la bandera y qu\u00e9 le prometer\u00e1n cuando llegue ese momento tan importante. Tambi\u00e9n est\u00e1n realizando bell\u00edsimas banderas para colgar en las puertas de sus casas\u00bb, dan cuenta desde la DGCyE. \u00a0<\/p>\n\n\n\n<p>\u00abEstos materiales se difundir\u00e1n a trav\u00e9s de nuestras redes sociales, podremos escucharlos en Radio Provincia y tambi\u00e9n los compartiremos con m\u00e1s de un centenar de radios bonaerenses, para que las voces de los ni\u00f1os y las ni\u00f1as se escuchen en todo nuestro territorio\u00bb, agregan.<\/p>\n\n\n\n<p>\u00abAdem\u00e1s, el pr\u00f3ximo s\u00e1bado, 20 de junio, a partir de las 11, realizaremos un acto por videoconferencia con la presencia del gobernador de la Provincia, Axel Kicillof. Participar\u00e1n 135 ni\u00f1os y ni\u00f1as de cuarto a\u00f1o de primaria, que fueron elegidos por sorteo para representar a su distrito y compartir con todos y todas este homenaje a la Bandera y a Manuel Belgrano, en el bicentenario de su paso a la inmortalidad. El acto ser\u00e1 transmitido en vivo por la cuenta de Youtube\u00a0Gobierno de la Provincia de Buenos Aires\u00bb, explicaron con el fin de anticipar c\u00f3mo ser\u00e1 el acto provincial. <\/p>\n\n\n\n<p>\u00abCuando pase esta pandemia y podamos volvernos a encontrar, realizaremos la promesa a la bandera en cada lugar de nuestra Provincia, para que siempre luzca, blanca y celeste, en nuestros m\u00e1stiles. Y en nuestros corazones\u00bb, resaltaron de la Direcci\u00f3n de Escuelas Bonaerenses.\u00a0<\/p>\n\n\n\n<p>En Mercedes, la transmisi\u00f3n del acto por el D\u00eda la Bandera se har\u00e1 desde el sal\u00f3n del Concejo Deliberante de Mercedes. En nombre de todos los alumnos, qui\u00e9n estar\u00e1 presente en el acto oficial ser\u00e1 Celeste Cadena Jurado del 4\u00b0 a\u00f1o de la Escuela Primaria N\u00b0 7. <\/p>\n\n\n\n<p><\/p>\n","protected":false},"excerpt":{"rendered":"<p>Este s\u00e1bado, 135 ni\u00f1os y ni\u00f1as de 4\u00b0 a\u00f1o del Nivel Primario, representar\u00e1n a cada distrito bonaerense en un acto &#8230; <a title=\"Habr\u00e1 un acto provincial por el D\u00eda de la Bandera con el Gobernador y alumnos de 4\u00b0 a\u00f1o de primaria\" class=\"read-more\" href=\"https:\/\/www.hoymercedes.com.ar\/principal\/2020\/06\/19\/habra-un-acto-provincial-por-el-dia-de-la-bandera-con-el-gobernador-y-alumnos-de-4-ano-de-primaria\/\" aria-label=\"Leer m\u00e1s sobre Habr\u00e1 un acto provincial por el D\u00eda de la Bandera con el Gobernador y alumnos de 4\u00b0 a\u00f1o de primaria\">Leer m\u00e1s<\/a><\/p>\n","protected":false},"author":1,"featured_media":112382,"comment_status":"closed","ping_status":"open","sticky":false,"template":"","format":"standard","meta":{"_monsterinsights_skip_tracking":false,"_monsterinsights_sitenote_active":false,"_monsterinsights_sitenote_note":"","_monsterinsights_sitenote_category":0,"jetpack_post_was_ever_published":false,"_jetpack_newsletter_access":"","_jetpack_dont_email_post_to_subs":false,"_jetpack_newsletter_tier_id":0,"_jetpack_memberships_contains_paywalled_content":false,"_jetpack_memberships_contains_paid_content":false,"footnotes":"","jetpack_publicize_message":"","jetpack_publicize_feature_enabled":true,"jetpack_social_post_already_shared":true,"jetpack_social_options":{"image_generator_settings":{"template":"highway","default_image_id":0,"font":"","enabled":false},"version":2},"_wpas_customize_per_network":false},"categories":[8881],"tags":[16749,16750,11350,8882,1803],"class_list":["post-112379","post","type-post","status-publish","format-standard","has-post-thumbnail","hentry","category-provincia","tag-acto-central","tag-aniversario-fallecimiento-manuel-belgrano","tag-dia-de-la-bandera","tag-gobernacion","tag-provincia","generate-columns","tablet-grid-50","mobile-grid-100","grid-parent","grid-50"],"jetpack_publicize_connections":[],"jetpack_featured_media_url":"https:\/\/www.hoymercedes.com.ar\/principal\/wp-content\/uploads\/2020\/06\/19-diadelabandera-abc-educacionpba.jpeg","wps_subtitle":"Celebraci\u00f3n especial por D\u00eda de la Bandera","jetpack_sharing_enabled":true,"_links":{"self":[{"href":"https:\/\/www.hoymercedes.com.ar\/principal\/wp-json\/wp\/v2\/posts\/112379","targetHints":{"allow":["GET"]}}],"collection":[{"href":"https:\/\/www.hoymercedes.com.ar\/principal\/wp-json\/wp\/v2\/posts"}],"about":[{"href":"https:\/\/www.hoymercedes.com.ar\/principal\/wp-json\/wp\/v2\/types\/post"}],"author":[{"embeddable":true,"href":"https:\/\/www.hoymercedes.com.ar\/principal\/wp-json\/wp\/v2\/users\/1"}],"replies":[{"embeddable":true,"href":"https:\/\/www.hoymercedes.com.ar\/principal\/wp-json\/wp\/v2\/comments?post=112379"}],"version-history":[{"count":0,"href":"https:\/\/www.hoymercedes.com.ar\/principal\/wp-json\/wp\/v2\/posts\/112379\/revisions"}],"wp:featuredmedia":[{"embeddable":true,"href":"https:\/\/www.hoymercedes.com.ar\/principal\/wp-json\/wp\/v2\/media\/112382"}],"wp:attachment":[{"href":"https:\/\/www.hoymercedes.com.ar\/principal\/wp-json\/wp\/v2\/media?parent=112379"}],"wp:term":[{"taxonomy":"category","embeddable":true,"href":"https:\/\/www.hoymercedes.com.ar\/principal\/wp-json\/wp\/v2\/categories?post=112379"},{"taxonomy":"post_tag","embeddable":true,"href":"https:\/\/www.hoymercedes.com.ar\/principal\/wp-json\/wp\/v2\/tags?post=112379"}],"curies":[{"name":"wp","href":"https:\/\/api.w.org\/{rel}","templated":true}]}}