{"id":112412,"date":"2020-06-20T12:26:10","date_gmt":"2020-06-20T15:26:10","guid":{"rendered":"http:\/\/www.hoymercedes.com.ar\/principal\/?p=112412"},"modified":"2020-06-20T12:36:58","modified_gmt":"2020-06-20T15:36:58","slug":"reabren-inscripcion-para-programa-fines-secundario","status":"publish","type":"post","link":"https:\/\/www.hoymercedes.com.ar\/principal\/2020\/06\/20\/reabren-inscripcion-para-programa-fines-secundario\/","title":{"rendered":"Reabren inscripci\u00f3n para programa FINES Secundario"},"content":{"rendered":"\n<p>Desde la Direcci\u00f3n General de Escuelas de la provincia, a trav\u00e9s de la Direcci\u00f3n de Educaci\u00f3n de J\u00f3venes, Adultos y Adultos Mayores, inform\u00f3 la reapertura de la inscripci\u00f3n FinEs 2020 del nivel Secundario. La inscripci\u00f3n es para quienes cursaron los a\u00f1os 2019, 2018, 2017 y deudores de materias, y quienes se preinscribieron en abril y mayo pasado que deber\u00e1n confirmar su inscripci\u00f3n. Las clases se retomar\u00edan en agosto pr\u00f3ximo. <\/p>\n\n\n\n<p>A trav\u00e9s de las Inspecciones Regionales y Distritales, detallan que la inscripci\u00f3n es para: <\/p>\n\n\n\n<ul class=\"wp-block-list\"><li>Estudiantes que hayan cursado FINES Secundaria (incluyendo Secundaria con oficios) durante 2019, 2018, 2017 y deudores de materias que <strong>a\u00fan no hayan realizado la inscripci\u00f3n<\/strong>. Se les solicita realizarla a partir del <strong>19 de junio<\/strong> ingresando en <a href=\"https:\/\/www.argentina.gob.ar\/educacion\/fines\" target=\"_blank\" rel=\"noopener\"><strong>https:\/\/www.argentina.gob.ar\/educacion\/fines<\/strong><\/a><strong>.<\/strong><\/li><\/ul>\n\n\n\n<ul class=\"wp-block-list\"><li><strong>Estudiantes que ya realizaron la preinscripci\u00f3n en las convocatorias del ministerio de Educaci\u00f3n de la Naci\u00f3n de los meses de abril y mayo. <\/strong>Se les solicitaingresar a <a href=\"https:\/\/www.argentina.gob.ar\/educacion\/fines\" target=\"_blank\" rel=\"noopener\"><strong>https:\/\/www.argentina.gob.ar\/educacion\/fines<\/strong><\/a><strong> <\/strong>para confirmar sus datos y cargar informaci\u00f3n complementaria.<\/li><\/ul>\n\n\n\n<p>Se informa que la fecha l\u00edmite para iniciar o ratificar la inscripci\u00f3n ante el Ministerio de Educaci\u00f3n de la Naci\u00f3n es el <strong>30 de junio de 2020<\/strong>. Las clases iniciar\u00edan durante el mes de agosto 2020.<\/p>\n\n\n\n<p>Contacto Ministerio de Educaci\u00f3n Nacional- Coordinaci\u00f3n de Educaci\u00f3n Permanente J\u00f3venes y Adultos. Tel\u00e9fono: (011) 4129-2000 (int 4013\/4048)<\/p>\n\n\n\n<p>En Mercedes pueden comunicarse a trav\u00e9s de la p\u00e1gina del facebook de  <a href=\"https:\/\/www.facebook.com\/Fines-Mercedes-Trayecto-secundario-y-deudores-de-materias-1265389476881984\/\" target=\"_blank\" rel=\"noopener\">Fines Mercedes Trayecto secundario y deudores de materias<\/a>. <\/p>\n\n\n\n<p><\/p>\n","protected":false},"excerpt":{"rendered":"<p>Desde la Direcci\u00f3n General de Escuelas de la provincia, a trav\u00e9s de la Direcci\u00f3n de Educaci\u00f3n de J\u00f3venes, Adultos y &#8230; <a title=\"Reabren inscripci\u00f3n para programa FINES Secundario\" class=\"read-more\" href=\"https:\/\/www.hoymercedes.com.ar\/principal\/2020\/06\/20\/reabren-inscripcion-para-programa-fines-secundario\/\" aria-label=\"Leer m\u00e1s sobre Reabren inscripci\u00f3n para programa FINES Secundario\">Leer m\u00e1s<\/a><\/p>\n","protected":false},"author":1,"featured_media":112413,"comment_status":"closed","ping_status":"open","sticky":false,"template":"","format":"standard","meta":{"_monsterinsights_skip_tracking":false,"_monsterinsights_sitenote_active":false,"_monsterinsights_sitenote_note":"","_monsterinsights_sitenote_category":0,"jetpack_post_was_ever_published":false,"_jetpack_newsletter_access":"","_jetpack_dont_email_post_to_subs":false,"_jetpack_newsletter_tier_id":0,"_jetpack_memberships_contains_paywalled_content":false,"_jetpack_memberships_contains_paid_content":false,"footnotes":"","jetpack_publicize_message":"","jetpack_publicize_feature_enabled":true,"jetpack_social_post_already_shared":true,"jetpack_social_options":{"image_generator_settings":{"template":"highway","default_image_id":0,"font":"","enabled":false},"version":2},"_wpas_customize_per_network":false},"categories":[23],"tags":[47,16755,16754],"class_list":["post-112412","post","type-post","status-publish","format-standard","has-post-thumbnail","hentry","category-educacion","tag-educacion-2","tag-escripcion","tag-programa-fines","generate-columns","tablet-grid-50","mobile-grid-100","grid-parent","grid-50"],"jetpack_publicize_connections":[],"jetpack_featured_media_url":"https:\/\/www.hoymercedes.com.ar\/principal\/wp-content\/uploads\/2020\/06\/20-fines-secundaria.jpg","wps_subtitle":"Educaci\u00f3n para Adultos","jetpack_sharing_enabled":true,"_links":{"self":[{"href":"https:\/\/www.hoymercedes.com.ar\/principal\/wp-json\/wp\/v2\/posts\/112412","targetHints":{"allow":["GET"]}}],"collection":[{"href":"https:\/\/www.hoymercedes.com.ar\/principal\/wp-json\/wp\/v2\/posts"}],"about":[{"href":"https:\/\/www.hoymercedes.com.ar\/principal\/wp-json\/wp\/v2\/types\/post"}],"author":[{"embeddable":true,"href":"https:\/\/www.hoymercedes.com.ar\/principal\/wp-json\/wp\/v2\/users\/1"}],"replies":[{"embeddable":true,"href":"https:\/\/www.hoymercedes.com.ar\/principal\/wp-json\/wp\/v2\/comments?post=112412"}],"version-history":[{"count":0,"href":"https:\/\/www.hoymercedes.com.ar\/principal\/wp-json\/wp\/v2\/posts\/112412\/revisions"}],"wp:featuredmedia":[{"embeddable":true,"href":"https:\/\/www.hoymercedes.com.ar\/principal\/wp-json\/wp\/v2\/media\/112413"}],"wp:attachment":[{"href":"https:\/\/www.hoymercedes.com.ar\/principal\/wp-json\/wp\/v2\/media?parent=112412"}],"wp:term":[{"taxonomy":"category","embeddable":true,"href":"https:\/\/www.hoymercedes.com.ar\/principal\/wp-json\/wp\/v2\/categories?post=112412"},{"taxonomy":"post_tag","embeddable":true,"href":"https:\/\/www.hoymercedes.com.ar\/principal\/wp-json\/wp\/v2\/tags?post=112412"}],"curies":[{"name":"wp","href":"https:\/\/api.w.org\/{rel}","templated":true}]}}