{"id":112416,"date":"2020-06-20T10:27:00","date_gmt":"2020-06-20T13:27:00","guid":{"rendered":"http:\/\/www.hoymercedes.com.ar\/principal\/?p=112416"},"modified":"2020-06-20T12:37:55","modified_gmt":"2020-06-20T15:37:55","slug":"mas-barrios-son-relevados-por-el-comite-de-crisis","status":"publish","type":"post","link":"https:\/\/www.hoymercedes.com.ar\/principal\/2020\/06\/20\/mas-barrios-son-relevados-por-el-comite-de-crisis\/","title":{"rendered":"M\u00e1s barrios son relevados por el Comit\u00e9 de Crisis"},"content":{"rendered":"\n<p>(Fuente: Prensa Municipal) Un nuevo relevamiento vecinal se llev\u00f3 a cabo en la zona de \u201cLa pampita\u201d y \u201cPuente plateado\u201d de nuestra ciudad. El comit\u00e9 de emergencia barrial es un dispositivo que permite efectuar un acercamiento a nuestros vecinos y vecinas con el objetivo de brindar asistencia socio sanitaria.<\/p>\n\n\n\n<figure class=\"wp-block-image size-large\"><img loading=\"lazy\" decoding=\"async\" width=\"800\" height=\"534\" data-attachment-id=\"112417\" data-permalink=\"https:\/\/www.hoymercedes.com.ar\/principal\/2020\/06\/20\/mas-barrios-son-relevados-por-el-comite-de-crisis\/20-comite-criss\/#main\" data-orig-file=\"https:\/\/www.hoymercedes.com.ar\/principal\/wp-content\/uploads\/2020\/06\/20-comite-criss.jpeg\" data-orig-size=\"800,534\" data-comments-opened=\"0\" data-image-meta=\"{&quot;aperture&quot;:&quot;0&quot;,&quot;credit&quot;:&quot;&quot;,&quot;camera&quot;:&quot;&quot;,&quot;caption&quot;:&quot;&quot;,&quot;created_timestamp&quot;:&quot;0&quot;,&quot;copyright&quot;:&quot;&quot;,&quot;focal_length&quot;:&quot;0&quot;,&quot;iso&quot;:&quot;0&quot;,&quot;shutter_speed&quot;:&quot;0&quot;,&quot;title&quot;:&quot;&quot;,&quot;orientation&quot;:&quot;0&quot;}\" data-image-title=\"20 comite criss\" data-image-description=\"\" data-image-caption=\"\" data-large-file=\"https:\/\/www.hoymercedes.com.ar\/principal\/wp-content\/uploads\/2020\/06\/20-comite-criss.jpeg\" src=\"https:\/\/www.hoymercedes.com.ar\/principal\/wp-content\/uploads\/2020\/06\/20-comite-criss.jpeg\" alt=\"\" class=\"wp-image-112417\"\/><\/figure>\n\n\n\n<p>\u201cEstamos consustanciando varios barrios por semana, venimos muy bien, tenemos ya un primer corte de encuesta con casi 1700 vecinos relevados\u201d afirm\u00f3 Fernando Masso durante el comit\u00e9 de crisis de la ma\u00f1ana del viernes cuando brind\u00f3 gran cantidad de datos del denominado \u201cprimer corte anal\u00edtico\u201d<\/p>\n\n\n\n<p>Finalizado el comit\u00e9 se inici\u00f3 un nuevo proceso de realizaci\u00f3n de Comit\u00e9s. La zona de \u201cLa Pampita\u201d y el \u201cPuente Plateado\u201d, fue centro de un nuevo relevamiento.<\/p>\n\n\n\n<p>\u201cEs una medida sumamente valiosa en los d\u00edas que corren. Como dice el intendente Ustarroz estar organizados y siendo solidarios es el mejor camino para prevenir y controlar el coronavirus\u201d coment\u00f3 el jefe de gabinete, Juan Pablo L\u00f3pez Baggio y destac\u00f3 que \u201cse viene realizando un trabajo muy importante, con voluntarios, referentes, trabajadores municipales, coordinadamente y siempre teniendo en cuenta acompa\u00f1ar a los mercedinos\u201d coment\u00f3.<\/p>\n\n\n\n<p>Por su parte, el jefe comunal, Dr. Juan Ignacio Ustarroz, afirm\u00f3 que \u201cestamos muy agradecidos a las familias, tienen una gran predisposici\u00f3n al recibirnos y permitirnos consustanciar este dispositivo. Tambi\u00e9n a todo este equipo de trabajo que est\u00e1 haciendo lo posible para cuidar a nuestro pueblo\u201d<\/p>\n\n\n\n<p>Los COEs son actividades de organizaci\u00f3n con eje en cada barrio permitiendo construir un panorama lo m\u00e1s claro posible sobre la realidad socio sanitaria, desde qu\u00e9 necesidades hay hasta cuales podr\u00edan eventualmente surgir. De esa manera en caso de urgencia o aparici\u00f3n de covid-19 estar preparados.<\/p>\n","protected":false},"excerpt":{"rendered":"<p>(Fuente: Prensa Municipal) Un nuevo relevamiento vecinal se llev\u00f3 a cabo en la zona de \u201cLa pampita\u201d y \u201cPuente plateado\u201d &#8230; <a title=\"M\u00e1s barrios son relevados por el Comit\u00e9 de Crisis\" class=\"read-more\" href=\"https:\/\/www.hoymercedes.com.ar\/principal\/2020\/06\/20\/mas-barrios-son-relevados-por-el-comite-de-crisis\/\" aria-label=\"Leer m\u00e1s sobre M\u00e1s barrios son relevados por el Comit\u00e9 de Crisis\">Leer m\u00e1s<\/a><\/p>\n","protected":false},"author":1,"featured_media":112417,"comment_status":"closed","ping_status":"open","sticky":false,"template":"","format":"standard","meta":{"_monsterinsights_skip_tracking":false,"_monsterinsights_sitenote_active":false,"_monsterinsights_sitenote_note":"","_monsterinsights_sitenote_category":0,"jetpack_post_was_ever_published":false,"_jetpack_newsletter_access":"","_jetpack_dont_email_post_to_subs":false,"_jetpack_newsletter_tier_id":0,"_jetpack_memberships_contains_paywalled_content":false,"_jetpack_memberships_contains_paid_content":false,"footnotes":"","jetpack_publicize_message":"","jetpack_publicize_feature_enabled":true,"jetpack_social_post_already_shared":true,"jetpack_social_options":{"image_generator_settings":{"template":"highway","default_image_id":0,"font":"","enabled":false},"version":2},"_wpas_customize_per_network":false},"categories":[30],"tags":[16345,16175,16313,16756],"class_list":["post-112416","post","type-post","status-publish","format-standard","has-post-thumbnail","hentry","category-municipio","tag-comite-de-crisis","tag-coronavirus","tag-covid-19","tag-relevamiento-en-barrios","generate-columns","tablet-grid-50","mobile-grid-100","grid-parent","grid-50"],"jetpack_publicize_connections":[],"jetpack_featured_media_url":"https:\/\/www.hoymercedes.com.ar\/principal\/wp-content\/uploads\/2020\/06\/20-comite-criss.jpeg","wps_subtitle":"Prevenci\u00f3n del Coronavirus","jetpack_sharing_enabled":true,"_links":{"self":[{"href":"https:\/\/www.hoymercedes.com.ar\/principal\/wp-json\/wp\/v2\/posts\/112416","targetHints":{"allow":["GET"]}}],"collection":[{"href":"https:\/\/www.hoymercedes.com.ar\/principal\/wp-json\/wp\/v2\/posts"}],"about":[{"href":"https:\/\/www.hoymercedes.com.ar\/principal\/wp-json\/wp\/v2\/types\/post"}],"author":[{"embeddable":true,"href":"https:\/\/www.hoymercedes.com.ar\/principal\/wp-json\/wp\/v2\/users\/1"}],"replies":[{"embeddable":true,"href":"https:\/\/www.hoymercedes.com.ar\/principal\/wp-json\/wp\/v2\/comments?post=112416"}],"version-history":[{"count":0,"href":"https:\/\/www.hoymercedes.com.ar\/principal\/wp-json\/wp\/v2\/posts\/112416\/revisions"}],"wp:featuredmedia":[{"embeddable":true,"href":"https:\/\/www.hoymercedes.com.ar\/principal\/wp-json\/wp\/v2\/media\/112417"}],"wp:attachment":[{"href":"https:\/\/www.hoymercedes.com.ar\/principal\/wp-json\/wp\/v2\/media?parent=112416"}],"wp:term":[{"taxonomy":"category","embeddable":true,"href":"https:\/\/www.hoymercedes.com.ar\/principal\/wp-json\/wp\/v2\/categories?post=112416"},{"taxonomy":"post_tag","embeddable":true,"href":"https:\/\/www.hoymercedes.com.ar\/principal\/wp-json\/wp\/v2\/tags?post=112416"}],"curies":[{"name":"wp","href":"https:\/\/api.w.org\/{rel}","templated":true}]}}