{"id":112420,"date":"2020-06-20T15:42:00","date_gmt":"2020-06-20T18:42:00","guid":{"rendered":"http:\/\/www.hoymercedes.com.ar\/principal\/?p=112420"},"modified":"2020-06-20T13:42:20","modified_gmt":"2020-06-20T16:42:20","slug":"la-problematica-ambiental-la-pandemia-del-coronavirus-y-politicas-de-estado","status":"publish","type":"post","link":"https:\/\/www.hoymercedes.com.ar\/principal\/2020\/06\/20\/la-problematica-ambiental-la-pandemia-del-coronavirus-y-politicas-de-estado\/","title":{"rendered":"La problem\u00e1tica ambiental, la pandemia del Coronavirus y pol\u00edticas de Estado"},"content":{"rendered":"\n<p>Por Cristi\u00e1n Frers* \u2013Tras el desplome de hace tres meses, y a medida que los pa\u00edses van reabriendo sus econom\u00edas, los datos demuestran un abrupto rebrote de la emisi\u00f3n de los gases efecto invernadero, un crudo recordatorio que ni los efectos de una pandemia logran poner freno al calentamiento global.<\/p>\n\n\n\n<p>A principios de abril del 2020, la emisi\u00f3n diaria de gases de combustibles f\u00f3siles era un 17% m\u00e1s baja que en el 2019: en ese momento, los gobiernos hab\u00edan establecido, el confinamiento obligatorio, la gente dejo de manejar, se apagaron las chimeneas de las f\u00e1bricas y los aviones se encontraban en tierra. Pero a mediados de junio, del corriente a\u00f1o, a medida que los pa\u00edses relajaron la cuarentena, la emisi\u00f3n de gases repunto hasta tan solo un 5% menos que el promedio del 2019. Y las emisiones en China, que representan una cuarta parte de la contaminaci\u00f3n mundial, parecen hacer regresado a sus niveles pre pand\u00e9micos.<\/p>\n\n\n\n<p>Es sorprendente la rapidez con que rebotaron las emisiones de gases, siempre se supo que cualquier disminuci\u00f3n del uso de combustibles f\u00f3siles debido al Coronavirus seria fugaz, a menos que los pa\u00edses aprovecharan el proceso de reconstrucci\u00f3n de sus econom\u00edas para sanear de manera concertada sus sistemas de energ\u00eda y transporte.<\/p>\n\n\n\n<p>Se est\u00e1 librando una batalla por la influencia entre los empresarios que quieren flexibilizar las limitaciones ambientales para favorecer la reactivaci\u00f3n econ\u00f3mica y la gente que militan por un plan de reactivaci\u00f3n enfocado en la transici\u00f3n ecol\u00f3gica o del medio ambiente.<\/p>\n\n\n\n<p>Sin duda, al Coronavirus la oportunidad se la dimos nosotros. No solo porque encontr\u00f3 la manera de reproducirse y dispersarse, sino porque generamos las condiciones ideales para su propagaci\u00f3n. Hemos desmontado, incendiado y luego construido ciudades en lugares marginales, as\u00ed como fragmentado los ecosistemas que constitu\u00edan barreras naturales. Hemos traficado animales silvestres entre continentes, generando invasiones de especies ex\u00f3ticas; eliminado los depredadores topes que mantienen la salud de los ecosistemas; contaminado mares y r\u00edos, y ocupado cada rinc\u00f3n del globo con la asistencia de tecnolog\u00eda industrial. Hemos sobrepasado todos los l\u00edmites que permiten mantener nuestra propia existencia con igualdad de condiciones para los m\u00e1s de 7700 millones de personas que somos.&nbsp;<\/p>\n\n\n\n<p>Nuestra vida sobre la Tierra no es ajena al funcionamiento de la naturaleza. Las leyes no son las que definen las legislaturas, sino las que rigen la vida natural, de la que somos parte. Es mejor empezar a prestar atenci\u00f3n a d\u00f3nde estamos parados, entender los procesos ecol\u00f3gicos, volver al sentido com\u00fan de la vida rural y de las econom\u00edas locales, si no queremos ser sorprendidos nuevamente por la aparici\u00f3n repentina de un ser que, como tantos otros, evoluciona e intenta reproducirse r\u00e1pidamente en el contexto que encuentre. En este caso, el virus que, aparentemente, salt\u00f3 de un murci\u00e9lago selv\u00e1tico a un hu\u00e9sped intermediario en un mercado, y de all\u00ed a un hombre, que poca interacci\u00f3n hubiera tenido naturalmente con esos seres nocturnos de la selva.<\/p>\n\n\n\n<p>Es hora de empezar a hablar de sustentabilidad real para que sea parte de los debates pol\u00edticos y de la toma de decisiones a futuro. El motivo es simple, nos conviene a todos. A los empresarios, a los trabajadores, a los j\u00f3venes y por sobre todas las cosas a las futuras generaciones.<\/p>\n\n\n\n<p>La elaboraci\u00f3n de una pol\u00edtica ambiental municipal satisface importantes necesidades para todos los sectores de la vida local. Ella demanda que cada sector de la comunidad haga un balance ambiental sobre el proceso hist\u00f3rico de desarrollo regional. Tambi\u00e9n exige elaborar un diagn\u00f3stico actualizado, definiendo c\u00f3mo esa realidad ambiental es afectada hoy por su entorno econ\u00f3mico, social, cultural, institucional, nacional e internacional. Cada regi\u00f3n muestra una realidad ambiental espec\u00edfica, en sus recursos naturales y potencialidades, en la diversidad y magnitud de los problemas que debe enfrentar, en las capacidades y compromisos de sus instituciones y en la poblaci\u00f3n, entre otras.<\/p>\n\n\n\n<p>Asimismo, esta pol\u00edtica obliga a cada sector de la comunidad regional a revisar sus desaf\u00edos futuros y priorizarlos, establecer plazos para su cumplimiento, definir los recursos necesarios y las responsabilidades que corresponden a cada sector ya sea este p\u00fablico, privado, acad\u00e9mico y gremialista, como tambi\u00e9n, se\u00f1ala aquellas tareas que requieren el concurso de diversos actores de la regi\u00f3n. La pol\u00edtica busca hacer ambientalmente sustentable el proceso de desarrollo, velando por el derecho a vivir en un ambiente libre de contaminaci\u00f3n, la protecci\u00f3n ambiental, la preservaci\u00f3n de la naturaleza y la conservaci\u00f3n del patrimonio ambiental. Su fin \u00faltimo, es mejorar la calidad de vida de todos los habitantes y de las generaciones futuras.<\/p>\n\n\n\n<p>*Cristi\u00e1n Frers \u2013 T\u00e9cnico Superior en Gesti\u00f3n Ambiental y T\u00e9cnico Superior en Comunicaci\u00f3n Social (Periodista).<\/p>\n","protected":false},"excerpt":{"rendered":"<p>Por Cristi\u00e1n Frers* \u2013Tras el desplome de hace tres meses, y a medida que los pa\u00edses van reabriendo sus econom\u00edas, &#8230; <a title=\"La problem\u00e1tica ambiental, la pandemia del Coronavirus y pol\u00edticas de Estado\" class=\"read-more\" href=\"https:\/\/www.hoymercedes.com.ar\/principal\/2020\/06\/20\/la-problematica-ambiental-la-pandemia-del-coronavirus-y-politicas-de-estado\/\" aria-label=\"Leer m\u00e1s sobre La problem\u00e1tica ambiental, la pandemia del Coronavirus y pol\u00edticas de Estado\">Leer m\u00e1s<\/a><\/p>\n","protected":false},"author":1,"featured_media":112421,"comment_status":"closed","ping_status":"open","sticky":false,"template":"","format":"standard","meta":{"_monsterinsights_skip_tracking":false,"_monsterinsights_sitenote_active":false,"_monsterinsights_sitenote_note":"","_monsterinsights_sitenote_category":0,"jetpack_post_was_ever_published":false,"_jetpack_newsletter_access":"","_jetpack_dont_email_post_to_subs":false,"_jetpack_newsletter_tier_id":0,"_jetpack_memberships_contains_paywalled_content":false,"_jetpack_memberships_contains_paid_content":false,"footnotes":"","jetpack_publicize_message":"","jetpack_publicize_feature_enabled":true,"jetpack_social_post_already_shared":true,"jetpack_social_options":{"image_generator_settings":{"template":"highway","default_image_id":0,"font":"","enabled":false},"version":2},"_wpas_customize_per_network":false},"categories":[1],"tags":[16175,16313,43,8748],"class_list":["post-112420","post","type-post","status-publish","format-standard","has-post-thumbnail","hentry","category-opinion","tag-coronavirus","tag-covid-19","tag-medio-ambiente","tag-opinion","generate-columns","tablet-grid-50","mobile-grid-100","grid-parent","grid-50"],"jetpack_publicize_connections":[],"jetpack_featured_media_url":"https:\/\/www.hoymercedes.com.ar\/principal\/wp-content\/uploads\/2020\/06\/20-ambiente-coronavirus.jpg","wps_subtitle":"","jetpack_sharing_enabled":true,"_links":{"self":[{"href":"https:\/\/www.hoymercedes.com.ar\/principal\/wp-json\/wp\/v2\/posts\/112420","targetHints":{"allow":["GET"]}}],"collection":[{"href":"https:\/\/www.hoymercedes.com.ar\/principal\/wp-json\/wp\/v2\/posts"}],"about":[{"href":"https:\/\/www.hoymercedes.com.ar\/principal\/wp-json\/wp\/v2\/types\/post"}],"author":[{"embeddable":true,"href":"https:\/\/www.hoymercedes.com.ar\/principal\/wp-json\/wp\/v2\/users\/1"}],"replies":[{"embeddable":true,"href":"https:\/\/www.hoymercedes.com.ar\/principal\/wp-json\/wp\/v2\/comments?post=112420"}],"version-history":[{"count":0,"href":"https:\/\/www.hoymercedes.com.ar\/principal\/wp-json\/wp\/v2\/posts\/112420\/revisions"}],"wp:featuredmedia":[{"embeddable":true,"href":"https:\/\/www.hoymercedes.com.ar\/principal\/wp-json\/wp\/v2\/media\/112421"}],"wp:attachment":[{"href":"https:\/\/www.hoymercedes.com.ar\/principal\/wp-json\/wp\/v2\/media?parent=112420"}],"wp:term":[{"taxonomy":"category","embeddable":true,"href":"https:\/\/www.hoymercedes.com.ar\/principal\/wp-json\/wp\/v2\/categories?post=112420"},{"taxonomy":"post_tag","embeddable":true,"href":"https:\/\/www.hoymercedes.com.ar\/principal\/wp-json\/wp\/v2\/tags?post=112420"}],"curies":[{"name":"wp","href":"https:\/\/api.w.org\/{rel}","templated":true}]}}