{"id":112423,"date":"2020-06-20T13:34:00","date_gmt":"2020-06-20T16:34:00","guid":{"rendered":"http:\/\/www.hoymercedes.com.ar\/principal\/?p=112423"},"modified":"2020-06-20T13:42:45","modified_gmt":"2020-06-20T16:42:45","slug":"coronavirus-lujan-supera-los-cien-casos-positivos","status":"publish","type":"post","link":"https:\/\/www.hoymercedes.com.ar\/principal\/2020\/06\/20\/coronavirus-lujan-supera-los-cien-casos-positivos\/","title":{"rendered":"Coronavirus: Luj\u00e1n supera los cien casos positivos"},"content":{"rendered":"\n<p>La Secretar\u00eda de Salud de la Municipalidad de Luj\u00e1n confirm\u00f3 en la ma\u00f1ana del s\u00e1bado, 12 nuevos casos positivos de covid-19. La vecina localidad llega a 112 pacientes que tienen o tuvieron la enfermedad que preocupa al mundo. <\/p>\n\n\n\n<p>De acuerdo al informe municipal de Luj\u00e1n, los confirmaron son personas que tienen entre 9 y 59 a\u00f1os. De ellos, nueve est\u00e1n cumpliendo aislamiento domiciliario, uno est\u00e1 internado en el Hospital Domingo Cabred, otro en el Hospital Municipal y el restante en un sanatorio privado.<\/p>\n\n\n\n<p>Uno de los casos positivos es una trabajadora municipal, que hac\u00eda m\u00e1s de 96 horas que no concurr\u00eda a su lugar de trabajo, \u00abpor lo que no se configura el \u00e1mbito laboral contacto estrecho. Pese a ello, se realizar\u00e1 una desinfecci\u00f3n en el Palacio Municipal y se analizan otras medidas preventivas\u201d, explicaron en el informe.<\/p>\n\n\n\n<p>Adem\u00e1s, se descartaron 30 casos en estudio y se configuraron 24 nuevos casos sospechosos. De los cuales, 19 est\u00e1n con aislamiento domiciliario, dos en el Hospital Nuestra Se\u00f1ora de Luj\u00e1n; dos en la Colonia Montes de Oca de la localidad de Torres y uno en un efector de salud privado fuera del Partido de Luj\u00e1n<\/p>\n\n\n\n<p>Hasta el momento, el Partido de Luj\u00e1n registra\u00a0112 casos positivos\u00a0(de los cuales tres fallecieron, 24 fueron dados de alta y 85 se encuentran en tratamiento),\u00a0753 casos descartados\u00a0y\u00a036 casos en estudio\u00a0para coronavirus.<\/p>\n\n\n\n<p>Fuente: Lujan Hoy<\/p>\n\n\n\n<p><\/p>\n","protected":false},"excerpt":{"rendered":"<p>La Secretar\u00eda de Salud de la Municipalidad de Luj\u00e1n confirm\u00f3 en la ma\u00f1ana del s\u00e1bado, 12 nuevos casos positivos de &#8230; <a title=\"Coronavirus: Luj\u00e1n supera los cien casos positivos\" class=\"read-more\" href=\"https:\/\/www.hoymercedes.com.ar\/principal\/2020\/06\/20\/coronavirus-lujan-supera-los-cien-casos-positivos\/\" aria-label=\"Leer m\u00e1s sobre Coronavirus: Luj\u00e1n supera los cien casos positivos\">Leer m\u00e1s<\/a><\/p>\n","protected":false},"author":1,"featured_media":111592,"comment_status":"closed","ping_status":"open","sticky":false,"template":"","format":"standard","meta":{"_monsterinsights_skip_tracking":false,"_monsterinsights_sitenote_active":false,"_monsterinsights_sitenote_note":"","_monsterinsights_sitenote_category":0,"jetpack_post_was_ever_published":false,"_jetpack_newsletter_access":"","_jetpack_dont_email_post_to_subs":false,"_jetpack_newsletter_tier_id":0,"_jetpack_memberships_contains_paywalled_content":false,"_jetpack_memberships_contains_paid_content":false,"footnotes":"","jetpack_publicize_message":"","jetpack_publicize_feature_enabled":true,"jetpack_social_post_already_shared":true,"jetpack_social_options":{"image_generator_settings":{"template":"highway","default_image_id":0,"font":"","enabled":false},"version":2},"_wpas_customize_per_network":false},"categories":[9791],"tags":[16428,16175,16313,86,9322],"class_list":["post-112423","post","type-post","status-publish","format-standard","has-post-thumbnail","hentry","category-salud","tag-casos-positivos","tag-coronavirus","tag-covid-19","tag-lujan","tag-region","generate-columns","tablet-grid-50","mobile-grid-100","grid-parent","grid-50"],"jetpack_publicize_connections":[],"jetpack_featured_media_url":"https:\/\/www.hoymercedes.com.ar\/principal\/wp-content\/uploads\/2020\/06\/03-coronavirus_analisis_muestras.jpg","wps_subtitle":"Informaci\u00f3n regional","jetpack_sharing_enabled":true,"_links":{"self":[{"href":"https:\/\/www.hoymercedes.com.ar\/principal\/wp-json\/wp\/v2\/posts\/112423","targetHints":{"allow":["GET"]}}],"collection":[{"href":"https:\/\/www.hoymercedes.com.ar\/principal\/wp-json\/wp\/v2\/posts"}],"about":[{"href":"https:\/\/www.hoymercedes.com.ar\/principal\/wp-json\/wp\/v2\/types\/post"}],"author":[{"embeddable":true,"href":"https:\/\/www.hoymercedes.com.ar\/principal\/wp-json\/wp\/v2\/users\/1"}],"replies":[{"embeddable":true,"href":"https:\/\/www.hoymercedes.com.ar\/principal\/wp-json\/wp\/v2\/comments?post=112423"}],"version-history":[{"count":0,"href":"https:\/\/www.hoymercedes.com.ar\/principal\/wp-json\/wp\/v2\/posts\/112423\/revisions"}],"wp:featuredmedia":[{"embeddable":true,"href":"https:\/\/www.hoymercedes.com.ar\/principal\/wp-json\/wp\/v2\/media\/111592"}],"wp:attachment":[{"href":"https:\/\/www.hoymercedes.com.ar\/principal\/wp-json\/wp\/v2\/media?parent=112423"}],"wp:term":[{"taxonomy":"category","embeddable":true,"href":"https:\/\/www.hoymercedes.com.ar\/principal\/wp-json\/wp\/v2\/categories?post=112423"},{"taxonomy":"post_tag","embeddable":true,"href":"https:\/\/www.hoymercedes.com.ar\/principal\/wp-json\/wp\/v2\/tags?post=112423"}],"curies":[{"name":"wp","href":"https:\/\/api.w.org\/{rel}","templated":true}]}}