{"id":112435,"date":"2020-06-20T18:45:00","date_gmt":"2020-06-20T21:45:00","guid":{"rendered":"http:\/\/www.hoymercedes.com.ar\/principal\/?p=112435"},"modified":"2020-06-20T19:08:26","modified_gmt":"2020-06-20T22:08:26","slug":"cadetes-del-servicio-penitenciario-juraron-fidelidad-a-la-bandera-argentina","status":"publish","type":"post","link":"https:\/\/www.hoymercedes.com.ar\/principal\/2020\/06\/20\/cadetes-del-servicio-penitenciario-juraron-fidelidad-a-la-bandera-argentina\/","title":{"rendered":"Cadetes del Servicio Penitenciario juraron fidelidad a la Bandera Argentina"},"content":{"rendered":"\n<p>166 cadetes del Servicio Penitenciario Bonaerense juraron fidelidad a la Bandera Nacional al cumplirse 200 a\u00f1os del pase a la inmortalidad del General Manuel Begrano. La ceremonia se realiz\u00f3 de manera a trav\u00e9s de la aplicaci\u00f3n Zoom y que se transmiti\u00f3 en vivo por las redes sociales. Cont\u00f3 con la presencia de los estudiantes del primer a\u00f1o de la carrera de oficiales, autoridades del Ministerio de Justicia y Derechos Humanos de la Provincia, el Jefe y Subjefe del SPB, la Plana Mayor, autoridades de la Escuela de Cadetes y el plantel docente.<\/p>\n\n\n\n<div class=\"wp-block-image\"><figure class=\"aligncenter size-large\"><img loading=\"lazy\" decoding=\"async\" width=\"800\" height=\"533\" data-attachment-id=\"112436\" data-permalink=\"https:\/\/www.hoymercedes.com.ar\/principal\/2020\/06\/20\/cadetes-del-servicio-penitenciario-juraron-fidelidad-a-la-bandera-argentina\/20-spb-jura-bander\/#main\" data-orig-file=\"https:\/\/www.hoymercedes.com.ar\/principal\/wp-content\/uploads\/2020\/06\/20-SPB-jura-bander.jpg\" data-orig-size=\"800,533\" data-comments-opened=\"0\" data-image-meta=\"{&quot;aperture&quot;:&quot;0&quot;,&quot;credit&quot;:&quot;&quot;,&quot;camera&quot;:&quot;&quot;,&quot;caption&quot;:&quot;&quot;,&quot;created_timestamp&quot;:&quot;0&quot;,&quot;copyright&quot;:&quot;&quot;,&quot;focal_length&quot;:&quot;0&quot;,&quot;iso&quot;:&quot;0&quot;,&quot;shutter_speed&quot;:&quot;0&quot;,&quot;title&quot;:&quot;&quot;,&quot;orientation&quot;:&quot;0&quot;}\" data-image-title=\"20 SPB jura bander\" data-image-description=\"\" data-image-caption=\"\" data-large-file=\"https:\/\/www.hoymercedes.com.ar\/principal\/wp-content\/uploads\/2020\/06\/20-SPB-jura-bander.jpg\" src=\"https:\/\/www.hoymercedes.com.ar\/principal\/wp-content\/uploads\/2020\/06\/20-SPB-jura-bander.jpg\" alt=\"\" class=\"wp-image-112436\"\/><\/figure><\/div>\n\n\n\n<p>Se trata de la promoci\u00f3n 66 masculina y 32 femenina, conformada por 166 cadetes oriundos de diferentes localidades de la provincia de Buenos Aires. Las 33 cadetes mujeres y los 133 varones son oriundos de La Plata,\u00a0 Magdalena, Olavarr\u00eda, Mercedes, Mar del Plata, Azul, Bol\u00edvar, Jun\u00edn, Carlos Casares, Quilmes,\u00a0 Berazategui, Guti\u00e9rrez, Ranelagh, Merlo, Castelli, Burzaco, General Alvear, Gregorio de Laferrere, Arrecifes, Malvinas Argentinas, Urdampilleta, Dolores, Pirovano, Laprida y Salto. Entre los aspirantes a oficiales penitenciarios tambi\u00e9n hay seis cadetes que son becados de otras provincias: dos de Tierra del Fuego, dos de R\u00edo Negro\u00a0 y dos de Tucum\u00e1n.<\/p>\n\n\n\n<p>Durante el hist\u00f3rico acto se efectu\u00f3 el izamiento de la Bandera Nacional, se cant\u00f3 el Himno Nacional con el acompa\u00f1amiento virtual de la Banda de M\u00fasica del SPB y el Capell\u00e1n de la Escuela\u00a0 Padre Jos\u00e9 Luis Segovia ofici\u00f3 una bendici\u00f3n y una oraci\u00f3n en acci\u00f3n de gracias.<br>El director de la Escuela de Cadetes, Antonio Mogica, fue el encargado de tomar el juramento de fidelidad a los estudiantes. Mientras que la docente Nadia S\u00e1nchez fue la encargada de referirse al pr\u00f3cer Manuel Belgrano y el Jefe del SPB, Xavier Areses cerr\u00f3 la ceremonia con unas palabras alusivas.<\/p>\n\n\n\n<p>Areses transmiti\u00f3 a los cadetes el saludo y las felicitaciones del Ministro de Justicia y Derechos Humanos, Julio Alak y les dijo: \u00abCuando les toque conducir, lleven esta Instituci\u00f3n al lugar en que tiene que estar, desarroll\u00e1ndose con liderazgo, con iniciativa, con creatividad y con un sentido humanitario, horizonte que nunca debemos perder, y que cuando llegue ese momento y en cada circunstancia dif\u00edcil que ustedes deban asumir no se olviden de este d\u00eda y del compromiso que han asumido\u201d. <\/p>\n\n\n\n<p>Finalmente con el acompa\u00f1amiento de la Banda de M\u00fasica del SPB se entonaron las estrofas de la marcha Mi Bandera.<\/p>\n","protected":false},"excerpt":{"rendered":"<p>166 cadetes del Servicio Penitenciario Bonaerense juraron fidelidad a la Bandera Nacional al cumplirse 200 a\u00f1os del pase a la &#8230; <a title=\"Cadetes del Servicio Penitenciario juraron fidelidad a la Bandera Argentina\" class=\"read-more\" href=\"https:\/\/www.hoymercedes.com.ar\/principal\/2020\/06\/20\/cadetes-del-servicio-penitenciario-juraron-fidelidad-a-la-bandera-argentina\/\" aria-label=\"Leer m\u00e1s sobre Cadetes del Servicio Penitenciario juraron fidelidad a la Bandera Argentina\">Leer m\u00e1s<\/a><\/p>\n","protected":false},"author":1,"featured_media":112436,"comment_status":"closed","ping_status":"open","sticky":false,"template":"","format":"standard","meta":{"_monsterinsights_skip_tracking":false,"_monsterinsights_sitenote_active":false,"_monsterinsights_sitenote_note":"","_monsterinsights_sitenote_category":0,"jetpack_post_was_ever_published":false,"_jetpack_newsletter_access":"","_jetpack_dont_email_post_to_subs":false,"_jetpack_newsletter_tier_id":0,"_jetpack_memberships_contains_paywalled_content":false,"_jetpack_memberships_contains_paid_content":false,"footnotes":"","jetpack_publicize_message":"","jetpack_publicize_feature_enabled":true,"jetpack_social_post_already_shared":true,"jetpack_social_options":{"image_generator_settings":{"template":"highway","default_image_id":0,"font":"","enabled":false},"version":2},"_wpas_customize_per_network":false},"categories":[8],"tags":[5459,8401],"class_list":["post-112435","post","type-post","status-publish","format-standard","has-post-thumbnail","hentry","category-sociedad","tag-jura-a-la-bandera","tag-servicio-penitenciario-bonaerense","generate-columns","tablet-grid-50","mobile-grid-100","grid-parent","grid-50"],"jetpack_publicize_connections":[],"jetpack_featured_media_url":"https:\/\/www.hoymercedes.com.ar\/principal\/wp-content\/uploads\/2020\/06\/20-SPB-jura-bander.jpg","wps_subtitle":"En una ceremonia virtual","jetpack_sharing_enabled":true,"_links":{"self":[{"href":"https:\/\/www.hoymercedes.com.ar\/principal\/wp-json\/wp\/v2\/posts\/112435","targetHints":{"allow":["GET"]}}],"collection":[{"href":"https:\/\/www.hoymercedes.com.ar\/principal\/wp-json\/wp\/v2\/posts"}],"about":[{"href":"https:\/\/www.hoymercedes.com.ar\/principal\/wp-json\/wp\/v2\/types\/post"}],"author":[{"embeddable":true,"href":"https:\/\/www.hoymercedes.com.ar\/principal\/wp-json\/wp\/v2\/users\/1"}],"replies":[{"embeddable":true,"href":"https:\/\/www.hoymercedes.com.ar\/principal\/wp-json\/wp\/v2\/comments?post=112435"}],"version-history":[{"count":0,"href":"https:\/\/www.hoymercedes.com.ar\/principal\/wp-json\/wp\/v2\/posts\/112435\/revisions"}],"wp:featuredmedia":[{"embeddable":true,"href":"https:\/\/www.hoymercedes.com.ar\/principal\/wp-json\/wp\/v2\/media\/112436"}],"wp:attachment":[{"href":"https:\/\/www.hoymercedes.com.ar\/principal\/wp-json\/wp\/v2\/media?parent=112435"}],"wp:term":[{"taxonomy":"category","embeddable":true,"href":"https:\/\/www.hoymercedes.com.ar\/principal\/wp-json\/wp\/v2\/categories?post=112435"},{"taxonomy":"post_tag","embeddable":true,"href":"https:\/\/www.hoymercedes.com.ar\/principal\/wp-json\/wp\/v2\/tags?post=112435"}],"curies":[{"name":"wp","href":"https:\/\/api.w.org\/{rel}","templated":true}]}}