{"id":112450,"date":"2020-06-20T20:08:47","date_gmt":"2020-06-20T23:08:47","guid":{"rendered":"http:\/\/www.hoymercedes.com.ar\/principal\/?p=112450"},"modified":"2020-06-20T20:16:25","modified_gmt":"2020-06-20T23:16:25","slug":"coronavirus-confirmaron-un-positivo-que-esta-aislado-en-mercedes","status":"publish","type":"post","link":"https:\/\/www.hoymercedes.com.ar\/principal\/2020\/06\/20\/coronavirus-confirmaron-un-positivo-que-esta-aislado-en-mercedes\/","title":{"rendered":"Coronavirus: Confirmaron un positivo que est\u00e1 aislado en Mercedes"},"content":{"rendered":"\n<p>En la tarde de este s\u00e1bado, la comunicaci\u00f3n oficial en materia de informe sobre casos de covid-19, da cuenta de un caso positivo. \u00abSe trata de una trabajadora del servicio penitenciario de San Mart\u00edn, que vive en nuestra ciudad, pero que fue hisopada en dicha localidad. La paciente se encuentra en buen estado de salud, sin s\u00edntomas, y sus contactos estrechos ya han sido identificados y aislados\u00bb. Trascendi\u00f3 que se encuentra en su domicilio, sin necesidad de atenci\u00f3n m\u00e9dica permanente. <\/p>\n\n\n\n<div class=\"wp-block-image\"><figure class=\"aligncenter size-large\"><img loading=\"lazy\" decoding=\"async\" width=\"900\" height=\"900\" data-attachment-id=\"112452\" data-permalink=\"https:\/\/www.hoymercedes.com.ar\/principal\/2020\/06\/20\/coronavirus-confirmaron-un-positivo-que-esta-aislado-en-mercedes\/whatsapp-image-2020-06-20-at-19-55-25\/#main\" data-orig-file=\"https:\/\/www.hoymercedes.com.ar\/principal\/wp-content\/uploads\/2020\/06\/WhatsApp-Image-2020-06-20-at-19.55.25.jpeg\" data-orig-size=\"900,900\" data-comments-opened=\"0\" data-image-meta=\"{&quot;aperture&quot;:&quot;0&quot;,&quot;credit&quot;:&quot;&quot;,&quot;camera&quot;:&quot;&quot;,&quot;caption&quot;:&quot;&quot;,&quot;created_timestamp&quot;:&quot;0&quot;,&quot;copyright&quot;:&quot;&quot;,&quot;focal_length&quot;:&quot;0&quot;,&quot;iso&quot;:&quot;0&quot;,&quot;shutter_speed&quot;:&quot;0&quot;,&quot;title&quot;:&quot;&quot;,&quot;orientation&quot;:&quot;0&quot;}\" data-image-title=\"WhatsApp-Image-2020-06-20-at-19.55.25\" data-image-description=\"\" data-image-caption=\"\" data-large-file=\"https:\/\/www.hoymercedes.com.ar\/principal\/wp-content\/uploads\/2020\/06\/WhatsApp-Image-2020-06-20-at-19.55.25.jpeg\" src=\"https:\/\/www.hoymercedes.com.ar\/principal\/wp-content\/uploads\/2020\/06\/WhatsApp-Image-2020-06-20-at-19.55.25.jpeg\" alt=\"\" class=\"wp-image-112452\"\/><\/figure><\/div>\n\n\n\n<p>Asimismo, el Municipio de Mercedes destac\u00f3 como importante que este domingo 21 se conmemora el D\u00eda del Padre. Por lo tanto, \u00abrecuerda la importancia de mantener el aislamiento social. Las reuniones familiares est\u00e1n prohibidas. Son d\u00edas dif\u00edciles, pero respetar las normas socio sanitarias salva vidas\u00bb.<\/p>\n","protected":false},"excerpt":{"rendered":"<p>En la tarde de este s\u00e1bado, la comunicaci\u00f3n oficial en materia de informe sobre casos de covid-19, da cuenta de &#8230; <a title=\"Coronavirus: Confirmaron un positivo que est\u00e1 aislado en Mercedes\" class=\"read-more\" href=\"https:\/\/www.hoymercedes.com.ar\/principal\/2020\/06\/20\/coronavirus-confirmaron-un-positivo-que-esta-aislado-en-mercedes\/\" aria-label=\"Leer m\u00e1s sobre Coronavirus: Confirmaron un positivo que est\u00e1 aislado en Mercedes\">Leer m\u00e1s<\/a><\/p>\n","protected":false},"author":1,"featured_media":112452,"comment_status":"closed","ping_status":"open","sticky":false,"template":"","format":"standard","meta":{"_monsterinsights_skip_tracking":false,"_monsterinsights_sitenote_active":false,"_monsterinsights_sitenote_note":"","_monsterinsights_sitenote_category":0,"jetpack_post_was_ever_published":false,"_jetpack_newsletter_access":"","_jetpack_dont_email_post_to_subs":false,"_jetpack_newsletter_tier_id":0,"_jetpack_memberships_contains_paywalled_content":false,"_jetpack_memberships_contains_paid_content":false,"footnotes":"","jetpack_publicize_message":"","jetpack_publicize_feature_enabled":true,"jetpack_social_post_already_shared":true,"jetpack_social_options":{"image_generator_settings":{"template":"highway","default_image_id":0,"font":"","enabled":false},"version":2},"_wpas_customize_per_network":false},"categories":[9791],"tags":[16646,16175,16313],"class_list":["post-112450","post","type-post","status-publish","format-standard","has-post-thumbnail","hentry","category-salud","tag-caso-positivo","tag-coronavirus","tag-covid-19","generate-columns","tablet-grid-50","mobile-grid-100","grid-parent","grid-50"],"jetpack_publicize_connections":[],"jetpack_featured_media_url":"https:\/\/www.hoymercedes.com.ar\/principal\/wp-content\/uploads\/2020\/06\/WhatsApp-Image-2020-06-20-at-19.55.25.jpeg","wps_subtitle":"Cierre del d\u00eda","jetpack_sharing_enabled":true,"_links":{"self":[{"href":"https:\/\/www.hoymercedes.com.ar\/principal\/wp-json\/wp\/v2\/posts\/112450","targetHints":{"allow":["GET"]}}],"collection":[{"href":"https:\/\/www.hoymercedes.com.ar\/principal\/wp-json\/wp\/v2\/posts"}],"about":[{"href":"https:\/\/www.hoymercedes.com.ar\/principal\/wp-json\/wp\/v2\/types\/post"}],"author":[{"embeddable":true,"href":"https:\/\/www.hoymercedes.com.ar\/principal\/wp-json\/wp\/v2\/users\/1"}],"replies":[{"embeddable":true,"href":"https:\/\/www.hoymercedes.com.ar\/principal\/wp-json\/wp\/v2\/comments?post=112450"}],"version-history":[{"count":0,"href":"https:\/\/www.hoymercedes.com.ar\/principal\/wp-json\/wp\/v2\/posts\/112450\/revisions"}],"wp:featuredmedia":[{"embeddable":true,"href":"https:\/\/www.hoymercedes.com.ar\/principal\/wp-json\/wp\/v2\/media\/112452"}],"wp:attachment":[{"href":"https:\/\/www.hoymercedes.com.ar\/principal\/wp-json\/wp\/v2\/media?parent=112450"}],"wp:term":[{"taxonomy":"category","embeddable":true,"href":"https:\/\/www.hoymercedes.com.ar\/principal\/wp-json\/wp\/v2\/categories?post=112450"},{"taxonomy":"post_tag","embeddable":true,"href":"https:\/\/www.hoymercedes.com.ar\/principal\/wp-json\/wp\/v2\/tags?post=112450"}],"curies":[{"name":"wp","href":"https:\/\/api.w.org\/{rel}","templated":true}]}}