{"id":112475,"date":"2020-06-21T22:35:00","date_gmt":"2020-06-22T01:35:00","guid":{"rendered":"http:\/\/www.hoymercedes.com.ar\/principal\/?p=112475"},"modified":"2020-06-22T13:25:55","modified_gmt":"2020-06-22T16:25:55","slug":"coronavirus-mercedes-sigue-con-seis-casos-activos-de-covid","status":"publish","type":"post","link":"https:\/\/www.hoymercedes.com.ar\/principal\/2020\/06\/21\/coronavirus-mercedes-sigue-con-seis-casos-activos-de-covid\/","title":{"rendered":"Coronavirus: Mercedes sigue con seis casos activos de covid"},"content":{"rendered":"\n<p>En el informe local sobre la situaci\u00f3n epidemiol\u00f3gica de la enfermedad que preocupa al mundo, comunicaron este domingo que contin\u00faan siendo seis los pacientes que tiene covid-19, y no se ha confirmado ning\u00fan nuevo caso de los pacientes en estudio. <\/p>\n\n\n\n<div class=\"wp-block-image\"><figure class=\"aligncenter size-large\"><img loading=\"lazy\" decoding=\"async\" width=\"800\" height=\"800\" data-attachment-id=\"112477\" data-permalink=\"https:\/\/www.hoymercedes.com.ar\/principal\/2020\/06\/21\/coronavirus-mercedes-sigue-con-seis-casos-activos-de-covid\/whatsapp-image-2020-06-21-at-22-30-13\/#main\" data-orig-file=\"https:\/\/www.hoymercedes.com.ar\/principal\/wp-content\/uploads\/2020\/06\/WhatsApp-Image-2020-06-21-at-22.30.13.jpeg\" data-orig-size=\"800,800\" data-comments-opened=\"0\" data-image-meta=\"{&quot;aperture&quot;:&quot;0&quot;,&quot;credit&quot;:&quot;&quot;,&quot;camera&quot;:&quot;&quot;,&quot;caption&quot;:&quot;&quot;,&quot;created_timestamp&quot;:&quot;0&quot;,&quot;copyright&quot;:&quot;&quot;,&quot;focal_length&quot;:&quot;0&quot;,&quot;iso&quot;:&quot;0&quot;,&quot;shutter_speed&quot;:&quot;0&quot;,&quot;title&quot;:&quot;&quot;,&quot;orientation&quot;:&quot;0&quot;}\" data-image-title=\"WhatsApp-Image-2020-06-21-at-22.30.13\" data-image-description=\"\" data-image-caption=\"\" data-large-file=\"https:\/\/www.hoymercedes.com.ar\/principal\/wp-content\/uploads\/2020\/06\/WhatsApp-Image-2020-06-21-at-22.30.13.jpeg\" src=\"https:\/\/www.hoymercedes.com.ar\/principal\/wp-content\/uploads\/2020\/06\/WhatsApp-Image-2020-06-21-at-22.30.13.jpeg\" alt=\"\" class=\"wp-image-112477\"\/><\/figure><\/div>\n\n\n\n<p><strong>Informe nacional<\/strong><\/p>\n\n\n\n<p>En el informe enviado por el Ministerio de Salud de Naci\u00f3n, hoy fueron confirmados 1.581 nuevos casos de COVID-19.  En el detalle que se hace por provincia, la de Buenos Aires sum\u00f3 746 casos positivos, mientras que la ciudad de Buenos Aires 707 nuevos positivos. Los casos positivos restantes de hoy se distribuyen en Chaco (52); Chubut (6); C\u00f3rdoba (13); Mendoza (5); Neuqu\u00e9n (9); R\u00edo Negro (16); y Santa Fe (17): Con estos registros, suman 42.785 positivos en el pa\u00eds.<\/p>\n\n\n\n<p>Del total de esos casos, 1.047 (2,4%) son importados, 16.101 (37,6%) son contactos estrechos de casos confirmados, 17.750 (41,5%) son casos de circulaci\u00f3n comunitaria y el resto se encuentra en investigaci\u00f3n epidemiol\u00f3gica.<\/p>\n\n\n\n<p>Asimismo, confirman que 19 personas fallecieron en las \u00faltimas 24 horas. En el informe matutino dieron cuenta de las primeras 8 personas fallecidas: cinco hombres, dos de 83 y 77 a\u00f1os, residentes en la provincia de Buenos Aires; dos de 63 y 58 a\u00f1os, residentes en la Ciudad de Buenos Aires (CABA); uno de 82 a\u00f1os, residente en la provincia de R\u00edo Negro; y tres mujeres, dos de 94 y 84 a\u00f1os, residentes en la Ciudad de Buenos Aires (CABA); y una de 65 a\u00f1os, residente en la provincia de Buenos Aires. <\/p>\n\n\n\n<p>En tanto, en el informe vespertino lamentaron las restantes: nueve hombres, cinco de 77, 56, 60, 56 y 90, residentes en la provincia de Buenos Aires; tres de 93, 72 y 45 a\u00f1os, residentes en la Ciudad de Buenos Aires (CABA); uno de 56 a\u00f1os, residente en la provincia de R\u00edo Negro; y una mujer de 64 a\u00f1os, residente en la provincia de Buenos Aires. Al momento la cantidad de personas fallecidas es 1.011. *Un fallecido de 88 a\u00f1os, residente en la Ciudad de Buenos Aires (CABA), no registra dato de sexo.<\/p>\n","protected":false},"excerpt":{"rendered":"<p>En el informe local sobre la situaci\u00f3n epidemiol\u00f3gica de la enfermedad que preocupa al mundo, comunicaron este domingo que contin\u00faan &#8230; <a title=\"Coronavirus: Mercedes sigue con seis casos activos de covid\" class=\"read-more\" href=\"https:\/\/www.hoymercedes.com.ar\/principal\/2020\/06\/21\/coronavirus-mercedes-sigue-con-seis-casos-activos-de-covid\/\" aria-label=\"Leer m\u00e1s sobre Coronavirus: Mercedes sigue con seis casos activos de covid\">Leer m\u00e1s<\/a><\/p>\n","protected":false},"author":1,"featured_media":112477,"comment_status":"closed","ping_status":"open","sticky":false,"template":"","format":"standard","meta":{"_monsterinsights_skip_tracking":false,"_monsterinsights_sitenote_active":false,"_monsterinsights_sitenote_note":"","_monsterinsights_sitenote_category":0,"jetpack_post_was_ever_published":false,"_jetpack_newsletter_access":"","_jetpack_dont_email_post_to_subs":false,"_jetpack_newsletter_tier_id":0,"_jetpack_memberships_contains_paywalled_content":false,"_jetpack_memberships_contains_paid_content":false,"footnotes":"","jetpack_publicize_message":"","jetpack_publicize_feature_enabled":true,"jetpack_social_post_already_shared":true,"jetpack_social_options":{"image_generator_settings":{"template":"highway","default_image_id":0,"font":"","enabled":false},"version":2},"_wpas_customize_per_network":false},"categories":[9791],"tags":[16536,16763,16175,16313],"class_list":["post-112475","post","type-post","status-publish","format-standard","has-post-thumbnail","hentry","category-salud","tag-casos-en-estudios","tag-casos-negativos","tag-coronavirus","tag-covid-19","generate-columns","tablet-grid-50","mobile-grid-100","grid-parent","grid-50"],"jetpack_publicize_connections":[],"jetpack_featured_media_url":"https:\/\/www.hoymercedes.com.ar\/principal\/wp-content\/uploads\/2020\/06\/WhatsApp-Image-2020-06-21-at-22.30.13.jpeg","wps_subtitle":"Cierre del d\u00eda local","jetpack_sharing_enabled":true,"_links":{"self":[{"href":"https:\/\/www.hoymercedes.com.ar\/principal\/wp-json\/wp\/v2\/posts\/112475","targetHints":{"allow":["GET"]}}],"collection":[{"href":"https:\/\/www.hoymercedes.com.ar\/principal\/wp-json\/wp\/v2\/posts"}],"about":[{"href":"https:\/\/www.hoymercedes.com.ar\/principal\/wp-json\/wp\/v2\/types\/post"}],"author":[{"embeddable":true,"href":"https:\/\/www.hoymercedes.com.ar\/principal\/wp-json\/wp\/v2\/users\/1"}],"replies":[{"embeddable":true,"href":"https:\/\/www.hoymercedes.com.ar\/principal\/wp-json\/wp\/v2\/comments?post=112475"}],"version-history":[{"count":0,"href":"https:\/\/www.hoymercedes.com.ar\/principal\/wp-json\/wp\/v2\/posts\/112475\/revisions"}],"wp:featuredmedia":[{"embeddable":true,"href":"https:\/\/www.hoymercedes.com.ar\/principal\/wp-json\/wp\/v2\/media\/112477"}],"wp:attachment":[{"href":"https:\/\/www.hoymercedes.com.ar\/principal\/wp-json\/wp\/v2\/media?parent=112475"}],"wp:term":[{"taxonomy":"category","embeddable":true,"href":"https:\/\/www.hoymercedes.com.ar\/principal\/wp-json\/wp\/v2\/categories?post=112475"},{"taxonomy":"post_tag","embeddable":true,"href":"https:\/\/www.hoymercedes.com.ar\/principal\/wp-json\/wp\/v2\/tags?post=112475"}],"curies":[{"name":"wp","href":"https:\/\/api.w.org\/{rel}","templated":true}]}}