{"id":112501,"date":"2020-06-22T18:41:30","date_gmt":"2020-06-22T21:41:30","guid":{"rendered":"http:\/\/www.hoymercedes.com.ar\/principal\/?p=112501"},"modified":"2020-06-23T13:11:54","modified_gmt":"2020-06-23T16:11:54","slug":"anses-confirman-fechas-de-cobro-de-ife-para-quienes-lo-hacen-por-cbu","status":"publish","type":"post","link":"https:\/\/www.hoymercedes.com.ar\/principal\/2020\/06\/22\/anses-confirman-fechas-de-cobro-de-ife-para-quienes-lo-hacen-por-cbu\/","title":{"rendered":"ANSES: confirman fechas de cobro de IFE para quienes lo hacen por CBU"},"content":{"rendered":"\n<p>Desde este martes 23 de junio comenzar\u00e1n a cobrar la segunda cuota quienes solicitaron el Ingreso Familiar de Emergencia en el mes de abril. Se trata de las personas que se anotaron dejando su CBU en la inscripci\u00f3n original. Adem\u00e1s, contin\u00faa la actualizaci\u00f3n de datos de qui\u00e9nes seleccionaron cobrar por cajero autom\u00e1tico o Correo Argentino para que puedan cobrar por cuenta bancaria. <\/p>\n\n\n\n<p>Este lunes terminaron de cobrar su IFE los beneficiarios de la Asignaci\u00f3n Universal por Hijo, por lo tanto, siguen todos los solicitantes que eligieron el m\u00e9todo de cobro a trav\u00e9s de cuenta bancaria. Este segundo bono extraordinario, los beneficios deber\u00e1n cobrarlo con una cuenta bancaria y a trav\u00e9s de CBU. El cronograma para estos beneficiarios qued\u00f3 de la siguiente manera: <\/p>\n\n\n\n<div class=\"wp-block-image\"><figure class=\"aligncenter size-large\"><img loading=\"lazy\" decoding=\"async\" width=\"346\" height=\"346\" data-attachment-id=\"112509\" data-permalink=\"https:\/\/www.hoymercedes.com.ar\/principal\/2020\/06\/22\/anses-confirman-fechas-de-cobro-de-ife-para-quienes-lo-hacen-por-cbu\/22-anses-ifa\/#main\" data-orig-file=\"https:\/\/www.hoymercedes.com.ar\/principal\/wp-content\/uploads\/2020\/06\/22-anses-ifa.jpg\" data-orig-size=\"346,346\" data-comments-opened=\"0\" data-image-meta=\"{&quot;aperture&quot;:&quot;0&quot;,&quot;credit&quot;:&quot;&quot;,&quot;camera&quot;:&quot;&quot;,&quot;caption&quot;:&quot;&quot;,&quot;created_timestamp&quot;:&quot;0&quot;,&quot;copyright&quot;:&quot;&quot;,&quot;focal_length&quot;:&quot;0&quot;,&quot;iso&quot;:&quot;0&quot;,&quot;shutter_speed&quot;:&quot;0&quot;,&quot;title&quot;:&quot;&quot;,&quot;orientation&quot;:&quot;0&quot;}\" data-image-title=\"22 anses ifa\" data-image-description=\"\" data-image-caption=\"\" data-large-file=\"https:\/\/www.hoymercedes.com.ar\/principal\/wp-content\/uploads\/2020\/06\/22-anses-ifa.jpg\" src=\"https:\/\/www.hoymercedes.com.ar\/principal\/wp-content\/uploads\/2020\/06\/22-anses-ifa.jpg\" alt=\"\" class=\"wp-image-112509\"\/><\/figure><\/div>\n\n\n\n<p> Desde&nbsp;&nbsp;Anses&nbsp;explicaron caso por caso&nbsp;para poder acceder al&nbsp;segundo bono&nbsp;del&nbsp;Ingreso Familiar de Emergencia&nbsp;(IFE) para qui\u00e9nes no contaban con una&nbsp;cuenta bancaria, y eligieron en primera instancia&nbsp;el&nbsp;cobro a trav\u00e9s de&nbsp;<strong>Cuenta DNI&nbsp;<\/strong>del<strong>&nbsp;Banco Provincia<\/strong>,&nbsp;<strong>Red Link<\/strong>,&nbsp;<strong>Red Banelco<\/strong>&nbsp;o personalmente por<strong>&nbsp;Correo Argentino<\/strong>. Esas personas deber\u00e1n ingresar a la web de Anses para consultar el estado de cobro. La&nbsp;&nbsp;Anses&nbsp;les informar\u00e1 si ya cuenta con alguna&nbsp;cuenta registrada. Si tiene una o m\u00e1s CBU deber\u00e1 elegir en cu\u00e1l quiere recibir el bono extraordinario de 10000 pesos o agregar una nueva que est\u00e9 a su nombre. Sino,&nbsp;&nbsp;Anses&nbsp;se estar\u00e1 comunicando con el beneficio a partir de julio para ver c\u00f3mo continuar el tr\u00e1mite. Sin embargo, se puede abrir una cuenta bancaria gratuita en bancos digitales y bancos tradicionales, mediante aplicaciones para celulares.<\/p>\n","protected":false},"excerpt":{"rendered":"<p>Desde este martes 23 de junio comenzar\u00e1n a cobrar la segunda cuota quienes solicitaron el Ingreso Familiar de Emergencia en &#8230; <a title=\"ANSES: confirman fechas de cobro de IFE para quienes lo hacen por CBU\" class=\"read-more\" href=\"https:\/\/www.hoymercedes.com.ar\/principal\/2020\/06\/22\/anses-confirman-fechas-de-cobro-de-ife-para-quienes-lo-hacen-por-cbu\/\" aria-label=\"Leer m\u00e1s sobre ANSES: confirman fechas de cobro de IFE para quienes lo hacen por CBU\">Leer m\u00e1s<\/a><\/p>\n","protected":false},"author":1,"featured_media":73507,"comment_status":"closed","ping_status":"open","sticky":false,"template":"","format":"standard","meta":{"_monsterinsights_skip_tracking":false,"_monsterinsights_sitenote_active":false,"_monsterinsights_sitenote_note":"","_monsterinsights_sitenote_category":0,"jetpack_post_was_ever_published":false,"_jetpack_newsletter_access":"","_jetpack_dont_email_post_to_subs":false,"_jetpack_newsletter_tier_id":0,"_jetpack_memberships_contains_paywalled_content":false,"_jetpack_memberships_contains_paid_content":false,"footnotes":"","jetpack_publicize_message":"","jetpack_publicize_feature_enabled":true,"jetpack_social_post_already_shared":true,"jetpack_social_options":{"image_generator_settings":{"template":"highway","default_image_id":0,"font":"","enabled":false},"version":2},"_wpas_customize_per_network":false},"categories":[8],"tags":[4,16416,16768],"class_list":["post-112501","post","type-post","status-publish","format-standard","has-post-thumbnail","hentry","category-sociedad","tag-anses","tag-ife","tag-pago-segundo-cuota","generate-columns","tablet-grid-50","mobile-grid-100","grid-parent","grid-50"],"jetpack_publicize_connections":[],"jetpack_featured_media_url":"https:\/\/www.hoymercedes.com.ar\/principal\/wp-content\/uploads\/2018\/03\/15-anses-logo.jpg","wps_subtitle":"","jetpack_sharing_enabled":true,"_links":{"self":[{"href":"https:\/\/www.hoymercedes.com.ar\/principal\/wp-json\/wp\/v2\/posts\/112501","targetHints":{"allow":["GET"]}}],"collection":[{"href":"https:\/\/www.hoymercedes.com.ar\/principal\/wp-json\/wp\/v2\/posts"}],"about":[{"href":"https:\/\/www.hoymercedes.com.ar\/principal\/wp-json\/wp\/v2\/types\/post"}],"author":[{"embeddable":true,"href":"https:\/\/www.hoymercedes.com.ar\/principal\/wp-json\/wp\/v2\/users\/1"}],"replies":[{"embeddable":true,"href":"https:\/\/www.hoymercedes.com.ar\/principal\/wp-json\/wp\/v2\/comments?post=112501"}],"version-history":[{"count":0,"href":"https:\/\/www.hoymercedes.com.ar\/principal\/wp-json\/wp\/v2\/posts\/112501\/revisions"}],"wp:featuredmedia":[{"embeddable":true,"href":"https:\/\/www.hoymercedes.com.ar\/principal\/wp-json\/wp\/v2\/media\/73507"}],"wp:attachment":[{"href":"https:\/\/www.hoymercedes.com.ar\/principal\/wp-json\/wp\/v2\/media?parent=112501"}],"wp:term":[{"taxonomy":"category","embeddable":true,"href":"https:\/\/www.hoymercedes.com.ar\/principal\/wp-json\/wp\/v2\/categories?post=112501"},{"taxonomy":"post_tag","embeddable":true,"href":"https:\/\/www.hoymercedes.com.ar\/principal\/wp-json\/wp\/v2\/tags?post=112501"}],"curies":[{"name":"wp","href":"https:\/\/api.w.org\/{rel}","templated":true}]}}