{"id":112511,"date":"2020-06-22T21:36:51","date_gmt":"2020-06-23T00:36:51","guid":{"rendered":"http:\/\/www.hoymercedes.com.ar\/principal\/?p=112511"},"modified":"2020-06-23T13:11:04","modified_gmt":"2020-06-23T16:11:04","slug":"coronavirus-una-nueva-alta-entre-los-pacientes-que-dieron-positivos-al-virus","status":"publish","type":"post","link":"https:\/\/www.hoymercedes.com.ar\/principal\/2020\/06\/22\/coronavirus-una-nueva-alta-entre-los-pacientes-que-dieron-positivos-al-virus\/","title":{"rendered":"Coronavirus: Una nueva alta entre los pacientes que dieron positivos al virus"},"content":{"rendered":"\n<p>En el informe de Mercedes del cierre del d\u00eda este lunes se confirmaron 21 estudios negativos a covid-19 y el alta de uno de los pacientes que fueron positivos a inicios del mes. <\/p>\n\n\n\n<figure class=\"wp-block-image size-large\"><img loading=\"lazy\" decoding=\"async\" width=\"800\" height=\"800\" data-attachment-id=\"112512\" data-permalink=\"https:\/\/www.hoymercedes.com.ar\/principal\/2020\/06\/22\/coronavirus-una-nueva-alta-entre-los-pacientes-que-dieron-positivos-al-virus\/22-cierre-del-dia\/#main\" data-orig-file=\"https:\/\/www.hoymercedes.com.ar\/principal\/wp-content\/uploads\/2020\/06\/22-cierre-del-d\u00eda.jpeg\" data-orig-size=\"800,800\" data-comments-opened=\"0\" data-image-meta=\"{&quot;aperture&quot;:&quot;0&quot;,&quot;credit&quot;:&quot;&quot;,&quot;camera&quot;:&quot;&quot;,&quot;caption&quot;:&quot;&quot;,&quot;created_timestamp&quot;:&quot;0&quot;,&quot;copyright&quot;:&quot;&quot;,&quot;focal_length&quot;:&quot;0&quot;,&quot;iso&quot;:&quot;0&quot;,&quot;shutter_speed&quot;:&quot;0&quot;,&quot;title&quot;:&quot;&quot;,&quot;orientation&quot;:&quot;0&quot;}\" data-image-title=\"22-cierre-del-d\u00eda\" data-image-description=\"\" data-image-caption=\"\" data-large-file=\"https:\/\/www.hoymercedes.com.ar\/principal\/wp-content\/uploads\/2020\/06\/22-cierre-del-d\u00eda.jpeg\" src=\"https:\/\/www.hoymercedes.com.ar\/principal\/wp-content\/uploads\/2020\/06\/22-cierre-del-d\u00eda.jpeg\" alt=\"\" class=\"wp-image-112512\"\/><\/figure>\n\n\n\n<p><strong>Informe Nacional<\/strong><\/p>\n\n\n\n<p>Este lunes, el Ministerio de Salud, confirm\u00f3 2.146 nuevos casos de COVID-19. Con estos registros, suman 44.931 positivos en el pa\u00eds. De acuerdo a la informaci\u00f3n, la mayor\u00eda de los casos se concentran en AMBA. Provincia de Buenos Aires (1037 casos nuevos); Ciudad de Buenos Aires (1024 m\u00e1s); Chaco (20); Chubut (5); C\u00f3rdoba (11); Corrientes (1); Entre R\u00edos (16); Jujuy (2); Mendoza (3); Neuqu\u00e9n (11); R\u00edo Negro (8); Salta (1); San Juan (1); Santa Fe (5); y Tucum\u00e1n (1). <\/p>\n\n\n\n<p>Asimismo, informaron 32 fallecimientos en las \u00faltimas 24 horas. Por la ma\u00f1ana, dieron cuenta de las primeras cinco: cuatro hombres, dos de 88 y 76 a\u00f1os, residentes en la provincia de Buenos Aires; uno de 66 a\u00f1os, residente en la Ciudad de Buenos Aires (CABA); uno de 76 a\u00f1os, residente en la provincia de R\u00edo Negro; y una mujer, de 84 a\u00f1os, residente en la Ciudad de Buenos Aires (CABA). <\/p>\n\n\n\n<p>Por la noche, dieron cuenta de las  27 restantes: Diecis\u00e9is hombres (cuatro de 73, 62, 63 y 54, residentes en la provincia de Buenos Aires; nueve de 68, 82, 60, 94, 90, 81, 59, 51 y 62 a\u00f1os, residentes en la Ciudad de Buenos Aires; dos de 61 y 69 a\u00f1os, residentes en la provincia de R\u00edo Negro; uno de 69 a\u00f1os, residente en la provincia de Neuqu\u00e9n); y once mujeres, (dos de 68 y 96 a\u00f1os, residentes en la provincia de Buenos Aires; siete de 73, 75, 53, 91, 92, 91 y 96 a\u00f1os, residentes en la Ciudad de Buenos Aires; una de 79 a\u00f1os, residente en la provincia de Chaco; y una de 86 a\u00f1os, residente en la provincia de R\u00edo Negro). Al momento la cantidad de personas fallecidas es 1.043.<\/p>\n","protected":false},"excerpt":{"rendered":"<p>En el informe de Mercedes del cierre del d\u00eda este lunes se confirmaron 21 estudios negativos a covid-19 y el &#8230; <a title=\"Coronavirus: Una nueva alta entre los pacientes que dieron positivos al virus\" class=\"read-more\" href=\"https:\/\/www.hoymercedes.com.ar\/principal\/2020\/06\/22\/coronavirus-una-nueva-alta-entre-los-pacientes-que-dieron-positivos-al-virus\/\" aria-label=\"Leer m\u00e1s sobre Coronavirus: Una nueva alta entre los pacientes que dieron positivos al virus\">Leer m\u00e1s<\/a><\/p>\n","protected":false},"author":1,"featured_media":112512,"comment_status":"closed","ping_status":"open","sticky":false,"template":"","format":"standard","meta":{"_monsterinsights_skip_tracking":false,"_monsterinsights_sitenote_active":false,"_monsterinsights_sitenote_note":"","_monsterinsights_sitenote_category":0,"jetpack_post_was_ever_published":false,"_jetpack_newsletter_access":"","_jetpack_dont_email_post_to_subs":false,"_jetpack_newsletter_tier_id":0,"_jetpack_memberships_contains_paywalled_content":false,"_jetpack_memberships_contains_paid_content":false,"footnotes":"","jetpack_publicize_message":"","jetpack_publicize_feature_enabled":true,"jetpack_social_post_already_shared":true,"jetpack_social_options":{"image_generator_settings":{"template":"highway","default_image_id":0,"font":"","enabled":false},"version":2},"_wpas_customize_per_network":false},"categories":[9791],"tags":[16767,16175,16313],"class_list":["post-112511","post","type-post","status-publish","format-standard","has-post-thumbnail","hentry","category-salud","tag-alta-medica","tag-coronavirus","tag-covid-19","generate-columns","tablet-grid-50","mobile-grid-100","grid-parent","grid-50"],"jetpack_publicize_connections":[],"jetpack_featured_media_url":"https:\/\/www.hoymercedes.com.ar\/principal\/wp-content\/uploads\/2020\/06\/22-cierre-del-d\u00eda.jpeg","wps_subtitle":"Cierre del d\u00eda","jetpack_sharing_enabled":true,"_links":{"self":[{"href":"https:\/\/www.hoymercedes.com.ar\/principal\/wp-json\/wp\/v2\/posts\/112511","targetHints":{"allow":["GET"]}}],"collection":[{"href":"https:\/\/www.hoymercedes.com.ar\/principal\/wp-json\/wp\/v2\/posts"}],"about":[{"href":"https:\/\/www.hoymercedes.com.ar\/principal\/wp-json\/wp\/v2\/types\/post"}],"author":[{"embeddable":true,"href":"https:\/\/www.hoymercedes.com.ar\/principal\/wp-json\/wp\/v2\/users\/1"}],"replies":[{"embeddable":true,"href":"https:\/\/www.hoymercedes.com.ar\/principal\/wp-json\/wp\/v2\/comments?post=112511"}],"version-history":[{"count":0,"href":"https:\/\/www.hoymercedes.com.ar\/principal\/wp-json\/wp\/v2\/posts\/112511\/revisions"}],"wp:featuredmedia":[{"embeddable":true,"href":"https:\/\/www.hoymercedes.com.ar\/principal\/wp-json\/wp\/v2\/media\/112512"}],"wp:attachment":[{"href":"https:\/\/www.hoymercedes.com.ar\/principal\/wp-json\/wp\/v2\/media?parent=112511"}],"wp:term":[{"taxonomy":"category","embeddable":true,"href":"https:\/\/www.hoymercedes.com.ar\/principal\/wp-json\/wp\/v2\/categories?post=112511"},{"taxonomy":"post_tag","embeddable":true,"href":"https:\/\/www.hoymercedes.com.ar\/principal\/wp-json\/wp\/v2\/tags?post=112511"}],"curies":[{"name":"wp","href":"https:\/\/api.w.org\/{rel}","templated":true}]}}