{"id":112518,"date":"2020-06-23T13:52:58","date_gmt":"2020-06-23T16:52:58","guid":{"rendered":"http:\/\/www.hoymercedes.com.ar\/principal\/?p=112518"},"modified":"2020-06-24T11:17:15","modified_gmt":"2020-06-24T14:17:15","slug":"lucas-biglia-matias-silvestre-y-facundo-lescano-en-el-futbol-italiano","status":"publish","type":"post","link":"https:\/\/www.hoymercedes.com.ar\/principal\/2020\/06\/23\/lucas-biglia-matias-silvestre-y-facundo-lescano-en-el-futbol-italiano\/","title":{"rendered":"Lucas Biglia, Mat\u00edas Silvestre y Facundo Lescano, en el f\u00fatbol italiano"},"content":{"rendered":"\n<p>Los tres mercedinos que tiene el f\u00fatbol italiano empiezan a ver la actividad tras la pandemia. Dos de ellos ya pisaron el verde c\u00e9sped, mientras que el restante, ya tiene fecha para lograrlo. En el caso de <strong>Lucas Biglia<\/strong>, que se encuentra en sus \u00faltimos d\u00edas en el AC Milan, ya que no le renovar\u00e1n el v\u00ednculo, ingres\u00f3 en el minuto 86, cuando el encuentro ante el Lecce ya estaba definido 4 a 1 por Giacomo Bonaventura, siendo la primera vez que juega luego de la vuelta tras la pandemia, debido a que en la semifinal de vuelta de la Copa Italia, ante Juventus, donde su equipo qued\u00f3 eliminado, estuvo en el banco de suplentes.<\/p>\n\n\n\n<div class=\"wp-block-image\"><figure class=\"aligncenter size-large\"><img loading=\"lazy\" decoding=\"async\" width=\"650\" height=\"488\" data-attachment-id=\"112533\" data-permalink=\"https:\/\/www.hoymercedes.com.ar\/principal\/2020\/06\/23\/lucas-biglia-matias-silvestre-y-facundo-lescano-en-el-futbol-italiano\/lucas-biglia-leece-1-milan-4-1\/#main\" data-orig-file=\"https:\/\/www.hoymercedes.com.ar\/principal\/wp-content\/uploads\/2020\/06\/Lucas-Biglia-Leece-1-Milan-4-1.jpg\" data-orig-size=\"650,488\" data-comments-opened=\"0\" data-image-meta=\"{&quot;aperture&quot;:&quot;0&quot;,&quot;credit&quot;:&quot;&quot;,&quot;camera&quot;:&quot;&quot;,&quot;caption&quot;:&quot;&quot;,&quot;created_timestamp&quot;:&quot;0&quot;,&quot;copyright&quot;:&quot;&quot;,&quot;focal_length&quot;:&quot;0&quot;,&quot;iso&quot;:&quot;0&quot;,&quot;shutter_speed&quot;:&quot;0&quot;,&quot;title&quot;:&quot;&quot;,&quot;orientation&quot;:&quot;0&quot;}\" data-image-title=\"Lucas-Biglia-Leece-1-Milan-4-1\" data-image-description=\"\" data-image-caption=\"\" data-large-file=\"https:\/\/www.hoymercedes.com.ar\/principal\/wp-content\/uploads\/2020\/06\/Lucas-Biglia-Leece-1-Milan-4-1.jpg\" src=\"https:\/\/www.hoymercedes.com.ar\/principal\/wp-content\/uploads\/2020\/06\/Lucas-Biglia-Leece-1-Milan-4-1.jpg\" alt=\"\" class=\"wp-image-112533\"\/><\/figure><\/div>\n\n\n\n<p>Con este resultado, Milan sabe que depende de s\u00ed mismo para poder ingresar a las copas europeas, ya que qued\u00f3 en la s\u00e9ptima colocaci\u00f3n con 39 puntos, a la espera de otros equipos que todav\u00eda deben jugar y pueden alcanzarlo o superarlo, como N\u00e1poli (39), Hellas Verona (38) y Parma (36). Tambi\u00e9n espera por una derrota de Roma (45), a quien enfrenta el pr\u00f3ximo domingo o Atalanta (51), para poder seguir descont\u00e1ndoles.<\/p>\n\n\n\n<p>En el caso de <strong>Mat\u00edas Silvestre<\/strong>, por la fecha 13 de la Serie B de Italia, Livorno cay\u00f3 2 a 0 como local ante Cittadella. El conjunto del mercedino sigue en la \u00faltima colocaci\u00f3n, con 18 puntos, siete por debajo del Tr\u00e1pani y a 9 del Cosenza. El defensor mercedino no fue parte de los convocados debido a una lesi\u00f3n en un tend\u00f3n y su ausencia es segura incluso para el partido con Juve Stabia. Por lo que el mercedino, que ven\u00eda siendo titular, deber\u00e1 esperar m\u00e1s d\u00edas para volver a la cancha tras la pandemia.<\/p>\n\n\n\n<p>Este s\u00e1bado 27 ser\u00e1 la vuelta de la Serie C, donde juega <strong>Facundo Lescano<\/strong>, jugador del Cicula Leonzio. Su equipo deber\u00e1 tener un buen arranque tras el parate debido a que se encuentra en puestos de promoci\u00f3n por el descenso, sumando 29 puntos en 30 partidos, a 7 de Paganese, el primero en estar salvado de todo. Lescano disput\u00f3 29 encuentros, marcando 11 goles. El pasado 8 de marzo fue el \u00faltimo encuentro donde Lescano result\u00f3 ser el autor del 1-0 ante el Rende.<\/p>\n","protected":false},"excerpt":{"rendered":"<p>Los tres mercedinos que tiene el f\u00fatbol italiano empiezan a ver la actividad tras la pandemia. Dos de ellos ya &#8230; <a title=\"Lucas Biglia, Mat\u00edas Silvestre y Facundo Lescano, en el f\u00fatbol italiano\" class=\"read-more\" href=\"https:\/\/www.hoymercedes.com.ar\/principal\/2020\/06\/23\/lucas-biglia-matias-silvestre-y-facundo-lescano-en-el-futbol-italiano\/\" aria-label=\"Leer m\u00e1s sobre Lucas Biglia, Mat\u00edas Silvestre y Facundo Lescano, en el f\u00fatbol italiano\">Leer m\u00e1s<\/a><\/p>\n","protected":false},"author":1,"featured_media":112533,"comment_status":"closed","ping_status":"open","sticky":false,"template":"","format":"standard","meta":{"_monsterinsights_skip_tracking":false,"_monsterinsights_sitenote_active":false,"_monsterinsights_sitenote_note":"","_monsterinsights_sitenote_category":0,"jetpack_post_was_ever_published":false,"_jetpack_newsletter_access":"","_jetpack_dont_email_post_to_subs":false,"_jetpack_newsletter_tier_id":0,"_jetpack_memberships_contains_paywalled_content":false,"_jetpack_memberships_contains_paid_content":false,"footnotes":"","jetpack_publicize_message":"","jetpack_publicize_feature_enabled":true,"jetpack_social_post_already_shared":true,"jetpack_social_options":{"image_generator_settings":{"template":"highway","default_image_id":0,"font":"","enabled":false},"version":2},"_wpas_customize_per_network":false},"categories":[21],"tags":[204,6809,305,753],"class_list":["post-112518","post","type-post","status-publish","format-standard","has-post-thumbnail","hentry","category-deportes","tag-deportes-2","tag-facundo-lescano","tag-lucas-biglia","tag-matias-silvestre","generate-columns","tablet-grid-50","mobile-grid-100","grid-parent","grid-50"],"jetpack_publicize_connections":[],"jetpack_featured_media_url":"https:\/\/www.hoymercedes.com.ar\/principal\/wp-content\/uploads\/2020\/06\/Lucas-Biglia-Leece-1-Milan-4-1.jpg","wps_subtitle":"La Legi\u00f3n","jetpack_sharing_enabled":true,"_links":{"self":[{"href":"https:\/\/www.hoymercedes.com.ar\/principal\/wp-json\/wp\/v2\/posts\/112518","targetHints":{"allow":["GET"]}}],"collection":[{"href":"https:\/\/www.hoymercedes.com.ar\/principal\/wp-json\/wp\/v2\/posts"}],"about":[{"href":"https:\/\/www.hoymercedes.com.ar\/principal\/wp-json\/wp\/v2\/types\/post"}],"author":[{"embeddable":true,"href":"https:\/\/www.hoymercedes.com.ar\/principal\/wp-json\/wp\/v2\/users\/1"}],"replies":[{"embeddable":true,"href":"https:\/\/www.hoymercedes.com.ar\/principal\/wp-json\/wp\/v2\/comments?post=112518"}],"version-history":[{"count":0,"href":"https:\/\/www.hoymercedes.com.ar\/principal\/wp-json\/wp\/v2\/posts\/112518\/revisions"}],"wp:featuredmedia":[{"embeddable":true,"href":"https:\/\/www.hoymercedes.com.ar\/principal\/wp-json\/wp\/v2\/media\/112533"}],"wp:attachment":[{"href":"https:\/\/www.hoymercedes.com.ar\/principal\/wp-json\/wp\/v2\/media?parent=112518"}],"wp:term":[{"taxonomy":"category","embeddable":true,"href":"https:\/\/www.hoymercedes.com.ar\/principal\/wp-json\/wp\/v2\/categories?post=112518"},{"taxonomy":"post_tag","embeddable":true,"href":"https:\/\/www.hoymercedes.com.ar\/principal\/wp-json\/wp\/v2\/tags?post=112518"}],"curies":[{"name":"wp","href":"https:\/\/api.w.org\/{rel}","templated":true}]}}