{"id":112525,"date":"2020-06-23T11:50:06","date_gmt":"2020-06-23T14:50:06","guid":{"rendered":"http:\/\/www.hoymercedes.com.ar\/principal\/?p=112525"},"modified":"2020-06-23T13:10:18","modified_gmt":"2020-06-23T16:10:18","slug":"balance-positivo-en-el-dia-del-padre","status":"publish","type":"post","link":"https:\/\/www.hoymercedes.com.ar\/principal\/2020\/06\/23\/balance-positivo-en-el-dia-del-padre\/","title":{"rendered":"Balance positivo en el D\u00eda del Padre"},"content":{"rendered":"\n<p>Pas\u00f3 el D\u00eda del Padre y las ventas en los comercios locales despu\u00e9s de una semana de atenci\u00f3n al p\u00fablico en horas de la tarde, le signific\u00f3 a los comerciantes de la ciudad dedicados a los rubros de art\u00edculos para hombres un balance positivo a pesar del contexto de pandemia en el que se encuentra el pa\u00eds.<\/p>\n\n\n\n<p>A la hora de hacer un an\u00e1lisis de las ventas y el movimiento comercial de los d\u00edas previos a la trascendente fecha del domingo \u00faltimo, la C\u00e1mara Econ\u00f3mica Mercedina a trav\u00e9s de su Gerente, Ariel Pietrucha, destac\u00f3 lo positivo que hab\u00eda resultado la autorizaci\u00f3n por parte del Municipio para una reapertura comercial de todas las tardes de la semana.<\/p>\n\n\n\n<p>\u201cEl tener abierto los locales todas las tardes&nbsp; y algunas horas m\u00e1s, hizo que haya una mayor fluidez en las compras y ayud\u00f3 a que los clientes se ordenaran y distribuyeran mejor durante toda la semana. Para muchos comercios haber tenido ventas en estos tiempos que estamos atravesando, es importante. Hubo rubros, sobre todo los m\u00e1s relacionados con la fecha, que han tenido buen movimiento. Y, en relaci\u00f3n al mismo mes del a\u00f1o pasado, para muchos, su facturaci\u00f3n ha sido similar\u201d, resalt\u00f3 Pietrucha.<\/p>\n\n\n\n<p>Los rubros comerciales que tuvieron un mayor movimiento y ventas fueron los de indumentaria y marroquiner\u00eda. Sectores en donde se concentran la mayor\u00eda de la venta de los regalos que se hacen com\u00fanmente para el D\u00eda del Padre en la ciudad. Algo que desde la CEM se incentiv\u00f3 a partir de las redes sociales y medios de comunicaci\u00f3n con la campa\u00f1a \u201cApoyo al Comercio Local\u201d y fomentando la compra en los comercios mercedinos.<\/p>\n\n\n\n<p>Asimismo, Pietrucha destac\u00f3 los n\u00fameros informados por CAME que analiz\u00f3 las ventas incluyendo la zona AMBA, donde el promedio de la ca\u00edda fue del 44% respecto al a\u00f1o pasado. Rubros como el calzado y la marroquiner\u00eda, seg\u00fan el informe de la C\u00e1mara Argentina, fueron los m\u00e1s afectados que sufrieron un derrumbe del 56,4%. No obstante, los rubros de herramientas y art\u00edculos de ferreter\u00eda tuvieron una baja del 30,8% anual, en indumentaria las cantidades vendidas descendieron 48,7%, de acuerdo al an\u00e1lisis de CAME.<\/p>\n\n\n\n<p>Finalmente, el gerente de la CEM destaca que continuar\u00e1n con las reuniones con el Municipio para analizar las \u00faltimas semanas.<\/p>\n\n\n\n<p>Fuente: Prensa CEM<\/p>\n","protected":false},"excerpt":{"rendered":"<p>Pas\u00f3 el D\u00eda del Padre y las ventas en los comercios locales despu\u00e9s de una semana de atenci\u00f3n al p\u00fablico &#8230; <a title=\"Balance positivo en el D\u00eda del Padre\" class=\"read-more\" href=\"https:\/\/www.hoymercedes.com.ar\/principal\/2020\/06\/23\/balance-positivo-en-el-dia-del-padre\/\" aria-label=\"Leer m\u00e1s sobre Balance positivo en el D\u00eda del Padre\">Leer m\u00e1s<\/a><\/p>\n","protected":false},"author":1,"featured_media":110463,"comment_status":"closed","ping_status":"open","sticky":false,"template":"","format":"standard","meta":{"_monsterinsights_skip_tracking":false,"_monsterinsights_sitenote_active":false,"_monsterinsights_sitenote_note":"","_monsterinsights_sitenote_category":0,"jetpack_post_was_ever_published":false,"_jetpack_newsletter_access":"","_jetpack_dont_email_post_to_subs":false,"_jetpack_newsletter_tier_id":0,"_jetpack_memberships_contains_paywalled_content":false,"_jetpack_memberships_contains_paid_content":false,"footnotes":"","jetpack_publicize_message":"","jetpack_publicize_feature_enabled":true,"jetpack_social_post_already_shared":true,"jetpack_social_options":{"image_generator_settings":{"template":"highway","default_image_id":0,"font":"","enabled":false},"version":2},"_wpas_customize_per_network":false},"categories":[8],"tags":[10007,682,9512],"class_list":["post-112525","post","type-post","status-publish","format-standard","has-post-thumbnail","hentry","category-sociedad","tag-balance","tag-cem","tag-dia-del-padre","generate-columns","tablet-grid-50","mobile-grid-100","grid-parent","grid-50"],"jetpack_publicize_connections":[],"jetpack_featured_media_url":"https:\/\/www.hoymercedes.com.ar\/principal\/wp-content\/uploads\/2020\/05\/09-comercios-2.jpg","wps_subtitle":"An\u00e1lisis de las ventas previas","jetpack_sharing_enabled":true,"_links":{"self":[{"href":"https:\/\/www.hoymercedes.com.ar\/principal\/wp-json\/wp\/v2\/posts\/112525","targetHints":{"allow":["GET"]}}],"collection":[{"href":"https:\/\/www.hoymercedes.com.ar\/principal\/wp-json\/wp\/v2\/posts"}],"about":[{"href":"https:\/\/www.hoymercedes.com.ar\/principal\/wp-json\/wp\/v2\/types\/post"}],"author":[{"embeddable":true,"href":"https:\/\/www.hoymercedes.com.ar\/principal\/wp-json\/wp\/v2\/users\/1"}],"replies":[{"embeddable":true,"href":"https:\/\/www.hoymercedes.com.ar\/principal\/wp-json\/wp\/v2\/comments?post=112525"}],"version-history":[{"count":0,"href":"https:\/\/www.hoymercedes.com.ar\/principal\/wp-json\/wp\/v2\/posts\/112525\/revisions"}],"wp:featuredmedia":[{"embeddable":true,"href":"https:\/\/www.hoymercedes.com.ar\/principal\/wp-json\/wp\/v2\/media\/110463"}],"wp:attachment":[{"href":"https:\/\/www.hoymercedes.com.ar\/principal\/wp-json\/wp\/v2\/media?parent=112525"}],"wp:term":[{"taxonomy":"category","embeddable":true,"href":"https:\/\/www.hoymercedes.com.ar\/principal\/wp-json\/wp\/v2\/categories?post=112525"},{"taxonomy":"post_tag","embeddable":true,"href":"https:\/\/www.hoymercedes.com.ar\/principal\/wp-json\/wp\/v2\/tags?post=112525"}],"curies":[{"name":"wp","href":"https:\/\/api.w.org\/{rel}","templated":true}]}}