{"id":11254,"date":"2012-03-05T09:15:28","date_gmt":"2012-03-05T09:15:28","guid":{"rendered":"http:\/\/www.hoymercedes.com.ar\/principal\/?p=11254"},"modified":"2012-03-05T11:29:47","modified_gmt":"2012-03-05T11:29:47","slug":"finalizo-el-encuentro-de-teatro-independiente","status":"publish","type":"post","link":"https:\/\/www.hoymercedes.com.ar\/principal\/2012\/03\/05\/finalizo-el-encuentro-de-teatro-independiente\/","title":{"rendered":"Finaliz\u00f3 el Encuentro de Teatro Independiente"},"content":{"rendered":"<p><a href=\"https:\/\/www.hoymercedes.com.ar\/principal\/wp-content\/uploads\/2012\/03\/LitoCruz-FabianMorales-001.jpg\"><img loading=\"lazy\" decoding=\"async\" data-attachment-id=\"11256\" data-permalink=\"https:\/\/www.hoymercedes.com.ar\/principal\/2012\/03\/05\/finalizo-el-encuentro-de-teatro-independiente\/litocruz-fabianmorales-001\/#main\" data-orig-file=\"https:\/\/www.hoymercedes.com.ar\/principal\/wp-content\/uploads\/2012\/03\/LitoCruz-FabianMorales-001.jpg\" data-orig-size=\"612,459\" data-comments-opened=\"1\" data-image-meta=\"{&quot;aperture&quot;:&quot;2.8&quot;,&quot;credit&quot;:&quot;&quot;,&quot;camera&quot;:&quot;COOLPIX L10&quot;,&quot;caption&quot;:&quot;&quot;,&quot;created_timestamp&quot;:&quot;1330614730&quot;,&quot;copyright&quot;:&quot;Copyright 2006&quot;,&quot;focal_length&quot;:&quot;6.2&quot;,&quot;iso&quot;:&quot;200&quot;,&quot;shutter_speed&quot;:&quot;0.016666666666667&quot;,&quot;title&quot;:&quot;&quot;}\" data-image-title=\"LitoCruz-FabianMorales-001\" data-image-description=\"\" data-image-caption=\"\" data-large-file=\"https:\/\/www.hoymercedes.com.ar\/principal\/wp-content\/uploads\/2012\/03\/LitoCruz-FabianMorales-001.jpg\" class=\"aligncenter size-full wp-image-11256\" title=\"LitoCruz-FabianMorales-001\" src=\"https:\/\/www.hoymercedes.com.ar\/principal\/wp-content\/uploads\/2012\/03\/LitoCruz-FabianMorales-001.jpg\" alt=\"\" width=\"612\" height=\"459\" \/><\/a><\/p>\n<p>Con un balance m\u00e1s que positivo para los organizadores, los integrantes de la Organizaci\u00f3n El Negro Olmedo encabezados por Fabi\u00e1n Morales y Marisa Ivaldi concluyo la realizaci\u00f3n en nuestra ciudad de Encuentro de Teatro Independiente que congrego a elencos pertenecientes a las localidades que integran la Regi\u00f3n de la Fe.<\/p>\n<p>El acto principal en el cual se rindi\u00f3 homenaje a la figura de Martin Caracoche, reconocido director teatral fallecido no hace mucho tiempo atr\u00e1s, cont\u00f3 con la presencia de numerosas figuras de importancia en el orden principal, como el responsables de la Comedia de Buenos Aires, la participaci\u00f3n de un representante del Instituto Cultural Bonaerense y del titular del Consejo Provincial de Teatro Independiente Lito Cruz, mientras que representando al jefe comunal de nuestra ciudad asisti\u00f3 el Secretario de Gobierno Dr. Sergio L\u00f3pez, adem\u00e1s de otros funcionarios que integran el Departamento Ejecutivo.<\/p>\n<p><a href=\"https:\/\/www.hoymercedes.com.ar\/principal\/wp-content\/uploads\/2012\/03\/LitoCruz-FabianMorales-002.jpg\"><img loading=\"lazy\" decoding=\"async\" data-attachment-id=\"11257\" data-permalink=\"https:\/\/www.hoymercedes.com.ar\/principal\/2012\/03\/05\/finalizo-el-encuentro-de-teatro-independiente\/litocruz-fabianmorales-002\/#main\" data-orig-file=\"https:\/\/www.hoymercedes.com.ar\/principal\/wp-content\/uploads\/2012\/03\/LitoCruz-FabianMorales-002.jpg\" data-orig-size=\"612,459\" data-comments-opened=\"1\" data-image-meta=\"{&quot;aperture&quot;:&quot;2.8&quot;,&quot;credit&quot;:&quot;&quot;,&quot;camera&quot;:&quot;COOLPIX L10&quot;,&quot;caption&quot;:&quot;&quot;,&quot;created_timestamp&quot;:&quot;1330615041&quot;,&quot;copyright&quot;:&quot;Copyright 2006&quot;,&quot;focal_length&quot;:&quot;6.2&quot;,&quot;iso&quot;:&quot;200&quot;,&quot;shutter_speed&quot;:&quot;0.016666666666667&quot;,&quot;title&quot;:&quot;&quot;}\" data-image-title=\"LitoCruz-FabianMorales-002\" data-image-description=\"\" data-image-caption=\"\" data-large-file=\"https:\/\/www.hoymercedes.com.ar\/principal\/wp-content\/uploads\/2012\/03\/LitoCruz-FabianMorales-002.jpg\" class=\"aligncenter size-full wp-image-11257\" title=\"LitoCruz-FabianMorales-002\" src=\"https:\/\/www.hoymercedes.com.ar\/principal\/wp-content\/uploads\/2012\/03\/LitoCruz-FabianMorales-002.jpg\" alt=\"\" width=\"612\" height=\"459\" srcset=\"https:\/\/www.hoymercedes.com.ar\/principal\/wp-content\/uploads\/2012\/03\/LitoCruz-FabianMorales-002.jpg 612w, https:\/\/www.hoymercedes.com.ar\/principal\/wp-content\/uploads\/2012\/03\/LitoCruz-FabianMorales-002-300x225.jpg 300w\" sizes=\"auto, (max-width: 612px) 100vw, 612px\" \/><\/a><\/p>\n<p>Lito Cruz volvi\u00f3 en su mensaje a revitalizar la tarea que a lo largo del pa\u00eds realizan los elencos de Teatro Independiente, hasta ahora pr\u00e1cticamente sin ning\u00fan tipo de ayuda proveniente de las esferas del gobierno sea este nacional, provincial y municipal para luego incitar a la poblaci\u00f3n para que concurra a ver los espect\u00e1culos que los grupos en sus diferentes ciudades ofrecen, \u201choy la delincuencia y la droga la tenemos conviviendo con nosotros, pero donde hay luz y hay gente ellos no se acerca la droga no llega, por eso es necesario que los teatros sigan teniendo luces y gente, sabemos que all\u00ed las ratas nunca van\u201d sostuvo el actor.<\/p>\n<p>Durante el acto Fabi\u00e1n Morales se refiri\u00f3 a la figura de Mart\u00edn Caracoche, cuyo nombre llevo el encuentro realizado en nuestra ciudad contando el acto con la presencia de su esposa la se\u00f1ora Virginia Altube a quien se le agradeci\u00f3 haber permitido utilizar el nombre se su fallecido esposo y permitir el homenaje que se le estaba rindiendo.<\/p>\n","protected":false},"excerpt":{"rendered":"<p>Con un balance m\u00e1s que positivo para los organizadores, los integrantes de la Organizaci\u00f3n El Negro Olmedo encabezados por Fabi\u00e1n &#8230; <a title=\"Finaliz\u00f3 el Encuentro de Teatro Independiente\" class=\"read-more\" href=\"https:\/\/www.hoymercedes.com.ar\/principal\/2012\/03\/05\/finalizo-el-encuentro-de-teatro-independiente\/\" aria-label=\"Leer m\u00e1s sobre Finaliz\u00f3 el Encuentro de Teatro Independiente\">Leer m\u00e1s<\/a><\/p>\n","protected":false},"author":1,"featured_media":0,"comment_status":"open","ping_status":"open","sticky":false,"template":"","format":"standard","meta":{"_monsterinsights_skip_tracking":false,"_monsterinsights_sitenote_active":false,"_monsterinsights_sitenote_note":"","_monsterinsights_sitenote_category":0,"jetpack_post_was_ever_published":false,"_jetpack_newsletter_access":"","_jetpack_dont_email_post_to_subs":false,"_jetpack_newsletter_tier_id":0,"_jetpack_memberships_contains_paywalled_content":false,"_jetpack_memberships_contains_paid_content":false,"footnotes":"","jetpack_publicize_message":"","jetpack_publicize_feature_enabled":true,"jetpack_social_post_already_shared":false,"jetpack_social_options":{"image_generator_settings":{"template":"highway","default_image_id":0,"font":"","enabled":false},"version":2},"_wpas_customize_per_network":false},"categories":[104],"tags":[479,478,1218],"class_list":["post-11254","post","type-post","status-publish","format-standard","hentry","category-cultura","tag-fabian-morales","tag-lito-cruz","tag-organizacion-el-negro-olmedo","generate-columns","tablet-grid-50","mobile-grid-100","grid-parent","grid-50"],"jetpack_publicize_connections":[],"jetpack_featured_media_url":"","wps_subtitle":"","jetpack_sharing_enabled":true,"_links":{"self":[{"href":"https:\/\/www.hoymercedes.com.ar\/principal\/wp-json\/wp\/v2\/posts\/11254","targetHints":{"allow":["GET"]}}],"collection":[{"href":"https:\/\/www.hoymercedes.com.ar\/principal\/wp-json\/wp\/v2\/posts"}],"about":[{"href":"https:\/\/www.hoymercedes.com.ar\/principal\/wp-json\/wp\/v2\/types\/post"}],"author":[{"embeddable":true,"href":"https:\/\/www.hoymercedes.com.ar\/principal\/wp-json\/wp\/v2\/users\/1"}],"replies":[{"embeddable":true,"href":"https:\/\/www.hoymercedes.com.ar\/principal\/wp-json\/wp\/v2\/comments?post=11254"}],"version-history":[{"count":0,"href":"https:\/\/www.hoymercedes.com.ar\/principal\/wp-json\/wp\/v2\/posts\/11254\/revisions"}],"wp:attachment":[{"href":"https:\/\/www.hoymercedes.com.ar\/principal\/wp-json\/wp\/v2\/media?parent=11254"}],"wp:term":[{"taxonomy":"category","embeddable":true,"href":"https:\/\/www.hoymercedes.com.ar\/principal\/wp-json\/wp\/v2\/categories?post=11254"},{"taxonomy":"post_tag","embeddable":true,"href":"https:\/\/www.hoymercedes.com.ar\/principal\/wp-json\/wp\/v2\/tags?post=11254"}],"curies":[{"name":"wp","href":"https:\/\/api.w.org\/{rel}","templated":true}]}}