{"id":112547,"date":"2020-06-23T16:40:00","date_gmt":"2020-06-23T19:40:00","guid":{"rendered":"http:\/\/www.hoymercedes.com.ar\/principal\/?p=112547"},"modified":"2020-06-24T10:01:43","modified_gmt":"2020-06-24T13:01:43","slug":"policia-federal-incauto-cigarrillos-adulterados","status":"publish","type":"post","link":"https:\/\/www.hoymercedes.com.ar\/principal\/2020\/06\/23\/policia-federal-incauto-cigarrillos-adulterados\/","title":{"rendered":"Polic\u00eda Federal incaut\u00f3 cigarrillos adulterados"},"content":{"rendered":"\n<p>El pasado s\u00e1bado 20 de junio, personal de brigada de la Delegaci\u00f3n Mercedes de la Polic\u00eda Federal Argentina llev\u00f3 a cabo un procedimiento que deriv\u00f3 en la detenci\u00f3n de un hombre de la localidad de Haedo que transportaba en su veh\u00edculo cartones de cigarrillos ap\u00f3crifos. El procedimiento fue por infracci\u00f3n a la Ley 22.362 (Ley de marcas), y por infracci\u00f3n al Art. 288 Inc. 2 del C\u00f3digo Penal (Falsificaci\u00f3n de Sellos, Timbres y Marcas), en la ciudad de Mercedes.<\/p>\n\n\n\n<div class=\"wp-block-image\"><figure class=\"aligncenter size-large\"><img loading=\"lazy\" decoding=\"async\" width=\"800\" height=\"534\" data-attachment-id=\"112548\" data-permalink=\"https:\/\/www.hoymercedes.com.ar\/principal\/2020\/06\/23\/policia-federal-incauto-cigarrillos-adulterados\/23-pfa-cigarrillos\/#main\" data-orig-file=\"https:\/\/www.hoymercedes.com.ar\/principal\/wp-content\/uploads\/2020\/06\/23-PFA-cigarrillos.jpeg\" data-orig-size=\"800,534\" data-comments-opened=\"0\" data-image-meta=\"{&quot;aperture&quot;:&quot;0&quot;,&quot;credit&quot;:&quot;&quot;,&quot;camera&quot;:&quot;&quot;,&quot;caption&quot;:&quot;&quot;,&quot;created_timestamp&quot;:&quot;0&quot;,&quot;copyright&quot;:&quot;&quot;,&quot;focal_length&quot;:&quot;0&quot;,&quot;iso&quot;:&quot;0&quot;,&quot;shutter_speed&quot;:&quot;0&quot;,&quot;title&quot;:&quot;&quot;,&quot;orientation&quot;:&quot;0&quot;}\" data-image-title=\"23 PFA cigarrillos\" data-image-description=\"\" data-image-caption=\"\" data-large-file=\"https:\/\/www.hoymercedes.com.ar\/principal\/wp-content\/uploads\/2020\/06\/23-PFA-cigarrillos.jpeg\" src=\"https:\/\/www.hoymercedes.com.ar\/principal\/wp-content\/uploads\/2020\/06\/23-PFA-cigarrillos.jpeg\" alt=\"\" class=\"wp-image-112548\"\/><\/figure><\/div>\n\n\n\n<p>De acuerdo al informe provisto por el organismo policial, el Personal de la Fuerza Federal, desde hace d\u00edas, se encontraba realizado tareas investigativas, ya que se hab\u00eda observado el ingreso a la ciudad de Mercedes, entre otras como, Lujan, Suipacha, Gral. Rodr\u00edguez, de cantidades considerables de cigarrillos de dudosa procedencia, con el fin de comercializarlos en distribuidoras, maxi kioscos y polirubros de nuestra Ciudad, cometiendo con ello una infracci\u00f3n a la mencionada Ley.<\/p>\n\n\n\n<p>\u00abEs as\u00ed que, el d\u00eda s\u00e1bado en horas del mediod\u00eda, los Detectives Federales, recorriendo zonas comerciales, en la intersecci\u00f3n de la Avda. 29 y Avda. 2, logran la detenci\u00f3n de un masculino mayor de edad, domiciliado en la Localidad de Haedo, quien se movilizaba en un veh\u00edculo Citro\u00ebn modelo C4 color gris, y trasportaba 200 cartones, (2000 atados de cigarrillos) ap\u00f3crifos, con inscripciones de las marcas\u00a0 <strong>\u201cMarlboro y Philips Morris\u201d<\/strong>, con un valor aproximado en el mercado de $500.000&#8243;, informan desde la Polic\u00eda Federal delegaci\u00f3n Mercedes.<\/p>\n\n\n\n<p>En el hecho intervino el Juzgado Federal de Mercedes A\/C Subrogante Dr. Jorge Ernesto Rodr\u00edguez, Sec. Penal N\u00b04 A\/C Dr. Gonzalo Garay, quien orden\u00f3 la detenci\u00f3n del masculino y el secuestro de la mercader\u00eda ap\u00f3crifa.<\/p>\n\n\n\n<p>Fuente: PFA Mercedes<\/p>\n\n\n\n<figure class=\"wp-block-image size-large\"><img loading=\"lazy\" decoding=\"async\" width=\"800\" height=\"534\" data-attachment-id=\"112549\" data-permalink=\"https:\/\/www.hoymercedes.com.ar\/principal\/2020\/06\/23\/policia-federal-incauto-cigarrillos-adulterados\/23-pfa-cigarrillos2\/#main\" data-orig-file=\"https:\/\/www.hoymercedes.com.ar\/principal\/wp-content\/uploads\/2020\/06\/23-PFA-cigarrillos2.jpeg\" data-orig-size=\"800,534\" data-comments-opened=\"0\" data-image-meta=\"{&quot;aperture&quot;:&quot;0&quot;,&quot;credit&quot;:&quot;&quot;,&quot;camera&quot;:&quot;&quot;,&quot;caption&quot;:&quot;&quot;,&quot;created_timestamp&quot;:&quot;0&quot;,&quot;copyright&quot;:&quot;&quot;,&quot;focal_length&quot;:&quot;0&quot;,&quot;iso&quot;:&quot;0&quot;,&quot;shutter_speed&quot;:&quot;0&quot;,&quot;title&quot;:&quot;&quot;,&quot;orientation&quot;:&quot;0&quot;}\" data-image-title=\"23 PFA cigarrillos2\" data-image-description=\"\" data-image-caption=\"\" data-large-file=\"https:\/\/www.hoymercedes.com.ar\/principal\/wp-content\/uploads\/2020\/06\/23-PFA-cigarrillos2.jpeg\" src=\"https:\/\/www.hoymercedes.com.ar\/principal\/wp-content\/uploads\/2020\/06\/23-PFA-cigarrillos2.jpeg\" alt=\"\" class=\"wp-image-112549\"\/><\/figure>\n","protected":false},"excerpt":{"rendered":"<p>El pasado s\u00e1bado 20 de junio, personal de brigada de la Delegaci\u00f3n Mercedes de la Polic\u00eda Federal Argentina llev\u00f3 a &#8230; <a title=\"Polic\u00eda Federal incaut\u00f3 cigarrillos adulterados\" class=\"read-more\" href=\"https:\/\/www.hoymercedes.com.ar\/principal\/2020\/06\/23\/policia-federal-incauto-cigarrillos-adulterados\/\" aria-label=\"Leer m\u00e1s sobre Polic\u00eda Federal incaut\u00f3 cigarrillos adulterados\">Leer m\u00e1s<\/a><\/p>\n","protected":false},"author":1,"featured_media":112549,"comment_status":"closed","ping_status":"open","sticky":false,"template":"","format":"standard","meta":{"_monsterinsights_skip_tracking":false,"_monsterinsights_sitenote_active":false,"_monsterinsights_sitenote_note":"","_monsterinsights_sitenote_category":0,"jetpack_post_was_ever_published":false,"_jetpack_newsletter_access":"","_jetpack_dont_email_post_to_subs":false,"_jetpack_newsletter_tier_id":0,"_jetpack_memberships_contains_paywalled_content":false,"_jetpack_memberships_contains_paid_content":false,"footnotes":"","jetpack_publicize_message":"","jetpack_publicize_feature_enabled":true,"jetpack_social_post_already_shared":true,"jetpack_social_options":{"image_generator_settings":{"template":"highway","default_image_id":0,"font":"","enabled":false},"version":2},"_wpas_customize_per_network":false},"categories":[85],"tags":[8848,6549,96],"class_list":["post-112547","post","type-post","status-publish","format-standard","has-post-thumbnail","hentry","category-policial","tag-operativo","tag-policia-federal","tag-policial-2","generate-columns","tablet-grid-50","mobile-grid-100","grid-parent","grid-50"],"jetpack_publicize_connections":[],"jetpack_featured_media_url":"https:\/\/www.hoymercedes.com.ar\/principal\/wp-content\/uploads\/2020\/06\/23-PFA-cigarrillos2.jpeg","wps_subtitle":"","jetpack_sharing_enabled":true,"_links":{"self":[{"href":"https:\/\/www.hoymercedes.com.ar\/principal\/wp-json\/wp\/v2\/posts\/112547","targetHints":{"allow":["GET"]}}],"collection":[{"href":"https:\/\/www.hoymercedes.com.ar\/principal\/wp-json\/wp\/v2\/posts"}],"about":[{"href":"https:\/\/www.hoymercedes.com.ar\/principal\/wp-json\/wp\/v2\/types\/post"}],"author":[{"embeddable":true,"href":"https:\/\/www.hoymercedes.com.ar\/principal\/wp-json\/wp\/v2\/users\/1"}],"replies":[{"embeddable":true,"href":"https:\/\/www.hoymercedes.com.ar\/principal\/wp-json\/wp\/v2\/comments?post=112547"}],"version-history":[{"count":0,"href":"https:\/\/www.hoymercedes.com.ar\/principal\/wp-json\/wp\/v2\/posts\/112547\/revisions"}],"wp:featuredmedia":[{"embeddable":true,"href":"https:\/\/www.hoymercedes.com.ar\/principal\/wp-json\/wp\/v2\/media\/112549"}],"wp:attachment":[{"href":"https:\/\/www.hoymercedes.com.ar\/principal\/wp-json\/wp\/v2\/media?parent=112547"}],"wp:term":[{"taxonomy":"category","embeddable":true,"href":"https:\/\/www.hoymercedes.com.ar\/principal\/wp-json\/wp\/v2\/categories?post=112547"},{"taxonomy":"post_tag","embeddable":true,"href":"https:\/\/www.hoymercedes.com.ar\/principal\/wp-json\/wp\/v2\/tags?post=112547"}],"curies":[{"name":"wp","href":"https:\/\/api.w.org\/{rel}","templated":true}]}}