{"id":112562,"date":"2020-06-24T07:46:00","date_gmt":"2020-06-24T10:46:00","guid":{"rendered":"http:\/\/www.hoymercedes.com.ar\/principal\/?p=112562"},"modified":"2020-06-24T09:56:36","modified_gmt":"2020-06-24T12:56:36","slug":"capacitacion-virtual-para-los-adjudicatarios-de-mi-terreno","status":"publish","type":"post","link":"https:\/\/www.hoymercedes.com.ar\/principal\/2020\/06\/24\/capacitacion-virtual-para-los-adjudicatarios-de-mi-terreno\/","title":{"rendered":"Capacitaci\u00f3n virtual para los adjudicatarios de Mi Terreno"},"content":{"rendered":"\n<p>El s\u00e1bado \u00faltimo, el \u00e1rea de Tierras del Municipio de Mercedes realiz\u00f3 una reuni\u00f3n virtual con los beneficiarios del programa Mi Terreno que fueron adjudicados en el barrio Favaloro 2. El encuentro virtual fue organizado por la Direcci\u00f3n de Tierras, a cargo de la doctora Valeria Ilarraz, y cont\u00f3 con la presencia virtual de los beneficiarios y de los funcionarios del programa Mi Casa que encabeza la arq. Marina Amarillo y los arquitectos Miguel Brady y Emanuel Perez Carrera, subsecretario y secretario de obras p\u00fablicas respectivamente.<\/p>\n\n\n\n<div class=\"wp-block-image\"><figure class=\"aligncenter size-large\"><img loading=\"lazy\" decoding=\"async\" width=\"800\" height=\"413\" data-attachment-id=\"112563\" data-permalink=\"https:\/\/www.hoymercedes.com.ar\/principal\/2020\/06\/24\/capacitacion-virtual-para-los-adjudicatarios-de-mi-terreno\/24-miterrenocapacitacion\/#main\" data-orig-file=\"https:\/\/www.hoymercedes.com.ar\/principal\/wp-content\/uploads\/2020\/06\/24-MiTerrenoCapacitacion.jpeg\" data-orig-size=\"800,413\" data-comments-opened=\"0\" data-image-meta=\"{&quot;aperture&quot;:&quot;0&quot;,&quot;credit&quot;:&quot;&quot;,&quot;camera&quot;:&quot;&quot;,&quot;caption&quot;:&quot;&quot;,&quot;created_timestamp&quot;:&quot;0&quot;,&quot;copyright&quot;:&quot;&quot;,&quot;focal_length&quot;:&quot;0&quot;,&quot;iso&quot;:&quot;0&quot;,&quot;shutter_speed&quot;:&quot;0&quot;,&quot;title&quot;:&quot;&quot;,&quot;orientation&quot;:&quot;0&quot;}\" data-image-title=\"24 MiTerrenoCapacitacion\" data-image-description=\"\" data-image-caption=\"\" data-large-file=\"https:\/\/www.hoymercedes.com.ar\/principal\/wp-content\/uploads\/2020\/06\/24-MiTerrenoCapacitacion.jpeg\" src=\"https:\/\/www.hoymercedes.com.ar\/principal\/wp-content\/uploads\/2020\/06\/24-MiTerrenoCapacitacion.jpeg\" alt=\"\" class=\"wp-image-112563\"\/><\/figure><\/div>\n\n\n\n<p>La abogada del \u00e1rea de Tierras, les explic\u00f3 a los vecinos los motivos de la demora en la concreci\u00f3n de las obras energ\u00e9ticas que est\u00e1n sin concluir y luego someramente hizo un resumen de los plazos que comenzaban a correr con la inminente firma de los boletos de compra venta.<\/p>\n\n\n\n<p>A su turno la arquitecta Amarillo se refiri\u00f3 a los temas a tener en cuenta tomando atento a la zonificaci\u00f3n donde se encuentran los terrenos. Acompa\u00f1\u00f3 un informe donde se detallaba en cada uno de los lotes adjudicados los retiros necesarios respecto de la l\u00ednea municipal y de los linderos; siempre destacando la importancia que sean asistidos por un profesional de la construcci\u00f3n a la hora de confeccionar los planos y gestionar los permisos pertinentes.<\/p>\n\n\n\n<p>Por su parte el arquitecto Brady se refiri\u00f3 a los cuidados a tener a la hora de decidir plantar \u00e1rboles y\/o arbustos tanto en el terreno como en caso de decidir realizar cercos de arbustos. Brind\u00f3 recomendaciones sobre la altura recomendable del inmueble y \u2013al igual que su colega- explic\u00f3 los beneficios de contar con asistencia profesional a la hora de planear la construcci\u00f3n.<\/p>\n\n\n\n<p>La directora de tierra, Valeria Ilarraz, ofici\u00f3 de transmisora de las preguntas de los beneficiarios las cuales fueron respondidas por los profesionales presentes. Perez Carrera inform\u00f3 algunas de las tareas previstas en la zona e insisti\u00f3 con la relevancia de obtener un asesoramiento a los efectos que la inversi\u00f3n a realizar sea m\u00e1s beneficiosa para el objeto que se busca que es la construcci\u00f3n de una vivienda.<\/p>\n\n\n\n<p>Hacia el final de la charla \u2013que dur\u00f3 cerca de una hora- Ilarraz puntualiz\u00f3 que desde la direcci\u00f3n de tierras y por pedido del intendente Juan Ustarroz se estaban buscando algunos beneficios para los noveles constructores y adelant\u00f3 que posiblemente en un futuro mediato se realice otro tipo de encuentro en los cuales se pueda informar sobre otros temas a tener en cuenta a la hora de encarar la construcci\u00f3n de una vivienda.<\/p>\n\n\n\n<p>Fuente: Prensa Municipal<\/p>\n","protected":false},"excerpt":{"rendered":"<p>El s\u00e1bado \u00faltimo, el \u00e1rea de Tierras del Municipio de Mercedes realiz\u00f3 una reuni\u00f3n virtual con los beneficiarios del programa &#8230; <a title=\"Capacitaci\u00f3n virtual para los adjudicatarios de Mi Terreno\" class=\"read-more\" href=\"https:\/\/www.hoymercedes.com.ar\/principal\/2020\/06\/24\/capacitacion-virtual-para-los-adjudicatarios-de-mi-terreno\/\" aria-label=\"Leer m\u00e1s sobre Capacitaci\u00f3n virtual para los adjudicatarios de Mi Terreno\">Leer m\u00e1s<\/a><\/p>\n","protected":false},"author":1,"featured_media":112563,"comment_status":"closed","ping_status":"open","sticky":false,"template":"","format":"standard","meta":{"_monsterinsights_skip_tracking":false,"_monsterinsights_sitenote_active":false,"_monsterinsights_sitenote_note":"","_monsterinsights_sitenote_category":0,"jetpack_post_was_ever_published":false,"_jetpack_newsletter_access":"","_jetpack_dont_email_post_to_subs":false,"_jetpack_newsletter_tier_id":0,"_jetpack_memberships_contains_paywalled_content":false,"_jetpack_memberships_contains_paid_content":false,"footnotes":"","jetpack_publicize_message":"","jetpack_publicize_feature_enabled":true,"jetpack_social_post_already_shared":true,"jetpack_social_options":{"image_generator_settings":{"template":"highway","default_image_id":0,"font":"","enabled":false},"version":2},"_wpas_customize_per_network":false},"categories":[30],"tags":[16461,14241,244],"class_list":["post-112562","post","type-post","status-publish","format-standard","has-post-thumbnail","hentry","category-municipio","tag-capacitacion-virtual","tag-mi-terreno","tag-municipio-2","generate-columns","tablet-grid-50","mobile-grid-100","grid-parent","grid-50"],"jetpack_publicize_connections":[],"jetpack_featured_media_url":"https:\/\/www.hoymercedes.com.ar\/principal\/wp-content\/uploads\/2020\/06\/24-MiTerrenoCapacitacion.jpeg","wps_subtitle":"","jetpack_sharing_enabled":true,"_links":{"self":[{"href":"https:\/\/www.hoymercedes.com.ar\/principal\/wp-json\/wp\/v2\/posts\/112562","targetHints":{"allow":["GET"]}}],"collection":[{"href":"https:\/\/www.hoymercedes.com.ar\/principal\/wp-json\/wp\/v2\/posts"}],"about":[{"href":"https:\/\/www.hoymercedes.com.ar\/principal\/wp-json\/wp\/v2\/types\/post"}],"author":[{"embeddable":true,"href":"https:\/\/www.hoymercedes.com.ar\/principal\/wp-json\/wp\/v2\/users\/1"}],"replies":[{"embeddable":true,"href":"https:\/\/www.hoymercedes.com.ar\/principal\/wp-json\/wp\/v2\/comments?post=112562"}],"version-history":[{"count":0,"href":"https:\/\/www.hoymercedes.com.ar\/principal\/wp-json\/wp\/v2\/posts\/112562\/revisions"}],"wp:featuredmedia":[{"embeddable":true,"href":"https:\/\/www.hoymercedes.com.ar\/principal\/wp-json\/wp\/v2\/media\/112563"}],"wp:attachment":[{"href":"https:\/\/www.hoymercedes.com.ar\/principal\/wp-json\/wp\/v2\/media?parent=112562"}],"wp:term":[{"taxonomy":"category","embeddable":true,"href":"https:\/\/www.hoymercedes.com.ar\/principal\/wp-json\/wp\/v2\/categories?post=112562"},{"taxonomy":"post_tag","embeddable":true,"href":"https:\/\/www.hoymercedes.com.ar\/principal\/wp-json\/wp\/v2\/tags?post=112562"}],"curies":[{"name":"wp","href":"https:\/\/api.w.org\/{rel}","templated":true}]}}