{"id":112565,"date":"2020-06-24T09:39:50","date_gmt":"2020-06-24T12:39:50","guid":{"rendered":"http:\/\/www.hoymercedes.com.ar\/principal\/?p=112565"},"modified":"2020-06-24T09:54:36","modified_gmt":"2020-06-24T12:54:36","slug":"adios-muchachos-medellin-24-de-junio-de-1935-el-zorzal-partia-a-la-inmortalidad","status":"publish","type":"post","link":"https:\/\/www.hoymercedes.com.ar\/principal\/2020\/06\/24\/adios-muchachos-medellin-24-de-junio-de-1935-el-zorzal-partia-a-la-inmortalidad\/","title":{"rendered":"Adi\u00f3s muchachos&#8230; Medell\u00edn, 24 de Junio de 1935. El Zorzal part\u00eda a la Inmortalidad"},"content":{"rendered":"\n<p>Por Oscar Dinova &#8211; Nunca fui partidario de conmemorar las fechas necrol\u00f3gicas. Adhiero con fervor a los nacimientos. Pero hagamos una excepci\u00f3n con Carlos Gardel. Siempre es buena una ocasi\u00f3n que nos permita evocar su figura y su exquisito arte. <\/p>\n\n\n\n<p>En su homenaje escrib\u00ed, en 2014, Cr\u00f3nicas de Gardel en Mercedes donde dec\u00eda: \u00abNo s\u00f3lo parti\u00f3 de Mercedes aquel mediod\u00eda de Mayo de 1933, sino que pronto dejar\u00eda nuestro pa\u00eds para alcanzar la cima del estrellato y la fama mundial. Su vuelo ser\u00eda corto pero irrepetible. El 24 de Junio del \u00b435 entrar\u00eda definitivamente a la leyenda y la inmortalidad\u00bb. <\/p>\n\n\n\n<p>Los argentinos bien hubi\u00e9ramos querido cambiar esta singular distinci\u00f3n por tenerlo varios a\u00f1os entre nosotros. Sus admiradores, de todos los pa\u00edses, miraron hacia Argentina como buscando una explicaci\u00f3n, un por qu\u00e9, pero \u00e9l, como siempre, lo hab\u00eda cantado antes; \u00abcontra el destino nadie la talla\u00bb. Cuentan que Buenos Aires amaneci\u00f3 muda, que la gente hablaba bajo, que todos ten\u00edan la sensaci\u00f3n de haber quedado hu\u00e9rfanos, gustasen del tanto o no. <\/p>\n\n\n\n<p>Tal vez desde ese d\u00eda, fuimos un pueblo m\u00e1s triste, menos jovial, m\u00e1s desesperanzado. Quiz\u00e1s sea as\u00ed, o a lo mejor no. Tal vez sea que no nos resignamos a semejante ausencia. O quiz\u00e1s no hayamos todav\u00eda entendido, que una voz como la de Carlos Gardel pasa una sola vez por la faz de la Tierra y que Dios nos la regal\u00f3 a nosotros, para compartirla con el mundo entero. Los mercedinos podremos estar para siempre orgullosos de haberlo disfrutado un par de veces\u00bb. <\/p>\n\n\n\n<p>En Cr\u00f3nicas de Gardel en Mercedes, P\u00e1g 148. (Ed. Dunken, 2014). Oscar Dinova<\/p>\n","protected":false},"excerpt":{"rendered":"<p>Por Oscar Dinova &#8211; Nunca fui partidario de conmemorar las fechas necrol\u00f3gicas. Adhiero con fervor a los nacimientos. Pero hagamos &#8230; <a title=\"Adi\u00f3s muchachos&#8230; Medell\u00edn, 24 de Junio de 1935. El Zorzal part\u00eda a la Inmortalidad\" class=\"read-more\" href=\"https:\/\/www.hoymercedes.com.ar\/principal\/2020\/06\/24\/adios-muchachos-medellin-24-de-junio-de-1935-el-zorzal-partia-a-la-inmortalidad\/\" aria-label=\"Leer m\u00e1s sobre Adi\u00f3s muchachos&#8230; Medell\u00edn, 24 de Junio de 1935. El Zorzal part\u00eda a la Inmortalidad\">Leer m\u00e1s<\/a><\/p>\n","protected":false},"author":1,"featured_media":68086,"comment_status":"closed","ping_status":"open","sticky":false,"template":"","format":"standard","meta":{"_monsterinsights_skip_tracking":false,"_monsterinsights_sitenote_active":false,"_monsterinsights_sitenote_note":"","_monsterinsights_sitenote_category":0,"jetpack_post_was_ever_published":false,"_jetpack_newsletter_access":"","_jetpack_dont_email_post_to_subs":false,"_jetpack_newsletter_tier_id":0,"_jetpack_memberships_contains_paywalled_content":false,"_jetpack_memberships_contains_paid_content":false,"footnotes":"","jetpack_publicize_message":"","jetpack_publicize_feature_enabled":true,"jetpack_social_post_already_shared":true,"jetpack_social_options":{"image_generator_settings":{"template":"highway","default_image_id":0,"font":"","enabled":false},"version":2},"_wpas_customize_per_network":false},"categories":[104],"tags":[4664,8834,1288],"class_list":["post-112565","post","type-post","status-publish","format-standard","has-post-thumbnail","hentry","category-cultura","tag-carlos-gardel","tag-homenaje","tag-oscar-dinova","generate-columns","tablet-grid-50","mobile-grid-100","grid-parent","grid-50"],"jetpack_publicize_connections":[],"jetpack_featured_media_url":"https:\/\/www.hoymercedes.com.ar\/principal\/wp-content\/uploads\/2017\/10\/07-dinova-Estatua-en-Estaci\u00f3n-Gardel-Medell\u00edn.jpg","wps_subtitle":"Homenaje","jetpack_sharing_enabled":true,"_links":{"self":[{"href":"https:\/\/www.hoymercedes.com.ar\/principal\/wp-json\/wp\/v2\/posts\/112565","targetHints":{"allow":["GET"]}}],"collection":[{"href":"https:\/\/www.hoymercedes.com.ar\/principal\/wp-json\/wp\/v2\/posts"}],"about":[{"href":"https:\/\/www.hoymercedes.com.ar\/principal\/wp-json\/wp\/v2\/types\/post"}],"author":[{"embeddable":true,"href":"https:\/\/www.hoymercedes.com.ar\/principal\/wp-json\/wp\/v2\/users\/1"}],"replies":[{"embeddable":true,"href":"https:\/\/www.hoymercedes.com.ar\/principal\/wp-json\/wp\/v2\/comments?post=112565"}],"version-history":[{"count":0,"href":"https:\/\/www.hoymercedes.com.ar\/principal\/wp-json\/wp\/v2\/posts\/112565\/revisions"}],"wp:featuredmedia":[{"embeddable":true,"href":"https:\/\/www.hoymercedes.com.ar\/principal\/wp-json\/wp\/v2\/media\/68086"}],"wp:attachment":[{"href":"https:\/\/www.hoymercedes.com.ar\/principal\/wp-json\/wp\/v2\/media?parent=112565"}],"wp:term":[{"taxonomy":"category","embeddable":true,"href":"https:\/\/www.hoymercedes.com.ar\/principal\/wp-json\/wp\/v2\/categories?post=112565"},{"taxonomy":"post_tag","embeddable":true,"href":"https:\/\/www.hoymercedes.com.ar\/principal\/wp-json\/wp\/v2\/tags?post=112565"}],"curies":[{"name":"wp","href":"https:\/\/api.w.org\/{rel}","templated":true}]}}