{"id":112568,"date":"2020-06-24T00:40:00","date_gmt":"2020-06-24T03:40:00","guid":{"rendered":"http:\/\/www.hoymercedes.com.ar\/principal\/?p=112568"},"modified":"2020-06-24T09:59:05","modified_gmt":"2020-06-24T12:59:05","slug":"ruta-5-heridas-leves-tras-una-colision-entre-dos-autos","status":"publish","type":"post","link":"https:\/\/www.hoymercedes.com.ar\/principal\/2020\/06\/24\/ruta-5-heridas-leves-tras-una-colision-entre-dos-autos\/","title":{"rendered":"Ruta 5: Heridas leves tras una colisi\u00f3n entre dos autos"},"content":{"rendered":"\n<p>En la tarde de este martes, en la salida de Mercedes de Acceso Sur, ya en la Ruta Nacional N\u00b0 5 se produjo una violenta colisi\u00f3n entre dos autom\u00f3viles con heridos leves. <\/p>\n\n\n\n<div class=\"wp-block-image\"><figure class=\"aligncenter size-large\"><img loading=\"lazy\" decoding=\"async\" width=\"800\" height=\"543\" data-attachment-id=\"112569\" data-permalink=\"https:\/\/www.hoymercedes.com.ar\/principal\/2020\/06\/24\/ruta-5-heridas-leves-tras-una-colision-entre-dos-autos\/24-choque-1\/#main\" data-orig-file=\"https:\/\/www.hoymercedes.com.ar\/principal\/wp-content\/uploads\/2020\/06\/24-choque-1.jpg\" data-orig-size=\"800,543\" data-comments-opened=\"0\" data-image-meta=\"{&quot;aperture&quot;:&quot;0&quot;,&quot;credit&quot;:&quot;&quot;,&quot;camera&quot;:&quot;&quot;,&quot;caption&quot;:&quot;&quot;,&quot;created_timestamp&quot;:&quot;0&quot;,&quot;copyright&quot;:&quot;&quot;,&quot;focal_length&quot;:&quot;0&quot;,&quot;iso&quot;:&quot;0&quot;,&quot;shutter_speed&quot;:&quot;0&quot;,&quot;title&quot;:&quot;&quot;,&quot;orientation&quot;:&quot;0&quot;}\" data-image-title=\"24 choque 1\" data-image-description=\"\" data-image-caption=\"\" data-large-file=\"https:\/\/www.hoymercedes.com.ar\/principal\/wp-content\/uploads\/2020\/06\/24-choque-1.jpg\" src=\"https:\/\/www.hoymercedes.com.ar\/principal\/wp-content\/uploads\/2020\/06\/24-choque-1.jpg\" alt=\"\" class=\"wp-image-112569\"\/><\/figure><\/div>\n\n\n\n<p>El siniestro ocurri\u00f3 a las 16:15 horas de la tarde del martes cuando un autom\u00f3vil Volkswagen Gol, color gris oscuro, dominio LWC524, que circulaba por acceso sur y al intentar cruzar ruta 5, fue embestido en el lateral derecho, por un autom\u00f3vil Fiat Siena, color rojo, dominio PGO024 que circulaba por la mencionada ruta en direcci\u00f3n Suipacha-Lujan.<\/p>\n\n\n\n<p>El siniestro\u00a0ocurri\u00f3 a pocos metros de donde se halla el operativo de control por COVID 19, cuyo personal acudi\u00f3 r\u00e1pidamente a brindar ayuda a los involucrados en el hecho y sofocar el principio de incendio que comenzaba en uno de los autom\u00f3viles, a la vez que convocaban a los medios de emergencia mercedinos.<\/p>\n\n\n\n<p>A los pocos minutos de hicieron presentes en el lugar m\u00f3viles policiales y ambulancias del SAME local que trasladaron a los ocupantes de los veh\u00edculos hacia el Hospital Blas Dubarry con heridas de car\u00e1cter leve.<\/p>\n\n\n\n<p>Fuente: Jorge Lasala<\/p>\n\n\n\n<div class=\"wp-block-image\"><figure class=\"aligncenter size-large\"><img loading=\"lazy\" decoding=\"async\" width=\"739\" height=\"600\" data-attachment-id=\"112570\" data-permalink=\"https:\/\/www.hoymercedes.com.ar\/principal\/2020\/06\/24\/ruta-5-heridas-leves-tras-una-colision-entre-dos-autos\/24-choque-2\/#main\" data-orig-file=\"https:\/\/www.hoymercedes.com.ar\/principal\/wp-content\/uploads\/2020\/06\/24-choque-2.jpg\" data-orig-size=\"739,600\" data-comments-opened=\"0\" data-image-meta=\"{&quot;aperture&quot;:&quot;0&quot;,&quot;credit&quot;:&quot;&quot;,&quot;camera&quot;:&quot;&quot;,&quot;caption&quot;:&quot;&quot;,&quot;created_timestamp&quot;:&quot;0&quot;,&quot;copyright&quot;:&quot;&quot;,&quot;focal_length&quot;:&quot;0&quot;,&quot;iso&quot;:&quot;0&quot;,&quot;shutter_speed&quot;:&quot;0&quot;,&quot;title&quot;:&quot;&quot;,&quot;orientation&quot;:&quot;0&quot;}\" data-image-title=\"24 choque 2\" data-image-description=\"\" data-image-caption=\"\" data-large-file=\"https:\/\/www.hoymercedes.com.ar\/principal\/wp-content\/uploads\/2020\/06\/24-choque-2.jpg\" src=\"https:\/\/www.hoymercedes.com.ar\/principal\/wp-content\/uploads\/2020\/06\/24-choque-2.jpg\" alt=\"\" class=\"wp-image-112570\"\/><\/figure><\/div>\n","protected":false},"excerpt":{"rendered":"<p>En la tarde de este martes, en la salida de Mercedes de Acceso Sur, ya en la Ruta Nacional N\u00b0 &#8230; <a title=\"Ruta 5: Heridas leves tras una colisi\u00f3n entre dos autos\" class=\"read-more\" href=\"https:\/\/www.hoymercedes.com.ar\/principal\/2020\/06\/24\/ruta-5-heridas-leves-tras-una-colision-entre-dos-autos\/\" aria-label=\"Leer m\u00e1s sobre Ruta 5: Heridas leves tras una colisi\u00f3n entre dos autos\">Leer m\u00e1s<\/a><\/p>\n","protected":false},"author":1,"featured_media":112570,"comment_status":"closed","ping_status":"open","sticky":false,"template":"","format":"standard","meta":{"_monsterinsights_skip_tracking":false,"_monsterinsights_sitenote_active":false,"_monsterinsights_sitenote_note":"","_monsterinsights_sitenote_category":0,"jetpack_post_was_ever_published":false,"_jetpack_newsletter_access":"","_jetpack_dont_email_post_to_subs":false,"_jetpack_newsletter_tier_id":0,"_jetpack_memberships_contains_paywalled_content":false,"_jetpack_memberships_contains_paid_content":false,"footnotes":"","jetpack_publicize_message":"","jetpack_publicize_feature_enabled":true,"jetpack_social_post_already_shared":true,"jetpack_social_options":{"image_generator_settings":{"template":"highway","default_image_id":0,"font":"","enabled":false},"version":2},"_wpas_customize_per_network":false},"categories":[85],"tags":[3260,16056,96,538,10395],"class_list":["post-112568","post","type-post","status-publish","format-standard","has-post-thumbnail","hentry","category-policial","tag-choque","tag-colision","tag-policial-2","tag-ruta-5","tag-siniestro-vial","generate-columns","tablet-grid-50","mobile-grid-100","grid-parent","grid-50"],"jetpack_publicize_connections":[],"jetpack_featured_media_url":"https:\/\/www.hoymercedes.com.ar\/principal\/wp-content\/uploads\/2020\/06\/24-choque-2.jpg","wps_subtitle":"En la tarde del martes","jetpack_sharing_enabled":true,"_links":{"self":[{"href":"https:\/\/www.hoymercedes.com.ar\/principal\/wp-json\/wp\/v2\/posts\/112568","targetHints":{"allow":["GET"]}}],"collection":[{"href":"https:\/\/www.hoymercedes.com.ar\/principal\/wp-json\/wp\/v2\/posts"}],"about":[{"href":"https:\/\/www.hoymercedes.com.ar\/principal\/wp-json\/wp\/v2\/types\/post"}],"author":[{"embeddable":true,"href":"https:\/\/www.hoymercedes.com.ar\/principal\/wp-json\/wp\/v2\/users\/1"}],"replies":[{"embeddable":true,"href":"https:\/\/www.hoymercedes.com.ar\/principal\/wp-json\/wp\/v2\/comments?post=112568"}],"version-history":[{"count":0,"href":"https:\/\/www.hoymercedes.com.ar\/principal\/wp-json\/wp\/v2\/posts\/112568\/revisions"}],"wp:featuredmedia":[{"embeddable":true,"href":"https:\/\/www.hoymercedes.com.ar\/principal\/wp-json\/wp\/v2\/media\/112570"}],"wp:attachment":[{"href":"https:\/\/www.hoymercedes.com.ar\/principal\/wp-json\/wp\/v2\/media?parent=112568"}],"wp:term":[{"taxonomy":"category","embeddable":true,"href":"https:\/\/www.hoymercedes.com.ar\/principal\/wp-json\/wp\/v2\/categories?post=112568"},{"taxonomy":"post_tag","embeddable":true,"href":"https:\/\/www.hoymercedes.com.ar\/principal\/wp-json\/wp\/v2\/tags?post=112568"}],"curies":[{"name":"wp","href":"https:\/\/api.w.org\/{rel}","templated":true}]}}