{"id":112577,"date":"2020-06-24T13:57:13","date_gmt":"2020-06-24T16:57:13","guid":{"rendered":"http:\/\/www.hoymercedes.com.ar\/principal\/?p=112577"},"modified":"2020-06-24T13:57:19","modified_gmt":"2020-06-24T16:57:19","slug":"el-comite-de-emergencia-barrial-recorrio-el-barrio-malvinas","status":"publish","type":"post","link":"https:\/\/www.hoymercedes.com.ar\/principal\/2020\/06\/24\/el-comite-de-emergencia-barrial-recorrio-el-barrio-malvinas\/","title":{"rendered":"El comit\u00e9 de emergencia barrial recorri\u00f3 el barrio Malvinas"},"content":{"rendered":"\n<p>Hasta el barrio Malvinas se lleg\u00f3 el Comit\u00e9 de Emergencia Barrial para llevar informaci\u00f3n en materia preventiva contra el coronavirus y preparar a los vecinos, referentes e instituciones ante una eventual emergencia surgida de la pandemia.<\/p>\n\n\n\n<p>Los Comit\u00e9 de Emergencia Barrial son dispositivos anclados en cada barrio o varios de cercan\u00eda para contar con informaci\u00f3n actualidad del estado socio sanitario de los vecinos, de las potenciales necesidades, detectar nuevas asistencias y contar con herramientas de r\u00e1pida intervenci\u00f3n ante la eventual aparici\u00f3n de casos de coronavirus.<\/p>\n\n\n\n<figure class=\"wp-block-image size-large\"><img loading=\"lazy\" decoding=\"async\" width=\"867\" height=\"578\" data-attachment-id=\"112579\" data-permalink=\"https:\/\/www.hoymercedes.com.ar\/principal\/2020\/06\/24\/el-comite-de-emergencia-barrial-recorrio-el-barrio-malvinas\/24-operativo\/#main\" data-orig-file=\"https:\/\/www.hoymercedes.com.ar\/principal\/wp-content\/uploads\/2020\/06\/24-operativo.jpeg\" data-orig-size=\"867,578\" data-comments-opened=\"0\" data-image-meta=\"{&quot;aperture&quot;:&quot;0&quot;,&quot;credit&quot;:&quot;&quot;,&quot;camera&quot;:&quot;&quot;,&quot;caption&quot;:&quot;&quot;,&quot;created_timestamp&quot;:&quot;0&quot;,&quot;copyright&quot;:&quot;&quot;,&quot;focal_length&quot;:&quot;0&quot;,&quot;iso&quot;:&quot;0&quot;,&quot;shutter_speed&quot;:&quot;0&quot;,&quot;title&quot;:&quot;&quot;,&quot;orientation&quot;:&quot;0&quot;}\" data-image-title=\"24 operativo\" data-image-description=\"\" data-image-caption=\"\" data-large-file=\"https:\/\/www.hoymercedes.com.ar\/principal\/wp-content\/uploads\/2020\/06\/24-operativo.jpeg\" src=\"https:\/\/www.hoymercedes.com.ar\/principal\/wp-content\/uploads\/2020\/06\/24-operativo.jpeg\" alt=\"\" class=\"wp-image-112579\"\/><\/figure>\n","protected":false},"excerpt":{"rendered":"<p>Hasta el barrio Malvinas se lleg\u00f3 el Comit\u00e9 de Emergencia Barrial para llevar informaci\u00f3n en materia preventiva contra el coronavirus &#8230; <a title=\"El comit\u00e9 de emergencia barrial recorri\u00f3 el barrio Malvinas\" class=\"read-more\" href=\"https:\/\/www.hoymercedes.com.ar\/principal\/2020\/06\/24\/el-comite-de-emergencia-barrial-recorrio-el-barrio-malvinas\/\" aria-label=\"Leer m\u00e1s sobre El comit\u00e9 de emergencia barrial recorri\u00f3 el barrio Malvinas\">Leer m\u00e1s<\/a><\/p>\n","protected":false},"author":1,"featured_media":112579,"comment_status":"closed","ping_status":"open","sticky":false,"template":"","format":"standard","meta":{"_monsterinsights_skip_tracking":false,"_monsterinsights_sitenote_active":false,"_monsterinsights_sitenote_note":"","_monsterinsights_sitenote_category":0,"jetpack_post_was_ever_published":false,"_jetpack_newsletter_access":"","_jetpack_dont_email_post_to_subs":false,"_jetpack_newsletter_tier_id":0,"_jetpack_memberships_contains_paywalled_content":false,"_jetpack_memberships_contains_paid_content":false,"footnotes":"","jetpack_publicize_message":"","jetpack_publicize_feature_enabled":true,"jetpack_social_post_already_shared":true,"jetpack_social_options":{"image_generator_settings":{"template":"highway","default_image_id":0,"font":"","enabled":false},"version":2},"_wpas_customize_per_network":false},"categories":[30],"tags":[],"class_list":["post-112577","post","type-post","status-publish","format-standard","has-post-thumbnail","hentry","category-municipio","generate-columns","tablet-grid-50","mobile-grid-100","grid-parent","grid-50"],"jetpack_publicize_connections":[],"jetpack_featured_media_url":"https:\/\/www.hoymercedes.com.ar\/principal\/wp-content\/uploads\/2020\/06\/24-operativo.jpeg","wps_subtitle":"","jetpack_sharing_enabled":true,"_links":{"self":[{"href":"https:\/\/www.hoymercedes.com.ar\/principal\/wp-json\/wp\/v2\/posts\/112577","targetHints":{"allow":["GET"]}}],"collection":[{"href":"https:\/\/www.hoymercedes.com.ar\/principal\/wp-json\/wp\/v2\/posts"}],"about":[{"href":"https:\/\/www.hoymercedes.com.ar\/principal\/wp-json\/wp\/v2\/types\/post"}],"author":[{"embeddable":true,"href":"https:\/\/www.hoymercedes.com.ar\/principal\/wp-json\/wp\/v2\/users\/1"}],"replies":[{"embeddable":true,"href":"https:\/\/www.hoymercedes.com.ar\/principal\/wp-json\/wp\/v2\/comments?post=112577"}],"version-history":[{"count":0,"href":"https:\/\/www.hoymercedes.com.ar\/principal\/wp-json\/wp\/v2\/posts\/112577\/revisions"}],"wp:featuredmedia":[{"embeddable":true,"href":"https:\/\/www.hoymercedes.com.ar\/principal\/wp-json\/wp\/v2\/media\/112579"}],"wp:attachment":[{"href":"https:\/\/www.hoymercedes.com.ar\/principal\/wp-json\/wp\/v2\/media?parent=112577"}],"wp:term":[{"taxonomy":"category","embeddable":true,"href":"https:\/\/www.hoymercedes.com.ar\/principal\/wp-json\/wp\/v2\/categories?post=112577"},{"taxonomy":"post_tag","embeddable":true,"href":"https:\/\/www.hoymercedes.com.ar\/principal\/wp-json\/wp\/v2\/tags?post=112577"}],"curies":[{"name":"wp","href":"https:\/\/api.w.org\/{rel}","templated":true}]}}