{"id":112580,"date":"2020-06-24T17:58:19","date_gmt":"2020-06-24T20:58:19","guid":{"rendered":"http:\/\/www.hoymercedes.com.ar\/principal\/?p=112580"},"modified":"2020-06-24T22:20:04","modified_gmt":"2020-06-25T01:20:04","slug":"hcd-hubo-sesion-y-proyectan-la-asamblea-con-mayores-contribuyentes-para-el-2-de-julio","status":"publish","type":"post","link":"https:\/\/www.hoymercedes.com.ar\/principal\/2020\/06\/24\/hcd-hubo-sesion-y-proyectan-la-asamblea-con-mayores-contribuyentes-para-el-2-de-julio\/","title":{"rendered":"HCD: hubo sesi\u00f3n y proyectan la Asamblea con Mayores contribuyentes para el 2 de julio"},"content":{"rendered":"\n<p>En la noche del lunes \u00faltimos se llev\u00f3 a cabo una nueva sesi\u00f3n del Concejo Deliberante de Mercedes. Este mi\u00e9rcoles se confirm\u00f3 la convocatoria para la Asamblea con los Mayores Contribuyentes para el 2 de julio, 10 horas. En la Asamblea trabajar\u00e1n una modificaci\u00f3n en la Ordenanza Fiscal e Impositiva 2020 que implica incremento en las tasas para las entidades bancarias. Ver video de la sesi\u00f3n. <\/p>\n\n\n\n<figure class=\"wp-block-embed-facebook wp-block-embed is-type-video is-provider-facebook\"><div class=\"wp-block-embed__wrapper\">\n<div class=\"fb-video\" data-allowfullscreen=\"true\" data-href=\"https:\/\/www.facebook.com\/hcd.mercedes\/videos\/261746768586959\/\" style=\"background-color: #fff; display: inline-block;\"><\/div>\n<\/div><\/figure>\n","protected":false},"excerpt":{"rendered":"<p>En la noche del lunes \u00faltimos se llev\u00f3 a cabo una nueva sesi\u00f3n del Concejo Deliberante de Mercedes. Este mi\u00e9rcoles &#8230; <a title=\"HCD: hubo sesi\u00f3n y proyectan la Asamblea con Mayores contribuyentes para el 2 de julio\" class=\"read-more\" href=\"https:\/\/www.hoymercedes.com.ar\/principal\/2020\/06\/24\/hcd-hubo-sesion-y-proyectan-la-asamblea-con-mayores-contribuyentes-para-el-2-de-julio\/\" aria-label=\"Leer m\u00e1s sobre HCD: hubo sesi\u00f3n y proyectan la Asamblea con Mayores contribuyentes para el 2 de julio\">Leer m\u00e1s<\/a><\/p>\n","protected":false},"author":1,"featured_media":112505,"comment_status":"closed","ping_status":"open","sticky":false,"template":"","format":"standard","meta":{"_monsterinsights_skip_tracking":false,"_monsterinsights_sitenote_active":false,"_monsterinsights_sitenote_note":"","_monsterinsights_sitenote_category":0,"jetpack_post_was_ever_published":false,"_jetpack_newsletter_access":"","_jetpack_dont_email_post_to_subs":false,"_jetpack_newsletter_tier_id":0,"_jetpack_memberships_contains_paywalled_content":false,"_jetpack_memberships_contains_paid_content":false,"footnotes":"","jetpack_publicize_message":"","jetpack_publicize_feature_enabled":true,"jetpack_social_post_already_shared":true,"jetpack_social_options":{"image_generator_settings":{"template":"highway","default_image_id":0,"font":"","enabled":false},"version":2},"_wpas_customize_per_network":false},"categories":[5],"tags":[236,15,5319,9095],"class_list":["post-112580","post","type-post","status-publish","format-standard","has-post-thumbnail","hentry","category-politica","tag-concejo-deliberante","tag-hcd","tag-politica-2","tag-sesion","generate-columns","tablet-grid-50","mobile-grid-100","grid-parent","grid-50"],"jetpack_publicize_connections":[],"jetpack_featured_media_url":"https:\/\/www.hoymercedes.com.ar\/principal\/wp-content\/uploads\/2020\/06\/22-recinto-vacio.jpeg","wps_subtitle":"En la noche del lunes se sesion\u00f3","jetpack_sharing_enabled":true,"_links":{"self":[{"href":"https:\/\/www.hoymercedes.com.ar\/principal\/wp-json\/wp\/v2\/posts\/112580","targetHints":{"allow":["GET"]}}],"collection":[{"href":"https:\/\/www.hoymercedes.com.ar\/principal\/wp-json\/wp\/v2\/posts"}],"about":[{"href":"https:\/\/www.hoymercedes.com.ar\/principal\/wp-json\/wp\/v2\/types\/post"}],"author":[{"embeddable":true,"href":"https:\/\/www.hoymercedes.com.ar\/principal\/wp-json\/wp\/v2\/users\/1"}],"replies":[{"embeddable":true,"href":"https:\/\/www.hoymercedes.com.ar\/principal\/wp-json\/wp\/v2\/comments?post=112580"}],"version-history":[{"count":0,"href":"https:\/\/www.hoymercedes.com.ar\/principal\/wp-json\/wp\/v2\/posts\/112580\/revisions"}],"wp:featuredmedia":[{"embeddable":true,"href":"https:\/\/www.hoymercedes.com.ar\/principal\/wp-json\/wp\/v2\/media\/112505"}],"wp:attachment":[{"href":"https:\/\/www.hoymercedes.com.ar\/principal\/wp-json\/wp\/v2\/media?parent=112580"}],"wp:term":[{"taxonomy":"category","embeddable":true,"href":"https:\/\/www.hoymercedes.com.ar\/principal\/wp-json\/wp\/v2\/categories?post=112580"},{"taxonomy":"post_tag","embeddable":true,"href":"https:\/\/www.hoymercedes.com.ar\/principal\/wp-json\/wp\/v2\/tags?post=112580"}],"curies":[{"name":"wp","href":"https:\/\/api.w.org\/{rel}","templated":true}]}}