{"id":112605,"date":"2020-06-24T22:18:00","date_gmt":"2020-06-25T01:18:00","guid":{"rendered":"http:\/\/www.hoymercedes.com.ar\/principal\/?p=112605"},"modified":"2020-06-24T22:20:31","modified_gmt":"2020-06-25T01:20:31","slug":"coronavirus-suipacha-confirmo-su-primer-caso-positivo-de-covid-19","status":"publish","type":"post","link":"https:\/\/www.hoymercedes.com.ar\/principal\/2020\/06\/24\/coronavirus-suipacha-confirmo-su-primer-caso-positivo-de-covid-19\/","title":{"rendered":"Coronavirus: Suipacha confirm\u00f3 su primer caso positivo de covid-19"},"content":{"rendered":"\n<p>A pocos d\u00edas de cumplirse los cuatro meses desde que lleg\u00f3 el virus que produce covid-19 a la Argentina, la localidad de Suipacha que no hab\u00eda tenido ning\u00fan caso y que transitaba la fase 5 con comercios abiertos y actividades recreativas al aire libre para los vecinos, confirm\u00f3 este mi\u00e9rcoles su primer caso positivo de la enfermedad que preocupa al mundo.<\/p>\n\n\n\n<p>A trav\u00e9s de una conferencia de prensa trasmitida online, el Intendente de Suipacha Alejandro Federico dio precisiones del primer caso positivo de covid-19 de la vecina localidad.  De acuerdo a las palabras del Jefe Comunal de Suipacha y a los m\u00e9dicos que lo acompa\u00f1aron, se trata de un hombre de 50 a\u00f1os asiduo viajante a la zona de AMBA que est\u00e1 en aislamiento en el hospital local, estable. <\/p>\n\n\n\n<p>El Comit\u00e9 de Crisis de la localidad de Suipacha inform\u00f3 que los contactos estrechos fueron aislados y est\u00e1n realizando los estudios epidemiol\u00f3gicos correspondientes para evitar la propagaci\u00f3n del virus buscando a cada una de las personas con las que pudo haber estado.<\/p>\n\n\n\n<figure class=\"wp-block-embed-facebook wp-block-embed is-type-video is-provider-facebook\"><div class=\"wp-block-embed__wrapper\">\n<div class=\"fb-video\" data-allowfullscreen=\"true\" data-href=\"https:\/\/www.facebook.com\/1193651483997685\/videos\/270154317639222\/\" style=\"background-color: #fff; display: inline-block;\"><\/div>\n<\/div><\/figure>\n","protected":false},"excerpt":{"rendered":"<p>A pocos d\u00edas de cumplirse los cuatro meses desde que lleg\u00f3 el virus que produce covid-19 a la Argentina, la &#8230; <a title=\"Coronavirus: Suipacha confirm\u00f3 su primer caso positivo de covid-19\" class=\"read-more\" href=\"https:\/\/www.hoymercedes.com.ar\/principal\/2020\/06\/24\/coronavirus-suipacha-confirmo-su-primer-caso-positivo-de-covid-19\/\" aria-label=\"Leer m\u00e1s sobre Coronavirus: Suipacha confirm\u00f3 su primer caso positivo de covid-19\">Leer m\u00e1s<\/a><\/p>\n","protected":false},"author":1,"featured_media":112613,"comment_status":"closed","ping_status":"open","sticky":false,"template":"","format":"standard","meta":{"_monsterinsights_skip_tracking":false,"_monsterinsights_sitenote_active":false,"_monsterinsights_sitenote_note":"","_monsterinsights_sitenote_category":0,"jetpack_post_was_ever_published":false,"_jetpack_newsletter_access":"","_jetpack_dont_email_post_to_subs":false,"_jetpack_newsletter_tier_id":0,"_jetpack_memberships_contains_paywalled_content":false,"_jetpack_memberships_contains_paid_content":false,"footnotes":"","jetpack_publicize_message":"","jetpack_publicize_feature_enabled":true,"jetpack_social_post_already_shared":false,"jetpack_social_options":{"image_generator_settings":{"template":"highway","default_image_id":0,"font":"","enabled":false},"version":2},"_wpas_customize_per_network":false},"categories":[5501],"tags":[16646,16175,16313,9322,134,559],"class_list":["post-112605","post","type-post","status-publish","format-standard","has-post-thumbnail","hentry","category-region","tag-caso-positivo","tag-coronavirus","tag-covid-19","tag-region","tag-salud","tag-suipacha","generate-columns","tablet-grid-50","mobile-grid-100","grid-parent","grid-50"],"jetpack_publicize_connections":[],"jetpack_featured_media_url":"https:\/\/www.hoymercedes.com.ar\/principal\/wp-content\/uploads\/2020\/06\/24-suipacha-covid.png","wps_subtitle":"Salud regional","jetpack_sharing_enabled":true,"_links":{"self":[{"href":"https:\/\/www.hoymercedes.com.ar\/principal\/wp-json\/wp\/v2\/posts\/112605","targetHints":{"allow":["GET"]}}],"collection":[{"href":"https:\/\/www.hoymercedes.com.ar\/principal\/wp-json\/wp\/v2\/posts"}],"about":[{"href":"https:\/\/www.hoymercedes.com.ar\/principal\/wp-json\/wp\/v2\/types\/post"}],"author":[{"embeddable":true,"href":"https:\/\/www.hoymercedes.com.ar\/principal\/wp-json\/wp\/v2\/users\/1"}],"replies":[{"embeddable":true,"href":"https:\/\/www.hoymercedes.com.ar\/principal\/wp-json\/wp\/v2\/comments?post=112605"}],"version-history":[{"count":0,"href":"https:\/\/www.hoymercedes.com.ar\/principal\/wp-json\/wp\/v2\/posts\/112605\/revisions"}],"wp:featuredmedia":[{"embeddable":true,"href":"https:\/\/www.hoymercedes.com.ar\/principal\/wp-json\/wp\/v2\/media\/112613"}],"wp:attachment":[{"href":"https:\/\/www.hoymercedes.com.ar\/principal\/wp-json\/wp\/v2\/media?parent=112605"}],"wp:term":[{"taxonomy":"category","embeddable":true,"href":"https:\/\/www.hoymercedes.com.ar\/principal\/wp-json\/wp\/v2\/categories?post=112605"},{"taxonomy":"post_tag","embeddable":true,"href":"https:\/\/www.hoymercedes.com.ar\/principal\/wp-json\/wp\/v2\/tags?post=112605"}],"curies":[{"name":"wp","href":"https:\/\/api.w.org\/{rel}","templated":true}]}}