{"id":112639,"date":"2020-06-25T16:47:46","date_gmt":"2020-06-25T19:47:46","guid":{"rendered":"http:\/\/www.hoymercedes.com.ar\/principal\/?p=112639"},"modified":"2020-06-26T12:27:28","modified_gmt":"2020-06-26T15:27:28","slug":"municipio-articula-acciones-con-ministerio-de-desarrollo-territorial-y-habitat","status":"publish","type":"post","link":"https:\/\/www.hoymercedes.com.ar\/principal\/2020\/06\/25\/municipio-articula-acciones-con-ministerio-de-desarrollo-territorial-y-habitat\/","title":{"rendered":"Municipio articula acciones con Ministerio de Desarrollo Territorial y H\u00e1bitat"},"content":{"rendered":"\n<p>El Intendente Juan Ustarroz junto con a su Subsecretario de Viviendas y Tierras Javier Guevara, participaron en la ma\u00f1ana de este mi\u00e9rcoles de una videoconferencia en la cual el licenciado Luciano Scatolini junto a Juan Duarte e integrantes del equipo de trabajo del Ministerio de Desarrollo Territorial y H\u00e1bitat de la Naci\u00f3n brindaron pautas de trabajo para la implementaci\u00f3n de los diversos programas que integran el plan Argentina Construye que prev\u00e9 invertir 29 mil millones de pesos en la argentina durante el presente a\u00f1o.<\/p>\n\n\n\n<p>En el encuentro, que se prolong\u00f3 por casi una hora, Scatolini junto al resto de los funcionarios nacionales explicaron c\u00f3mo se realizar\u00eda las operatorias y la inminente puesta en marcha de los mismos y es que si bien ya se asignaron partidas presupuestarias para lograr avanzar en el objetivo que es disminuir el d\u00e9ficit habitacional y \u2013al mismo tiempo- poner en marcha la industria de la construcci\u00f3n; se debieron modificar la instrumentaci\u00f3n como consecuencia de la pandemia.<\/p>\n\n\n\n<p>El encuentro sirvi\u00f3 para que Mercedes se sume a un ambicioso proyecto de trabajo territorial que incluye a localidades vecinas y que tiene financiaci\u00f3n del BID el cual se suele realizar en grandes conglomerados urbanos pero en esta caso se defini\u00f3 realizarlo por primera vez entre cuatro localidades del interior bonaerense estando esta ciudad integrada a tal proyecto.<\/p>\n\n\n\n<p>Los funcionarios detallaron las cuatro l\u00edneas de cr\u00e9dito que lanzar\u00e1n desde ProCreAr que prev\u00e9 colaborar ya sea en el mejoramiento, en la conclusi\u00f3n o en la construcci\u00f3n de viviendas individuales de hasta 70 metros cuadrados. Como dato especial, desde el Ministerio anunciaron que se dictar\u00eda un curso especial destinado a todos los funcionarios vinculados al h\u00e1bitat en la provincia de Buenos Aires el cual tendr\u00eda una modalidad semi presencial.<\/p>\n\n\n\n<p>Para Ustarroz este tipo de encuentros \u201ces \u00fatil para poder implementar r\u00e1pidamente los programas que se est\u00e1n dise\u00f1ando a nivel nacional con el fin de construir viviendas, que es una de las grandes demandas de la sociedad\u201d.<\/p>\n\n\n\n<p>Fuente: Prensa Municipal <\/p>\n","protected":false},"excerpt":{"rendered":"<p>El Intendente Juan Ustarroz junto con a su Subsecretario de Viviendas y Tierras Javier Guevara, participaron en la ma\u00f1ana de &#8230; <a title=\"Municipio articula acciones con Ministerio de Desarrollo Territorial y H\u00e1bitat\" class=\"read-more\" href=\"https:\/\/www.hoymercedes.com.ar\/principal\/2020\/06\/25\/municipio-articula-acciones-con-ministerio-de-desarrollo-territorial-y-habitat\/\" aria-label=\"Leer m\u00e1s sobre Municipio articula acciones con Ministerio de Desarrollo Territorial y H\u00e1bitat\">Leer m\u00e1s<\/a><\/p>\n","protected":false},"author":1,"featured_media":112641,"comment_status":"closed","ping_status":"open","sticky":false,"template":"","format":"standard","meta":{"_monsterinsights_skip_tracking":false,"_monsterinsights_sitenote_active":false,"_monsterinsights_sitenote_note":"","_monsterinsights_sitenote_category":0,"jetpack_post_was_ever_published":false,"_jetpack_newsletter_access":"","_jetpack_dont_email_post_to_subs":false,"_jetpack_newsletter_tier_id":0,"_jetpack_memberships_contains_paywalled_content":false,"_jetpack_memberships_contains_paid_content":false,"footnotes":"","jetpack_publicize_message":"","jetpack_publicize_feature_enabled":true,"jetpack_social_post_already_shared":true,"jetpack_social_options":{"image_generator_settings":{"template":"highway","default_image_id":0,"font":"","enabled":false},"version":2},"_wpas_customize_per_network":false},"categories":[30],"tags":[335,244],"class_list":["post-112639","post","type-post","status-publish","format-standard","has-post-thumbnail","hentry","category-municipio","tag-ministerio-de-desarrollo","tag-municipio-2","generate-columns","tablet-grid-50","mobile-grid-100","grid-parent","grid-50"],"jetpack_publicize_connections":[],"jetpack_featured_media_url":"https:\/\/www.hoymercedes.com.ar\/principal\/wp-content\/uploads\/2020\/06\/25-muni-habtiat.jpeg","wps_subtitle":"","jetpack_sharing_enabled":true,"_links":{"self":[{"href":"https:\/\/www.hoymercedes.com.ar\/principal\/wp-json\/wp\/v2\/posts\/112639","targetHints":{"allow":["GET"]}}],"collection":[{"href":"https:\/\/www.hoymercedes.com.ar\/principal\/wp-json\/wp\/v2\/posts"}],"about":[{"href":"https:\/\/www.hoymercedes.com.ar\/principal\/wp-json\/wp\/v2\/types\/post"}],"author":[{"embeddable":true,"href":"https:\/\/www.hoymercedes.com.ar\/principal\/wp-json\/wp\/v2\/users\/1"}],"replies":[{"embeddable":true,"href":"https:\/\/www.hoymercedes.com.ar\/principal\/wp-json\/wp\/v2\/comments?post=112639"}],"version-history":[{"count":0,"href":"https:\/\/www.hoymercedes.com.ar\/principal\/wp-json\/wp\/v2\/posts\/112639\/revisions"}],"wp:featuredmedia":[{"embeddable":true,"href":"https:\/\/www.hoymercedes.com.ar\/principal\/wp-json\/wp\/v2\/media\/112641"}],"wp:attachment":[{"href":"https:\/\/www.hoymercedes.com.ar\/principal\/wp-json\/wp\/v2\/media?parent=112639"}],"wp:term":[{"taxonomy":"category","embeddable":true,"href":"https:\/\/www.hoymercedes.com.ar\/principal\/wp-json\/wp\/v2\/categories?post=112639"},{"taxonomy":"post_tag","embeddable":true,"href":"https:\/\/www.hoymercedes.com.ar\/principal\/wp-json\/wp\/v2\/tags?post=112639"}],"curies":[{"name":"wp","href":"https:\/\/api.w.org\/{rel}","templated":true}]}}