{"id":112669,"date":"2020-06-26T15:48:52","date_gmt":"2020-06-26T18:48:52","guid":{"rendered":"http:\/\/www.hoymercedes.com.ar\/principal\/?p=112669"},"modified":"2020-06-26T19:46:52","modified_gmt":"2020-06-26T22:46:52","slug":"nueva-reunion-del-comite-de-crisis-para-analizar-la-situacion-epidemiologica","status":"publish","type":"post","link":"https:\/\/www.hoymercedes.com.ar\/principal\/2020\/06\/26\/nueva-reunion-del-comite-de-crisis-para-analizar-la-situacion-epidemiologica\/","title":{"rendered":"Nueva reuni\u00f3n del Comit\u00e9 de Crisis para analizar la situaci\u00f3n epidemiol\u00f3gica"},"content":{"rendered":"\n<p>En la ma\u00f1ana de este viernes, se llev\u00f3 adelante una nueva reuni\u00f3n del Comit\u00e9 de Crisis con el fin de analizar la situaci\u00f3n epidemiol\u00f3gica ante la confirmaci\u00f3n de cinco casos positivos el d\u00eda mi\u00e9rcoles y a la espera de resultados de an\u00e1lisis realizados a los contactos estrechos de los pacientes. En el encuentro realizado en el Teatro Argentino se dio cuenta de los controles en la estaci\u00f3n de tren y analizaron cambiar los recorridos de l\u00edneas de colectivos. Asimismo, se confirm\u00f3 que 1500 mercedinos activaron la aplicaci\u00f3n CirculAR, que tiene como fin realizar un seguimiento a quienes viajan period\u00edcamente a la zona del AMBA. Se aplicar\u00e1n controles focalizados y con seguimiento.<\/p>\n\n\n\n<p>Una de las cuestiones planteadas ante los nuevos casos es la realidad epidemiol\u00f3gica en Mercedes. De acuerdo a lo conversado, la situaci\u00f3n en la ciudad sigue igual, \u00abporque son externos\u00bb, sin embargo, afirmaron que \u00abestamos en una etapa de transici\u00f3n hacia una potencial transmisi\u00f3n comunitaria\u00bb. La regi\u00f3n elev\u00f3 la cantidad de casos. <\/p>\n\n\n\n<p>\u00abEn cuanto a CirculAR en las primeras jornadas el resultado fue muy bueno. Se trabaja para instrumentar aislamiento estricto para quienes regresen de zona de circulaci\u00f3n. Al regresar de trabajar o diligencia que efect\u00faen deben quedarse en su domicilio y que los mandados o tr\u00e1mites dentro de la ciudad lo realice otro integrante del seno familiar para que este tome todas las precauciones\u201d, explicaron<\/p>\n\n\n\n<p>Se incrementaron los controles en la estaci\u00f3n de tren junto al Servicio Penitenciario. Sumar\u00e1n los controles a los mercedinos que viajen verificando sus certificados de circulaci\u00f3n y temperatura. \u00abEn cuanto a los colectivos se les solicitar\u00e1 ingresen por avenida 40 con s\u00f3lo dos o tres paradas m\u00e1ximo y en dicho ingreso se verificar\u00e1n las autorizaciones de circulaci\u00f3n de los pasajeros. Tambi\u00e9n temperatura. As\u00ed y todo se remarc\u00f3 que los pasajeros son muy pocos y de excepci\u00f3n. La ca\u00edda de viajantes es mucha\u00bb, explicaron desde el Municipio.<\/p>\n\n\n\n<p>\u00abSe trabaja mucho m\u00e1s con focalizaci\u00f3n de casos y sectores. De esa manera incrementar controles, tal como esta semana el jefe comunal lo hizo con distribuidores de verduler\u00edas y frigor\u00edficos. En Industria se aplicar\u00eda igual medida que en obra privada, no permitiendo ingreso de personas no mercedinas. Tambi\u00e9n tenemos un call center que funciona desde hace much\u00edsimo tiempo y lo hace muy bien. El llamar a una familia y buscar informaci\u00f3n ha sido algo positivo en el seguimiento, prevenci\u00f3n y control. La realidad es altamente din\u00e1mica. Esperamos m\u00e1s casos y efectuamos un seguimiento diario\u201d, agregan tras la reuni\u00f3n del Comit\u00e9 de Crisis<\/p>\n\n\n\n<p>De los 22 casos de Mercedes 14 ya est\u00e1n de alta y est\u00e1n donando plasma. Los 8 activos que quedan 5 son los surgidos esta semana m\u00e1s un personal de Gendarmer\u00eda m\u00e1s 2 del caso \u00edndica del barrio Ravello. Por fuera del covid, se plante\u00f3 la necesidad de donar sangre. <\/p>\n","protected":false},"excerpt":{"rendered":"<p>En la ma\u00f1ana de este viernes, se llev\u00f3 adelante una nueva reuni\u00f3n del Comit\u00e9 de Crisis con el fin de &#8230; <a title=\"Nueva reuni\u00f3n del Comit\u00e9 de Crisis para analizar la situaci\u00f3n epidemiol\u00f3gica\" class=\"read-more\" href=\"https:\/\/www.hoymercedes.com.ar\/principal\/2020\/06\/26\/nueva-reunion-del-comite-de-crisis-para-analizar-la-situacion-epidemiologica\/\" aria-label=\"Leer m\u00e1s sobre Nueva reuni\u00f3n del Comit\u00e9 de Crisis para analizar la situaci\u00f3n epidemiol\u00f3gica\">Leer m\u00e1s<\/a><\/p>\n","protected":false},"author":1,"featured_media":112670,"comment_status":"closed","ping_status":"open","sticky":false,"template":"","format":"standard","meta":{"_monsterinsights_skip_tracking":false,"_monsterinsights_sitenote_active":false,"_monsterinsights_sitenote_note":"","_monsterinsights_sitenote_category":0,"jetpack_post_was_ever_published":false,"_jetpack_newsletter_access":"","_jetpack_dont_email_post_to_subs":false,"_jetpack_newsletter_tier_id":0,"_jetpack_memberships_contains_paywalled_content":false,"_jetpack_memberships_contains_paid_content":false,"footnotes":"","jetpack_publicize_message":"","jetpack_publicize_feature_enabled":true,"jetpack_social_post_already_shared":true,"jetpack_social_options":{"image_generator_settings":{"template":"highway","default_image_id":0,"font":"","enabled":false},"version":2},"_wpas_customize_per_network":false},"categories":[30],"tags":[16345,16175,16313,16775],"class_list":["post-112669","post","type-post","status-publish","format-standard","has-post-thumbnail","hentry","category-municipio","tag-comite-de-crisis","tag-coronavirus","tag-covid-19","tag-fase-4","generate-columns","tablet-grid-50","mobile-grid-100","grid-parent","grid-50"],"jetpack_publicize_connections":[],"jetpack_featured_media_url":"https:\/\/www.hoymercedes.com.ar\/principal\/wp-content\/uploads\/2020\/06\/26-Comite-de-Crisis.jpeg","wps_subtitle":"En la ma\u00f1ana de este viernes","jetpack_sharing_enabled":true,"_links":{"self":[{"href":"https:\/\/www.hoymercedes.com.ar\/principal\/wp-json\/wp\/v2\/posts\/112669","targetHints":{"allow":["GET"]}}],"collection":[{"href":"https:\/\/www.hoymercedes.com.ar\/principal\/wp-json\/wp\/v2\/posts"}],"about":[{"href":"https:\/\/www.hoymercedes.com.ar\/principal\/wp-json\/wp\/v2\/types\/post"}],"author":[{"embeddable":true,"href":"https:\/\/www.hoymercedes.com.ar\/principal\/wp-json\/wp\/v2\/users\/1"}],"replies":[{"embeddable":true,"href":"https:\/\/www.hoymercedes.com.ar\/principal\/wp-json\/wp\/v2\/comments?post=112669"}],"version-history":[{"count":0,"href":"https:\/\/www.hoymercedes.com.ar\/principal\/wp-json\/wp\/v2\/posts\/112669\/revisions"}],"wp:featuredmedia":[{"embeddable":true,"href":"https:\/\/www.hoymercedes.com.ar\/principal\/wp-json\/wp\/v2\/media\/112670"}],"wp:attachment":[{"href":"https:\/\/www.hoymercedes.com.ar\/principal\/wp-json\/wp\/v2\/media?parent=112669"}],"wp:term":[{"taxonomy":"category","embeddable":true,"href":"https:\/\/www.hoymercedes.com.ar\/principal\/wp-json\/wp\/v2\/categories?post=112669"},{"taxonomy":"post_tag","embeddable":true,"href":"https:\/\/www.hoymercedes.com.ar\/principal\/wp-json\/wp\/v2\/tags?post=112669"}],"curies":[{"name":"wp","href":"https:\/\/api.w.org\/{rel}","templated":true}]}}