{"id":112688,"date":"2020-06-26T19:42:20","date_gmt":"2020-06-26T22:42:20","guid":{"rendered":"http:\/\/www.hoymercedes.com.ar\/principal\/?p=112688"},"modified":"2020-06-26T19:44:45","modified_gmt":"2020-06-26T22:44:45","slug":"continuan-las-obras-en-la-avenida-2","status":"publish","type":"post","link":"https:\/\/www.hoymercedes.com.ar\/principal\/2020\/06\/26\/continuan-las-obras-en-la-avenida-2\/","title":{"rendered":"Contin\u00faan las obras en la avenida 2"},"content":{"rendered":"\n<p>Las obras en la avenida 2 esta semana se concentr\u00f3 en las bocacalles de la arteria principal con las calles 19, 21, 23, 25, y el empalme con la Avenida 29 con el pavimento de hormigon. Se realiz\u00f3 todas los cordones de curvas de las bocacalles, se carg\u00f3 con tosca la av 2 y av 17 para posterior realizar la mezcla de suelo cemento. <\/p>\n\n\n\n<p>En tanto, la semana que viene se har\u00e1 el suelo cemento y \u00abcon el hormigon pobre\u00bb, calculando que en un par de semanas, la intersecci\u00f3n de las avenidas 2 y 17, est\u00e9 terminada. Al igual que est\u00e9 listo el hormig\u00f3n de pavimento en las bocacalles y la union con la 29. <\/p>\n\n\n\n<div class=\"wp-block-image\"><figure class=\"aligncenter size-large\"><img loading=\"lazy\" decoding=\"async\" width=\"752\" height=\"569\" data-attachment-id=\"112689\" data-permalink=\"https:\/\/www.hoymercedes.com.ar\/principal\/2020\/06\/26\/continuan-las-obras-en-la-avenida-2\/26-obras-2-2\/#main\" data-orig-file=\"https:\/\/www.hoymercedes.com.ar\/principal\/wp-content\/uploads\/2020\/06\/26-obras-2-2.jpeg\" data-orig-size=\"752,569\" data-comments-opened=\"0\" data-image-meta=\"{&quot;aperture&quot;:&quot;0&quot;,&quot;credit&quot;:&quot;&quot;,&quot;camera&quot;:&quot;&quot;,&quot;caption&quot;:&quot;&quot;,&quot;created_timestamp&quot;:&quot;0&quot;,&quot;copyright&quot;:&quot;&quot;,&quot;focal_length&quot;:&quot;0&quot;,&quot;iso&quot;:&quot;0&quot;,&quot;shutter_speed&quot;:&quot;0&quot;,&quot;title&quot;:&quot;&quot;,&quot;orientation&quot;:&quot;0&quot;}\" data-image-title=\"26 obras 2 2\" data-image-description=\"\" data-image-caption=\"\" data-large-file=\"https:\/\/www.hoymercedes.com.ar\/principal\/wp-content\/uploads\/2020\/06\/26-obras-2-2.jpeg\" src=\"https:\/\/www.hoymercedes.com.ar\/principal\/wp-content\/uploads\/2020\/06\/26-obras-2-2.jpeg\" alt=\"\" class=\"wp-image-112689\"\/><\/figure><\/div>\n\n\n\n<div class=\"wp-block-image\"><figure class=\"aligncenter size-large\"><img loading=\"lazy\" decoding=\"async\" width=\"800\" height=\"550\" data-attachment-id=\"112690\" data-permalink=\"https:\/\/www.hoymercedes.com.ar\/principal\/2020\/06\/26\/continuan-las-obras-en-la-avenida-2\/26-obras-2-1\/#main\" data-orig-file=\"https:\/\/www.hoymercedes.com.ar\/principal\/wp-content\/uploads\/2020\/06\/26-obras-2-1.jpeg\" data-orig-size=\"800,550\" data-comments-opened=\"0\" data-image-meta=\"{&quot;aperture&quot;:&quot;0&quot;,&quot;credit&quot;:&quot;&quot;,&quot;camera&quot;:&quot;&quot;,&quot;caption&quot;:&quot;&quot;,&quot;created_timestamp&quot;:&quot;0&quot;,&quot;copyright&quot;:&quot;&quot;,&quot;focal_length&quot;:&quot;0&quot;,&quot;iso&quot;:&quot;0&quot;,&quot;shutter_speed&quot;:&quot;0&quot;,&quot;title&quot;:&quot;&quot;,&quot;orientation&quot;:&quot;0&quot;}\" data-image-title=\"26 obras 2 1\" data-image-description=\"\" data-image-caption=\"\" data-large-file=\"https:\/\/www.hoymercedes.com.ar\/principal\/wp-content\/uploads\/2020\/06\/26-obras-2-1.jpeg\" src=\"https:\/\/www.hoymercedes.com.ar\/principal\/wp-content\/uploads\/2020\/06\/26-obras-2-1.jpeg\" alt=\"\" class=\"wp-image-112690\"\/><\/figure><\/div>\n","protected":false},"excerpt":{"rendered":"<p>Las obras en la avenida 2 esta semana se concentr\u00f3 en las bocacalles de la arteria principal con las calles &#8230; <a title=\"Contin\u00faan las obras en la avenida 2\" class=\"read-more\" href=\"https:\/\/www.hoymercedes.com.ar\/principal\/2020\/06\/26\/continuan-las-obras-en-la-avenida-2\/\" aria-label=\"Leer m\u00e1s sobre Contin\u00faan las obras en la avenida 2\">Leer m\u00e1s<\/a><\/p>\n","protected":false},"author":1,"featured_media":112690,"comment_status":"closed","ping_status":"open","sticky":false,"template":"","format":"standard","meta":{"_monsterinsights_skip_tracking":false,"_monsterinsights_sitenote_active":false,"_monsterinsights_sitenote_note":"","_monsterinsights_sitenote_category":0,"jetpack_post_was_ever_published":false,"_jetpack_newsletter_access":"","_jetpack_dont_email_post_to_subs":false,"_jetpack_newsletter_tier_id":0,"_jetpack_memberships_contains_paywalled_content":false,"_jetpack_memberships_contains_paid_content":false,"footnotes":"","jetpack_publicize_message":"","jetpack_publicize_feature_enabled":true,"jetpack_social_post_already_shared":true,"jetpack_social_options":{"image_generator_settings":{"template":"highway","default_image_id":0,"font":"","enabled":false},"version":2},"_wpas_customize_per_network":false},"categories":[30],"tags":[771,16774,8628],"class_list":["post-112688","post","type-post","status-publish","format-standard","has-post-thumbnail","hentry","category-municipio","tag-municipalidad","tag-obras-publicos","tag-servicios-publicos","generate-columns","tablet-grid-50","mobile-grid-100","grid-parent","grid-50"],"jetpack_publicize_connections":[],"jetpack_featured_media_url":"https:\/\/www.hoymercedes.com.ar\/principal\/wp-content\/uploads\/2020\/06\/26-obras-2-1.jpeg","wps_subtitle":"Obras p\u00fablicas","jetpack_sharing_enabled":true,"_links":{"self":[{"href":"https:\/\/www.hoymercedes.com.ar\/principal\/wp-json\/wp\/v2\/posts\/112688","targetHints":{"allow":["GET"]}}],"collection":[{"href":"https:\/\/www.hoymercedes.com.ar\/principal\/wp-json\/wp\/v2\/posts"}],"about":[{"href":"https:\/\/www.hoymercedes.com.ar\/principal\/wp-json\/wp\/v2\/types\/post"}],"author":[{"embeddable":true,"href":"https:\/\/www.hoymercedes.com.ar\/principal\/wp-json\/wp\/v2\/users\/1"}],"replies":[{"embeddable":true,"href":"https:\/\/www.hoymercedes.com.ar\/principal\/wp-json\/wp\/v2\/comments?post=112688"}],"version-history":[{"count":0,"href":"https:\/\/www.hoymercedes.com.ar\/principal\/wp-json\/wp\/v2\/posts\/112688\/revisions"}],"wp:featuredmedia":[{"embeddable":true,"href":"https:\/\/www.hoymercedes.com.ar\/principal\/wp-json\/wp\/v2\/media\/112690"}],"wp:attachment":[{"href":"https:\/\/www.hoymercedes.com.ar\/principal\/wp-json\/wp\/v2\/media?parent=112688"}],"wp:term":[{"taxonomy":"category","embeddable":true,"href":"https:\/\/www.hoymercedes.com.ar\/principal\/wp-json\/wp\/v2\/categories?post=112688"},{"taxonomy":"post_tag","embeddable":true,"href":"https:\/\/www.hoymercedes.com.ar\/principal\/wp-json\/wp\/v2\/tags?post=112688"}],"curies":[{"name":"wp","href":"https:\/\/api.w.org\/{rel}","templated":true}]}}