{"id":112700,"date":"2020-06-26T17:57:00","date_gmt":"2020-06-26T20:57:00","guid":{"rendered":"http:\/\/www.hoymercedes.com.ar\/principal\/?p=112700"},"modified":"2020-06-27T20:31:02","modified_gmt":"2020-06-27T23:31:02","slug":"nueva-etapa-de-la-cuarentena-en-la-provincia-de-buenos-aires","status":"publish","type":"post","link":"https:\/\/www.hoymercedes.com.ar\/principal\/2020\/06\/26\/nueva-etapa-de-la-cuarentena-en-la-provincia-de-buenos-aires\/","title":{"rendered":"Nueva etapa de la cuarentena en la provincia de Buenos Aires"},"content":{"rendered":"\n<p>Luego del anuncio televisado del P<a href=\"https:\/\/www.hoymercedes.com.ar\/principal\/2020\/06\/26\/coronavirus-mira-las-infografias-del-anuncio-de-la-extension-de-la-cuarentena\/\" target=\"_blank\" rel=\"noreferrer noopener\">residente de la Naci\u00f3n Alberto Fern\u00e1ndez, el Gobernador de la provincia de Buenos Aires Axel Kicillof y el Jefe de Gobierno de la ciudad de Buenos Aires Horacio Rodr\u00edguez Larreta<\/a>, las dudas sobre c\u00f3mo se llevar\u00eda a cabo esta nueva etapa del Aislamiento Social, Preventivo y Obligatorio surgieron de manera inmediata. En primer t\u00e9rmino, hay que tener en cuenta que los anuncios realizados son especialmente para la zona de AMBA. Es decir, CABA y Gran Buenos Aires que termina en el tercer cord\u00f3n del conurbano. <\/p>\n\n\n\n<p>\u00bfQu\u00e9 distritos de la provincia de Buenos Aires est\u00e1n incluidos? Son 35 los distritos afectados en esta nueva etapa, en virtud de su situaci\u00f3n sanitaria y cercan\u00eda con los principales focos de contagio: Almirante Brown, Avellaneda, Berazategui, Berisso, Ensenada, Escobar, Esteban Echeverr\u00eda, Ezeiza, Florencio Varela, General Las Heras, General Rodr\u00edguez, General San Mart\u00edn, Hurlingham, Ituzaing\u00f3, Jos\u00e9 C. Paz, La Matanza, Lan\u00fas, La Plata, Lomas de Zamora, Luj\u00e1n, Malvinas Argentinas, Marcos Paz, Merlo, Moreno, Mor\u00f3n, Pilar, Presidente Per\u00f3n, Quilmes, San Fernando, San Isidro, San Miguel, San Vicente, Tigre, Tres de Febrero, Vicente L\u00f3pez.<\/p>\n\n\n\n<p>En tanto, los distritos que son de AMBA, pero por su car\u00e1cter semi-rural y con buenos indicadores sanitarios, permanecer\u00e1n en ASPO-Fase 3 (igual que ahora): Brandsen, Campana, Ca\u00f1uelas, Exaltaci\u00f3n de la Cruz y Z\u00e1rate. El interior de la provincia de Buenos Aires contin\u00faa con el Distanciamiento Social Preventivo y Obligatorio (DSPO) y del sistema de fases establecido por la gobernaci\u00f3n. Los distritos del interior s\u00ed hayan tenido casos positivos en los \u00faltimos 21 d\u00edas estar\u00e1n en Fase 4. Tal es el caso de Mercedes. Mientras que los que no hayan tenido casos positivos en los \u00faltimos 21 d\u00edas estar\u00e1n en Fase 5.  La situaci\u00f3n de cada distrito, la provincia la actualizar\u00e1 el pr\u00f3ximo lunes. <\/p>\n\n\n\n<p>Las medidas anunciadas  en la tarde del viernes, entonces, implican que se mantendr\u00e1n en funcionamiento los siguientes sectores industriales en la regi\u00f3n del AMBA que ya se encontraban habilitados en cada distrito: Industrias esenciales (alimentaci\u00f3n, medicamentos, equipamiento m\u00e9dico, etc.); Industrias que operen dentro de parques industriales o zonas industriales planificadas; Industrias de proceso continuo; e Industrias vinculadas a los sectores de exportaci\u00f3n. En todos los casos, el funcionamiento de dichas industrias se debe realizar con transporte propio (exceptuando las esenciales) y estrictos protocolos sanitarios, de funcionamiento y de fiscalizaci\u00f3n por parte de los municipios.<\/p>\n\n\n\n<p>En cuanto a los comercios del AMBA se mantendr\u00e1n abiertos solo los comercios de car\u00e1cter esencial (alimentaci\u00f3n, farmacias, Higiene y limpieza, ferreter\u00edas, veterinarias y provisi\u00f3n de garrafas). Se mantiene permitido el reparto a domicilio de alimentos, medicamentos, productos de higiene, de limpieza y otros insumos de primera necesidad.<\/p>\n\n\n\n<p>Se permitir\u00e1 el acceso al transporte p\u00fablico de car\u00e1cter urbano, interdistrital e interjurisdiccional exclusivamente a los trabajadores y trabajadoras esenciales de las actividades y servicios permitidos en los puntos anteriores. Solamente podr\u00e1n circular en transporte propio aquellos trabajadores y trabajadoras esenciales de las actividades y servicios permitidos en los puntos anteriores.  De modo de hacer efectiva la circulaci\u00f3n en transporte p\u00fablico y privado solamente de los trabajadores y trabajadoras esenciales se establecer\u00e1n controles estrictos en autopistas, estaciones y vagones de trenes y colectivos.<\/p>\n","protected":false},"excerpt":{"rendered":"<p>Luego del anuncio televisado del Presidente de la Naci\u00f3n Alberto Fern\u00e1ndez, el Gobernador de la provincia de Buenos Aires Axel &#8230; <a title=\"Nueva etapa de la cuarentena en la provincia de Buenos Aires\" class=\"read-more\" href=\"https:\/\/www.hoymercedes.com.ar\/principal\/2020\/06\/26\/nueva-etapa-de-la-cuarentena-en-la-provincia-de-buenos-aires\/\" aria-label=\"Leer m\u00e1s sobre Nueva etapa de la cuarentena en la provincia de Buenos Aires\">Leer m\u00e1s<\/a><\/p>\n","protected":false},"author":1,"featured_media":112699,"comment_status":"closed","ping_status":"open","sticky":false,"template":"","format":"standard","meta":{"_monsterinsights_skip_tracking":false,"_monsterinsights_sitenote_active":false,"_monsterinsights_sitenote_note":"","_monsterinsights_sitenote_category":0,"jetpack_post_was_ever_published":false,"_jetpack_newsletter_access":"","_jetpack_dont_email_post_to_subs":false,"_jetpack_newsletter_tier_id":0,"_jetpack_memberships_contains_paywalled_content":false,"_jetpack_memberships_contains_paid_content":false,"footnotes":"","jetpack_publicize_message":"","jetpack_publicize_feature_enabled":true,"jetpack_social_post_already_shared":true,"jetpack_social_options":{"image_generator_settings":{"template":"highway","default_image_id":0,"font":"","enabled":false},"version":2},"_wpas_customize_per_network":false},"categories":[8881],"tags":[16785,16175,16361],"class_list":["post-112700","post","type-post","status-publish","format-standard","has-post-thumbnail","hentry","category-provincia","tag-amba","tag-coronavirus","tag-cuarentena","generate-columns","tablet-grid-50","mobile-grid-100","grid-parent","grid-50"],"jetpack_publicize_connections":[],"jetpack_featured_media_url":"https:\/\/www.hoymercedes.com.ar\/principal\/wp-content\/uploads\/2020\/06\/26-mas-cuarenten.jpg","wps_subtitle":"Extensi\u00f3n del aislamiento","jetpack_sharing_enabled":true,"_links":{"self":[{"href":"https:\/\/www.hoymercedes.com.ar\/principal\/wp-json\/wp\/v2\/posts\/112700","targetHints":{"allow":["GET"]}}],"collection":[{"href":"https:\/\/www.hoymercedes.com.ar\/principal\/wp-json\/wp\/v2\/posts"}],"about":[{"href":"https:\/\/www.hoymercedes.com.ar\/principal\/wp-json\/wp\/v2\/types\/post"}],"author":[{"embeddable":true,"href":"https:\/\/www.hoymercedes.com.ar\/principal\/wp-json\/wp\/v2\/users\/1"}],"replies":[{"embeddable":true,"href":"https:\/\/www.hoymercedes.com.ar\/principal\/wp-json\/wp\/v2\/comments?post=112700"}],"version-history":[{"count":0,"href":"https:\/\/www.hoymercedes.com.ar\/principal\/wp-json\/wp\/v2\/posts\/112700\/revisions"}],"wp:featuredmedia":[{"embeddable":true,"href":"https:\/\/www.hoymercedes.com.ar\/principal\/wp-json\/wp\/v2\/media\/112699"}],"wp:attachment":[{"href":"https:\/\/www.hoymercedes.com.ar\/principal\/wp-json\/wp\/v2\/media?parent=112700"}],"wp:term":[{"taxonomy":"category","embeddable":true,"href":"https:\/\/www.hoymercedes.com.ar\/principal\/wp-json\/wp\/v2\/categories?post=112700"},{"taxonomy":"post_tag","embeddable":true,"href":"https:\/\/www.hoymercedes.com.ar\/principal\/wp-json\/wp\/v2\/tags?post=112700"}],"curies":[{"name":"wp","href":"https:\/\/api.w.org\/{rel}","templated":true}]}}