{"id":112704,"date":"2020-06-27T09:13:00","date_gmt":"2020-06-27T12:13:00","guid":{"rendered":"http:\/\/www.hoymercedes.com.ar\/principal\/?p=112704"},"modified":"2020-06-27T20:18:16","modified_gmt":"2020-06-27T23:18:16","slug":"municipio-extrema-medidas-de-control-y-prevencion-en-frigorificos","status":"publish","type":"post","link":"https:\/\/www.hoymercedes.com.ar\/principal\/2020\/06\/27\/municipio-extrema-medidas-de-control-y-prevencion-en-frigorificos\/","title":{"rendered":"Municipio extrema medidas de control y prevenci\u00f3n en frigor\u00edficos"},"content":{"rendered":"\n<p>El Municipio se reuni\u00f3 con representantes de frigor\u00edficos y el Sindicato de la Carne con el objetivo de extremar las medidas de control, prevenci\u00f3n y cuidados ante el covid-19. La aplicaci\u00f3n estricta de protocolos y verificaci\u00f3n diaria de las normas entre los temas tratados.<\/p>\n\n\n\n<div class=\"wp-block-image\"><figure class=\"aligncenter size-large\"><img loading=\"lazy\" decoding=\"async\" width=\"800\" height=\"533\" data-attachment-id=\"112705\" data-permalink=\"https:\/\/www.hoymercedes.com.ar\/principal\/2020\/06\/27\/municipio-extrema-medidas-de-control-y-prevencion-en-frigorificos\/27-tamberos\/#main\" data-orig-file=\"https:\/\/www.hoymercedes.com.ar\/principal\/wp-content\/uploads\/2020\/06\/27-tamberos.jpeg\" data-orig-size=\"800,533\" data-comments-opened=\"0\" data-image-meta=\"{&quot;aperture&quot;:&quot;0&quot;,&quot;credit&quot;:&quot;&quot;,&quot;camera&quot;:&quot;&quot;,&quot;caption&quot;:&quot;&quot;,&quot;created_timestamp&quot;:&quot;0&quot;,&quot;copyright&quot;:&quot;&quot;,&quot;focal_length&quot;:&quot;0&quot;,&quot;iso&quot;:&quot;0&quot;,&quot;shutter_speed&quot;:&quot;0&quot;,&quot;title&quot;:&quot;&quot;,&quot;orientation&quot;:&quot;0&quot;}\" data-image-title=\"27 tamberos\" data-image-description=\"\" data-image-caption=\"\" data-large-file=\"https:\/\/www.hoymercedes.com.ar\/principal\/wp-content\/uploads\/2020\/06\/27-tamberos.jpeg\" src=\"https:\/\/www.hoymercedes.com.ar\/principal\/wp-content\/uploads\/2020\/06\/27-tamberos.jpeg\" alt=\"\" class=\"wp-image-112705\"\/><\/figure><\/div>\n\n\n\n<p>En encuentro se llev\u00f3 a cabo en el despacho privado del Palacio Municipal. Encabezada por el intendente Ustarroz, la comuna propuso \u00abajustar todos los detalles posibles en pos del cumplimiento de los protocolos y medidas de cuidado y protecci\u00f3n\u00bb.<\/p>\n\n\n\n<p>\u201cSeguimos trabajando con el objetivo de extremar las acciones y dispositivo de control y cuidado. El coronavirus est\u00e1 siendo cada d\u00eda m\u00e1s un elemento presente en nuestra comunidad, tal como lo hab\u00edamos anunciado, y es preciso no bajar la guardia\u201d destacaron.<\/p>\n\n\n\n<p>Estuvieron tambi\u00e9n presentes en el encuentro el responsable del mencionado sindicato, David Amaya, y el director del hospital Dr. Pablo Cassiani.<\/p>\n","protected":false},"excerpt":{"rendered":"<p>El Municipio se reuni\u00f3 con representantes de frigor\u00edficos y el Sindicato de la Carne con el objetivo de extremar las &#8230; <a title=\"Municipio extrema medidas de control y prevenci\u00f3n en frigor\u00edficos\" class=\"read-more\" href=\"https:\/\/www.hoymercedes.com.ar\/principal\/2020\/06\/27\/municipio-extrema-medidas-de-control-y-prevencion-en-frigorificos\/\" aria-label=\"Leer m\u00e1s sobre Municipio extrema medidas de control y prevenci\u00f3n en frigor\u00edficos\">Leer m\u00e1s<\/a><\/p>\n","protected":false},"author":1,"featured_media":112705,"comment_status":"closed","ping_status":"open","sticky":false,"template":"","format":"standard","meta":{"_monsterinsights_skip_tracking":false,"_monsterinsights_sitenote_active":false,"_monsterinsights_sitenote_note":"","_monsterinsights_sitenote_category":0,"jetpack_post_was_ever_published":false,"_jetpack_newsletter_access":"","_jetpack_dont_email_post_to_subs":false,"_jetpack_newsletter_tier_id":0,"_jetpack_memberships_contains_paywalled_content":false,"_jetpack_memberships_contains_paid_content":false,"footnotes":"","jetpack_publicize_message":"","jetpack_publicize_feature_enabled":true,"jetpack_social_post_already_shared":true,"jetpack_social_options":{"image_generator_settings":{"template":"highway","default_image_id":0,"font":"","enabled":false},"version":2},"_wpas_customize_per_network":false},"categories":[30],"tags":[16784,244],"class_list":["post-112704","post","type-post","status-publish","format-standard","has-post-thumbnail","hentry","category-municipio","tag-frigorificos","tag-municipio-2","generate-columns","tablet-grid-50","mobile-grid-100","grid-parent","grid-50"],"jetpack_publicize_connections":[],"jetpack_featured_media_url":"https:\/\/www.hoymercedes.com.ar\/principal\/wp-content\/uploads\/2020\/06\/27-tamberos.jpeg","wps_subtitle":"","jetpack_sharing_enabled":true,"_links":{"self":[{"href":"https:\/\/www.hoymercedes.com.ar\/principal\/wp-json\/wp\/v2\/posts\/112704","targetHints":{"allow":["GET"]}}],"collection":[{"href":"https:\/\/www.hoymercedes.com.ar\/principal\/wp-json\/wp\/v2\/posts"}],"about":[{"href":"https:\/\/www.hoymercedes.com.ar\/principal\/wp-json\/wp\/v2\/types\/post"}],"author":[{"embeddable":true,"href":"https:\/\/www.hoymercedes.com.ar\/principal\/wp-json\/wp\/v2\/users\/1"}],"replies":[{"embeddable":true,"href":"https:\/\/www.hoymercedes.com.ar\/principal\/wp-json\/wp\/v2\/comments?post=112704"}],"version-history":[{"count":0,"href":"https:\/\/www.hoymercedes.com.ar\/principal\/wp-json\/wp\/v2\/posts\/112704\/revisions"}],"wp:featuredmedia":[{"embeddable":true,"href":"https:\/\/www.hoymercedes.com.ar\/principal\/wp-json\/wp\/v2\/media\/112705"}],"wp:attachment":[{"href":"https:\/\/www.hoymercedes.com.ar\/principal\/wp-json\/wp\/v2\/media?parent=112704"}],"wp:term":[{"taxonomy":"category","embeddable":true,"href":"https:\/\/www.hoymercedes.com.ar\/principal\/wp-json\/wp\/v2\/categories?post=112704"},{"taxonomy":"post_tag","embeddable":true,"href":"https:\/\/www.hoymercedes.com.ar\/principal\/wp-json\/wp\/v2\/tags?post=112704"}],"curies":[{"name":"wp","href":"https:\/\/api.w.org\/{rel}","templated":true}]}}