{"id":112768,"date":"2020-06-28T08:57:13","date_gmt":"2020-06-28T11:57:13","guid":{"rendered":"http:\/\/www.hoymercedes.com.ar\/principal\/?p=112768"},"modified":"2020-06-28T08:57:18","modified_gmt":"2020-06-28T11:57:18","slug":"juan-ignacio-campora-comenzo-a-entrenar-a-la-seleccion-argentina-de-hockey-masculino","status":"publish","type":"post","link":"https:\/\/www.hoymercedes.com.ar\/principal\/2020\/06\/28\/juan-ignacio-campora-comenzo-a-entrenar-a-la-seleccion-argentina-de-hockey-masculino\/","title":{"rendered":"Juan Ignacio C\u00e1mpora comenz\u00f3 a entrenar a la Selecci\u00f3n Argentina de Hockey masculino"},"content":{"rendered":"\n<p>D\u00edas pasados se firm\u00f3 la autorizaci\u00f3n para retornar a las pr\u00e1cticas a los distintos atletas y deportistas Ol\u00edmpicos. El seleccionado argentino de hockey masculino \u201cLos Leones\u201d ganadores de la medalla de oro de los \u00faltimos Juegos Ol\u00edmpicos en Brasil 2016 regresaron a las practicas el ultimo martes y junto con ellos quien fuera uno de los mejores velocistas del pa\u00eds, hoy dedicado a su profesi\u00f3n de Educaci\u00f3n F\u00edsica&nbsp; el profesor Juan Ignacio C\u00e1mpora.<\/p>\n\n\n\n<figure class=\"wp-block-image size-large\"><img loading=\"lazy\" decoding=\"async\" width=\"1152\" height=\"864\" data-attachment-id=\"112769\" data-permalink=\"https:\/\/www.hoymercedes.com.ar\/principal\/2020\/06\/28\/juan-ignacio-campora-comenzo-a-entrenar-a-la-seleccion-argentina-de-hockey-masculino\/juan-ignacio-campora-los-leones-cenard-3\/#main\" data-orig-file=\"https:\/\/www.hoymercedes.com.ar\/principal\/wp-content\/uploads\/2020\/06\/Juan-Ignacio-Campora-Los-Leones-Cenard-3.jpg\" data-orig-size=\"1152,864\" data-comments-opened=\"0\" data-image-meta=\"{&quot;aperture&quot;:&quot;0&quot;,&quot;credit&quot;:&quot;&quot;,&quot;camera&quot;:&quot;&quot;,&quot;caption&quot;:&quot;&quot;,&quot;created_timestamp&quot;:&quot;0&quot;,&quot;copyright&quot;:&quot;&quot;,&quot;focal_length&quot;:&quot;0&quot;,&quot;iso&quot;:&quot;0&quot;,&quot;shutter_speed&quot;:&quot;0&quot;,&quot;title&quot;:&quot;&quot;,&quot;orientation&quot;:&quot;0&quot;}\" data-image-title=\"Juan-Ignacio-Campora-Los-Leones-Cenard-3\" data-image-description=\"\" data-image-caption=\"\" data-large-file=\"https:\/\/www.hoymercedes.com.ar\/principal\/wp-content\/uploads\/2020\/06\/Juan-Ignacio-Campora-Los-Leones-Cenard-3.jpg\" src=\"https:\/\/www.hoymercedes.com.ar\/principal\/wp-content\/uploads\/2020\/06\/Juan-Ignacio-Campora-Los-Leones-Cenard-3.jpg\" alt=\"\" class=\"wp-image-112769\"\/><\/figure>\n\n\n\n<p>Juan Ignacio acompa\u00f1ando a los entrenadores del seleccionado aporto sus conocimientos y medios tecnol\u00f3gicos para evaluar a cada jugador que retorna luego de estar casi sin actividad (solo realizaban rutinas individuales en sus hogares).&nbsp; La condici\u00f3n f\u00edsica de cada jugador es fundamental para luego pasar a los entrenamientos t\u00e1cticos, por ello esta primera etapa que se lleva a cabo en el Cenard&nbsp; bajo unos estrictos protocolos y control m\u00e9dico&nbsp; tendiente a extremar cualquier tipo de contagio, se realizan todas las evaluaciones f\u00edsica y m\u00e9dicas&nbsp; para conocer el estado de cada deportista. Este proceso lleva una etapa inicial de 6 semanas y seguramente se ira adaptando a las \u00faltimas medidas que dispuso el gobierno nacional.<\/p>\n\n\n\n<figure class=\"wp-block-image size-large\"><img loading=\"lazy\" decoding=\"async\" width=\"1152\" height=\"864\" data-attachment-id=\"112770\" data-permalink=\"https:\/\/www.hoymercedes.com.ar\/principal\/2020\/06\/28\/juan-ignacio-campora-comenzo-a-entrenar-a-la-seleccion-argentina-de-hockey-masculino\/juan-ignacio-campora-los-leones-cenard-1\/#main\" data-orig-file=\"https:\/\/www.hoymercedes.com.ar\/principal\/wp-content\/uploads\/2020\/06\/Juan-Ignacio-Campora-Los-Leones-Cenard-1.jpg\" data-orig-size=\"1152,864\" data-comments-opened=\"0\" data-image-meta=\"{&quot;aperture&quot;:&quot;0&quot;,&quot;credit&quot;:&quot;&quot;,&quot;camera&quot;:&quot;&quot;,&quot;caption&quot;:&quot;&quot;,&quot;created_timestamp&quot;:&quot;0&quot;,&quot;copyright&quot;:&quot;&quot;,&quot;focal_length&quot;:&quot;0&quot;,&quot;iso&quot;:&quot;0&quot;,&quot;shutter_speed&quot;:&quot;0&quot;,&quot;title&quot;:&quot;&quot;,&quot;orientation&quot;:&quot;0&quot;}\" data-image-title=\"Juan-Ignacio-Campora-Los-Leones-Cenard-1\" data-image-description=\"\" data-image-caption=\"\" data-large-file=\"https:\/\/www.hoymercedes.com.ar\/principal\/wp-content\/uploads\/2020\/06\/Juan-Ignacio-Campora-Los-Leones-Cenard-1.jpg\" src=\"https:\/\/www.hoymercedes.com.ar\/principal\/wp-content\/uploads\/2020\/06\/Juan-Ignacio-Campora-Los-Leones-Cenard-1.jpg\" alt=\"\" class=\"wp-image-112770\"\/><\/figure>\n\n\n\n<p>Poco a poco los deportistas argentinos se preparan con vista a los pr\u00f3ximos Juegos Ol\u00edmpicos que de no mediar inconvenientes se estar\u00eda realizando a partir del \u00faltimo trimestre del\u00a0 2021 y adaptando\u00a0 los tiempo de preparaci\u00f3n con respecto a los deportistas de todo el mundo.<\/p>\n\n\n\n<div class=\"wp-block-image\"><figure class=\"aligncenter size-large\"><img loading=\"lazy\" decoding=\"async\" width=\"188\" height=\"334\" data-attachment-id=\"112771\" data-permalink=\"https:\/\/www.hoymercedes.com.ar\/principal\/2020\/06\/28\/juan-ignacio-campora-comenzo-a-entrenar-a-la-seleccion-argentina-de-hockey-masculino\/juan-ignacio-campora-los-leones-cenard-2\/#main\" data-orig-file=\"https:\/\/www.hoymercedes.com.ar\/principal\/wp-content\/uploads\/2020\/06\/Juan-Ignacio-Campora-Los-Leones-Cenard-2.jpg\" data-orig-size=\"188,334\" data-comments-opened=\"0\" data-image-meta=\"{&quot;aperture&quot;:&quot;0&quot;,&quot;credit&quot;:&quot;&quot;,&quot;camera&quot;:&quot;&quot;,&quot;caption&quot;:&quot;&quot;,&quot;created_timestamp&quot;:&quot;0&quot;,&quot;copyright&quot;:&quot;&quot;,&quot;focal_length&quot;:&quot;0&quot;,&quot;iso&quot;:&quot;0&quot;,&quot;shutter_speed&quot;:&quot;0&quot;,&quot;title&quot;:&quot;&quot;,&quot;orientation&quot;:&quot;0&quot;}\" data-image-title=\"Juan-Ignacio-Campora-Los-Leones-Cenard-2\" data-image-description=\"\" data-image-caption=\"\" data-large-file=\"https:\/\/www.hoymercedes.com.ar\/principal\/wp-content\/uploads\/2020\/06\/Juan-Ignacio-Campora-Los-Leones-Cenard-2.jpg\" src=\"https:\/\/www.hoymercedes.com.ar\/principal\/wp-content\/uploads\/2020\/06\/Juan-Ignacio-Campora-Los-Leones-Cenard-2.jpg\" alt=\"\" class=\"wp-image-112771\"\/><\/figure><\/div>\n","protected":false},"excerpt":{"rendered":"<p>D\u00edas pasados se firm\u00f3 la autorizaci\u00f3n para retornar a las pr\u00e1cticas a los distintos atletas y deportistas Ol\u00edmpicos. El seleccionado &#8230; <a title=\"Juan Ignacio C\u00e1mpora comenz\u00f3 a entrenar a la Selecci\u00f3n Argentina de Hockey masculino\" class=\"read-more\" href=\"https:\/\/www.hoymercedes.com.ar\/principal\/2020\/06\/28\/juan-ignacio-campora-comenzo-a-entrenar-a-la-seleccion-argentina-de-hockey-masculino\/\" aria-label=\"Leer m\u00e1s sobre Juan Ignacio C\u00e1mpora comenz\u00f3 a entrenar a la Selecci\u00f3n Argentina de Hockey masculino\">Leer m\u00e1s<\/a><\/p>\n","protected":false},"author":1,"featured_media":112769,"comment_status":"closed","ping_status":"open","sticky":false,"template":"","format":"standard","meta":{"_monsterinsights_skip_tracking":false,"_monsterinsights_sitenote_active":false,"_monsterinsights_sitenote_note":"","_monsterinsights_sitenote_category":0,"jetpack_post_was_ever_published":false,"_jetpack_newsletter_access":"","_jetpack_dont_email_post_to_subs":false,"_jetpack_newsletter_tier_id":0,"_jetpack_memberships_contains_paywalled_content":false,"_jetpack_memberships_contains_paid_content":false,"footnotes":"","jetpack_publicize_message":"","jetpack_publicize_feature_enabled":true,"jetpack_social_post_already_shared":true,"jetpack_social_options":{"image_generator_settings":{"template":"highway","default_image_id":0,"font":"","enabled":false},"version":2},"_wpas_customize_per_network":false},"categories":[21],"tags":[],"class_list":["post-112768","post","type-post","status-publish","format-standard","has-post-thumbnail","hentry","category-deportes","generate-columns","tablet-grid-50","mobile-grid-100","grid-parent","grid-50"],"jetpack_publicize_connections":[],"jetpack_featured_media_url":"https:\/\/www.hoymercedes.com.ar\/principal\/wp-content\/uploads\/2020\/06\/Juan-Ignacio-Campora-Los-Leones-Cenard-3.jpg","wps_subtitle":"Hockey","jetpack_sharing_enabled":true,"_links":{"self":[{"href":"https:\/\/www.hoymercedes.com.ar\/principal\/wp-json\/wp\/v2\/posts\/112768","targetHints":{"allow":["GET"]}}],"collection":[{"href":"https:\/\/www.hoymercedes.com.ar\/principal\/wp-json\/wp\/v2\/posts"}],"about":[{"href":"https:\/\/www.hoymercedes.com.ar\/principal\/wp-json\/wp\/v2\/types\/post"}],"author":[{"embeddable":true,"href":"https:\/\/www.hoymercedes.com.ar\/principal\/wp-json\/wp\/v2\/users\/1"}],"replies":[{"embeddable":true,"href":"https:\/\/www.hoymercedes.com.ar\/principal\/wp-json\/wp\/v2\/comments?post=112768"}],"version-history":[{"count":0,"href":"https:\/\/www.hoymercedes.com.ar\/principal\/wp-json\/wp\/v2\/posts\/112768\/revisions"}],"wp:featuredmedia":[{"embeddable":true,"href":"https:\/\/www.hoymercedes.com.ar\/principal\/wp-json\/wp\/v2\/media\/112769"}],"wp:attachment":[{"href":"https:\/\/www.hoymercedes.com.ar\/principal\/wp-json\/wp\/v2\/media?parent=112768"}],"wp:term":[{"taxonomy":"category","embeddable":true,"href":"https:\/\/www.hoymercedes.com.ar\/principal\/wp-json\/wp\/v2\/categories?post=112768"},{"taxonomy":"post_tag","embeddable":true,"href":"https:\/\/www.hoymercedes.com.ar\/principal\/wp-json\/wp\/v2\/tags?post=112768"}],"curies":[{"name":"wp","href":"https:\/\/api.w.org\/{rel}","templated":true}]}}