{"id":112788,"date":"2020-06-28T18:00:34","date_gmt":"2020-06-28T21:00:34","guid":{"rendered":"http:\/\/www.hoymercedes.com.ar\/principal\/?p=112788"},"modified":"2020-06-28T18:28:38","modified_gmt":"2020-06-28T21:28:38","slug":"facundo-lescano-volvio-con-una-victoria-en-la-serie-c","status":"publish","type":"post","link":"https:\/\/www.hoymercedes.com.ar\/principal\/2020\/06\/28\/facundo-lescano-volvio-con-una-victoria-en-la-serie-c\/","title":{"rendered":"Facundo Lescano volvi\u00f3 con una victoria en la Serie C"},"content":{"rendered":"\n<p>El Sicula Leonzio volvi\u00f3 a la cancha tras la pandemia con una importante victoria pensando en mantener la categor\u00eda. Fue por 1 a 0 ante Bisceglie por el partido de ida del PlayOut que define al segundo equipo que descienda a la Serie D, acompa\u00f1ando a Rieti, quien es el que cay\u00f3 en descenso directo en el Grupo C, donde milita el equipo del mercedino Facundo Lescano.<\/p>\n\n\n\n<div class=\"wp-block-image\"><figure class=\"aligncenter size-large\"><img loading=\"lazy\" decoding=\"async\" width=\"640\" height=\"406\" data-attachment-id=\"112790\" data-permalink=\"https:\/\/www.hoymercedes.com.ar\/principal\/2020\/06\/28\/facundo-lescano-volvio-con-una-victoria-en-la-serie-c\/facundo-lescano-leonzio-1\/#main\" data-orig-file=\"https:\/\/www.hoymercedes.com.ar\/principal\/wp-content\/uploads\/2020\/06\/Facundo-Lescano-Leonzio-1.jpg\" data-orig-size=\"640,406\" data-comments-opened=\"0\" data-image-meta=\"{&quot;aperture&quot;:&quot;0&quot;,&quot;credit&quot;:&quot;&quot;,&quot;camera&quot;:&quot;&quot;,&quot;caption&quot;:&quot;&quot;,&quot;created_timestamp&quot;:&quot;0&quot;,&quot;copyright&quot;:&quot;&quot;,&quot;focal_length&quot;:&quot;0&quot;,&quot;iso&quot;:&quot;0&quot;,&quot;shutter_speed&quot;:&quot;0&quot;,&quot;title&quot;:&quot;&quot;,&quot;orientation&quot;:&quot;0&quot;}\" data-image-title=\"Facundo-Lescano-Leonzio-1\" data-image-description=\"\" data-image-caption=\"\" data-large-file=\"https:\/\/www.hoymercedes.com.ar\/principal\/wp-content\/uploads\/2020\/06\/Facundo-Lescano-Leonzio-1.jpg\" src=\"https:\/\/www.hoymercedes.com.ar\/principal\/wp-content\/uploads\/2020\/06\/Facundo-Lescano-Leonzio-1.jpg\" alt=\"\" class=\"wp-image-112790\"\/><\/figure><\/div>\n\n\n\n<p>El delantero fue titular en la vuelta a la cancha en el estadio Gustavo Ventura de provincia de Barletta, regi\u00f3n de Puglia. El \u00fanico gol del partido lo marc\u00f3 Davide Bariti a los 33 del primero tiempo, mientras que Lescano fue reemplazado a 15 del final por Damiano Lia. El partido de vuelta ser\u00e1 este martes 30 en Sicilia.<\/p>\n","protected":false},"excerpt":{"rendered":"<p>El Sicula Leonzio volvi\u00f3 a la cancha tras la pandemia con una importante victoria pensando en mantener la categor\u00eda. Fue &#8230; <a title=\"Facundo Lescano volvi\u00f3 con una victoria en la Serie C\" class=\"read-more\" href=\"https:\/\/www.hoymercedes.com.ar\/principal\/2020\/06\/28\/facundo-lescano-volvio-con-una-victoria-en-la-serie-c\/\" aria-label=\"Leer m\u00e1s sobre Facundo Lescano volvi\u00f3 con una victoria en la Serie C\">Leer m\u00e1s<\/a><\/p>\n","protected":false},"author":1,"featured_media":112790,"comment_status":"closed","ping_status":"open","sticky":false,"template":"","format":"standard","meta":{"_monsterinsights_skip_tracking":false,"_monsterinsights_sitenote_active":false,"_monsterinsights_sitenote_note":"","_monsterinsights_sitenote_category":0,"jetpack_post_was_ever_published":false,"_jetpack_newsletter_access":"","_jetpack_dont_email_post_to_subs":false,"_jetpack_newsletter_tier_id":0,"_jetpack_memberships_contains_paywalled_content":false,"_jetpack_memberships_contains_paid_content":false,"footnotes":"","jetpack_publicize_message":"","jetpack_publicize_feature_enabled":true,"jetpack_social_post_already_shared":false,"jetpack_social_options":{"image_generator_settings":{"template":"highway","default_image_id":0,"font":"","enabled":false},"version":2},"_wpas_customize_per_network":false},"categories":[21],"tags":[15596,15597],"class_list":["post-112788","post","type-post","status-publish","format-standard","has-post-thumbnail","hentry","category-deportes","tag-serie-c","tag-sicula-leonzio","generate-columns","tablet-grid-50","mobile-grid-100","grid-parent","grid-50"],"jetpack_publicize_connections":[],"jetpack_featured_media_url":"https:\/\/www.hoymercedes.com.ar\/principal\/wp-content\/uploads\/2020\/06\/Facundo-Lescano-Leonzio-1.jpg","wps_subtitle":"La Legi\u00f3n","jetpack_sharing_enabled":true,"_links":{"self":[{"href":"https:\/\/www.hoymercedes.com.ar\/principal\/wp-json\/wp\/v2\/posts\/112788","targetHints":{"allow":["GET"]}}],"collection":[{"href":"https:\/\/www.hoymercedes.com.ar\/principal\/wp-json\/wp\/v2\/posts"}],"about":[{"href":"https:\/\/www.hoymercedes.com.ar\/principal\/wp-json\/wp\/v2\/types\/post"}],"author":[{"embeddable":true,"href":"https:\/\/www.hoymercedes.com.ar\/principal\/wp-json\/wp\/v2\/users\/1"}],"replies":[{"embeddable":true,"href":"https:\/\/www.hoymercedes.com.ar\/principal\/wp-json\/wp\/v2\/comments?post=112788"}],"version-history":[{"count":0,"href":"https:\/\/www.hoymercedes.com.ar\/principal\/wp-json\/wp\/v2\/posts\/112788\/revisions"}],"wp:featuredmedia":[{"embeddable":true,"href":"https:\/\/www.hoymercedes.com.ar\/principal\/wp-json\/wp\/v2\/media\/112790"}],"wp:attachment":[{"href":"https:\/\/www.hoymercedes.com.ar\/principal\/wp-json\/wp\/v2\/media?parent=112788"}],"wp:term":[{"taxonomy":"category","embeddable":true,"href":"https:\/\/www.hoymercedes.com.ar\/principal\/wp-json\/wp\/v2\/categories?post=112788"},{"taxonomy":"post_tag","embeddable":true,"href":"https:\/\/www.hoymercedes.com.ar\/principal\/wp-json\/wp\/v2\/tags?post=112788"}],"curies":[{"name":"wp","href":"https:\/\/api.w.org\/{rel}","templated":true}]}}