{"id":112812,"date":"2020-06-28T22:21:15","date_gmt":"2020-06-29T01:21:15","guid":{"rendered":"http:\/\/www.hoymercedes.com.ar\/principal\/?p=112812"},"modified":"2020-06-28T22:21:19","modified_gmt":"2020-06-29T01:21:19","slug":"coronavirus-quince-nuevos-estudios-dieron-negativos","status":"publish","type":"post","link":"https:\/\/www.hoymercedes.com.ar\/principal\/2020\/06\/28\/coronavirus-quince-nuevos-estudios-dieron-negativos\/","title":{"rendered":"Coronavirus: Quince nuevos estudios dieron negativos"},"content":{"rendered":"\n<p>En el informe local sobre la situaci\u00f3n sanitaria del virus que preocupa al mundo da cuenta de que en el d\u00eda de hoy se realizaron 15 an\u00e1lisis PCR en el laboratorio local sin tener nuevos positivos. Es as\u00ed que se mantienen los 29 casos en total con 14 pacienes que a\u00fan no han negativizado el virus y contin\u00faan con el diagn\u00f3stico de covid-19. <\/p>\n\n\n\n<figure class=\"wp-block-image size-large\"><img loading=\"lazy\" decoding=\"async\" width=\"900\" height=\"900\" data-attachment-id=\"112813\" data-permalink=\"https:\/\/www.hoymercedes.com.ar\/principal\/2020\/06\/28\/coronavirus-quince-nuevos-estudios-dieron-negativos\/whatsapp-image-2020-06-28-at-21-15-06\/#main\" data-orig-file=\"https:\/\/www.hoymercedes.com.ar\/principal\/wp-content\/uploads\/2020\/06\/WhatsApp-Image-2020-06-28-at-21.15.06.jpeg\" data-orig-size=\"900,900\" data-comments-opened=\"0\" data-image-meta=\"{&quot;aperture&quot;:&quot;0&quot;,&quot;credit&quot;:&quot;&quot;,&quot;camera&quot;:&quot;&quot;,&quot;caption&quot;:&quot;&quot;,&quot;created_timestamp&quot;:&quot;0&quot;,&quot;copyright&quot;:&quot;&quot;,&quot;focal_length&quot;:&quot;0&quot;,&quot;iso&quot;:&quot;0&quot;,&quot;shutter_speed&quot;:&quot;0&quot;,&quot;title&quot;:&quot;&quot;,&quot;orientation&quot;:&quot;0&quot;}\" data-image-title=\"WhatsApp Image 2020-06-28 at 21.15.06\" data-image-description=\"\" data-image-caption=\"\" data-large-file=\"https:\/\/www.hoymercedes.com.ar\/principal\/wp-content\/uploads\/2020\/06\/WhatsApp-Image-2020-06-28-at-21.15.06.jpeg\" src=\"https:\/\/www.hoymercedes.com.ar\/principal\/wp-content\/uploads\/2020\/06\/WhatsApp-Image-2020-06-28-at-21.15.06.jpeg\" alt=\"\" class=\"wp-image-112813\"\/><\/figure>\n\n\n\n<p>En el informe nacional hoy fueron confirmados 2.189 nuevos casos de COVID-19. En el detalle por provincia 1225 nuevos casos pertenecen a la provincia de Buenos Aires, mientras que 852 son de la ciudad de Buenos Aires. El resto de los nuevos positivos se distribuyen en:  Chaco (47); Chubut (5); C\u00f3rdoba (5); Entre R\u00edos (24); Mendoza (6); Neuqu\u00e9n (12); R\u00edo Negro (6); Santa Fe (6); y Santiago del Estero (1). Con estos registros, suman 59.933 positivos en el pa\u00eds.<\/p>\n\n\n\n<p>Del total de esos casos, 1.063 (1,8%) son importados, 21.599 (36%) son contactos estrechos de casos confirmados, 25.600 (42,7%) son casos de circulaci\u00f3n comunitaria y el resto se encuentra en investigaci\u00f3n epidemiol\u00f3gica.<\/p>\n\n\n\n<p>En las \u00faltimas 24 horas fallecieron 26 personas. Por la ma\u00f1ana, confirmaron las primeras diez: seis hombres (tres de 62, 86 y 62 a\u00f1os, residentes en la provincia de Buenos Aires; uno de 87 a\u00f1os, residente en la provincia de Neuqu\u00e9n; uno de 66 a\u00f1os, residente en la provincia de Mendoza; uno de 89 a\u00f1os, residente en la provincia de R\u00edo Negro) y cuatro mujeres (tres de 86, 68 y 77 a\u00f1os, residentes en la provincia de Buenos Aires; y una de 89 a\u00f1os, residente en la Ciudad de Buenos Aires).<\/p>\n\n\n\n<p>En el informe vespertino anunciaron 16 nuevas muertes: 8 hombres (cuatro de 63, 94, 78 y 75, residentes en la provincia de Buenos Aires; cuatro de 92, 87, 63 y 73 a\u00f1os, residentes en la Ciudad de Buenos Aires); y 8 mujeres (una de 90 a\u00f1os, residente en la provincia de Buenos Aires; siete de 91, 85, 98, 82, 77, 95 y 69 a\u00f1os, residentes en la Ciudad de Buenos Aires). Al momento la cantidad de personas fallecidas es 1.232*.<br>*Un fallecido, hombre de 89 a\u00f1os, residente en la provincia de R\u00edo Negro, asociado a Covid-19, fue desvinculado en el d\u00eda de la fecha, por estar su muerte asociada a otro evento.<\/p>\n","protected":false},"excerpt":{"rendered":"<p>En el informe local sobre la situaci\u00f3n sanitaria del virus que preocupa al mundo da cuenta de que en el &#8230; <a title=\"Coronavirus: Quince nuevos estudios dieron negativos\" class=\"read-more\" href=\"https:\/\/www.hoymercedes.com.ar\/principal\/2020\/06\/28\/coronavirus-quince-nuevos-estudios-dieron-negativos\/\" aria-label=\"Leer m\u00e1s sobre Coronavirus: Quince nuevos estudios dieron negativos\">Leer m\u00e1s<\/a><\/p>\n","protected":false},"author":1,"featured_media":112813,"comment_status":"closed","ping_status":"open","sticky":false,"template":"","format":"standard","meta":{"_monsterinsights_skip_tracking":false,"_monsterinsights_sitenote_active":false,"_monsterinsights_sitenote_note":"","_monsterinsights_sitenote_category":0,"jetpack_post_was_ever_published":false,"_jetpack_newsletter_access":"","_jetpack_dont_email_post_to_subs":false,"_jetpack_newsletter_tier_id":0,"_jetpack_memberships_contains_paywalled_content":false,"_jetpack_memberships_contains_paid_content":false,"footnotes":"","jetpack_publicize_message":"","jetpack_publicize_feature_enabled":true,"jetpack_social_post_already_shared":true,"jetpack_social_options":{"image_generator_settings":{"template":"highway","default_image_id":0,"font":"","enabled":false},"version":2},"_wpas_customize_per_network":false},"categories":[9791],"tags":[],"class_list":["post-112812","post","type-post","status-publish","format-standard","has-post-thumbnail","hentry","category-salud","generate-columns","tablet-grid-50","mobile-grid-100","grid-parent","grid-50"],"jetpack_publicize_connections":[],"jetpack_featured_media_url":"https:\/\/www.hoymercedes.com.ar\/principal\/wp-content\/uploads\/2020\/06\/WhatsApp-Image-2020-06-28-at-21.15.06.jpeg","wps_subtitle":"Cierre del d\u00eda ","jetpack_sharing_enabled":true,"_links":{"self":[{"href":"https:\/\/www.hoymercedes.com.ar\/principal\/wp-json\/wp\/v2\/posts\/112812","targetHints":{"allow":["GET"]}}],"collection":[{"href":"https:\/\/www.hoymercedes.com.ar\/principal\/wp-json\/wp\/v2\/posts"}],"about":[{"href":"https:\/\/www.hoymercedes.com.ar\/principal\/wp-json\/wp\/v2\/types\/post"}],"author":[{"embeddable":true,"href":"https:\/\/www.hoymercedes.com.ar\/principal\/wp-json\/wp\/v2\/users\/1"}],"replies":[{"embeddable":true,"href":"https:\/\/www.hoymercedes.com.ar\/principal\/wp-json\/wp\/v2\/comments?post=112812"}],"version-history":[{"count":0,"href":"https:\/\/www.hoymercedes.com.ar\/principal\/wp-json\/wp\/v2\/posts\/112812\/revisions"}],"wp:featuredmedia":[{"embeddable":true,"href":"https:\/\/www.hoymercedes.com.ar\/principal\/wp-json\/wp\/v2\/media\/112813"}],"wp:attachment":[{"href":"https:\/\/www.hoymercedes.com.ar\/principal\/wp-json\/wp\/v2\/media?parent=112812"}],"wp:term":[{"taxonomy":"category","embeddable":true,"href":"https:\/\/www.hoymercedes.com.ar\/principal\/wp-json\/wp\/v2\/categories?post=112812"},{"taxonomy":"post_tag","embeddable":true,"href":"https:\/\/www.hoymercedes.com.ar\/principal\/wp-json\/wp\/v2\/tags?post=112812"}],"curies":[{"name":"wp","href":"https:\/\/api.w.org\/{rel}","templated":true}]}}