{"id":112817,"date":"2020-06-29T10:50:31","date_gmt":"2020-06-29T13:50:31","guid":{"rendered":"http:\/\/www.hoymercedes.com.ar\/principal\/?p=112817"},"modified":"2020-06-29T13:56:30","modified_gmt":"2020-06-29T16:56:30","slug":"reserva-tu-tren-en-la-linea-sarmiento-solo-para-trabajadores-esenciales","status":"publish","type":"post","link":"https:\/\/www.hoymercedes.com.ar\/principal\/2020\/06\/29\/reserva-tu-tren-en-la-linea-sarmiento-solo-para-trabajadores-esenciales\/","title":{"rendered":"Reserv\u00e1 tu Tren en la l\u00ednea Sarmiento s\u00f3lo para trabajadores esenciales"},"content":{"rendered":"\n<p><em><strong>A partir de hoy es obligatorio la aplicaci\u00f3n Reserv\u00e1 tu Tren en el ferrocarril Sarmiento. Solamente podr\u00e1n utilizar el servicio trabajadores esenciales con permiso de circulaci\u00f3n.<\/strong><\/em><\/p>\n\n\n\n<hr class=\"wp-block-separator has-text-color has-background has-vivid-cyan-blue-background-color has-vivid-cyan-blue-color\"\/>\n\n\n\n<p>Se encuentra disponible para la l\u00ednea Sarmiento la aplicaci\u00f3n Reserv\u00e1 tu Tren, el sistema que permite reservar un espacio en un tren para que las personas que efect\u00faan tareas esenciales -\u00fanicas autorizadas para utilizar el transporte p\u00fablico- puedan viajar respetando el distanciamiento social durante el Aislamiento Social Preventivo y Obligatorio (ASPO).<\/p>\n\n\n\n<p>La herramienta deber\u00e1 ser utilizada por todas las personas que desarrollan alguna de las 24 tareas esenciales que viajen en la l\u00ednea que une las estaciones desde Moreno a Once, en sentido a la Capital Federal, entre las 6 y las 10 de la ma\u00f1ana los d\u00edas h\u00e1biles; a partir del lunes 29 de junio.<\/p>\n\n\n\n<p>Gracias a la interconexi\u00f3n que se logr\u00f3 entre la herramienta de reserva y los permisos de circulaci\u00f3n solamente podr\u00e1n avanzar en la reserva y posterior utilizaci\u00f3n del servicio las personas que adem\u00e1s de estar habilitadas para ir a trabajar, est\u00e9n considerados como trabajadores y trabajadoras esenciales.<\/p>\n\n\n\n<p>Adem\u00e1s de los 34 servicios que circulan entre las 6 y las 10 en el ramal Moreno-Once, en sentido a la Ciudad de Buenos Aires, Trenes Argentinos pondr\u00e1 a disposici\u00f3n de los pasajeros y pasajeras micros alternativos en las estaciones Moreno, Merlo y Mor\u00f3n para realizar el recorrido hasta la terminal porte\u00f1a.<\/p>\n\n\n\n<p>El control del c\u00f3digo QR o c\u00f3digo num\u00e9rico estar\u00e1 a cargo de personal de la empresa y junto con la reserva la persona que viaja debe contar adem\u00e1s con el certificado de circulaci\u00f3n y la tarjeta SUBE.<\/p>\n\n\n\n<p>El tr\u00e1mite de reserva del lugar en el tren se puede realizar con cinco d\u00edas de anticipaci\u00f3n, para cinco d\u00edas consecutivos y de cinco maneras diferentes: a trav\u00e9s de la APP Reserv\u00e1 tu tren de Trenes Argentinos (disponible en Android y IOS), desde la direcci\u00f3n web\u00a0<a href=\"https:\/\/www.argentina.gob.ar\/reservatutren\" target=\"_blank\" rel=\"noopener\">https:\/\/www.argentina.gob.ar\/reservatutren<\/a>, la p\u00e1gina de Trenes Argentinos o el Call Center 0-800-222-8736 (TREN) y para las personas que lleguen a la estaci\u00f3n se colocar\u00e1n tel\u00e9fonos para que puedan reservar su lugar en el momento.<\/p>\n\n\n\n<p>En caso de reservar un lugar y luego desistir de su utilizaci\u00f3n, es importante que la persona que viaja realice la cancelaci\u00f3n del tr\u00e1mite para permitir que otro pasajero o pasajera puedan utilizar ese sitio.<\/p>\n\n\n\n<p>Ante cualquier duda o consulta el pasajero puede ingresar a \u00a0<a href=\"https:\/\/www.argentina.gob.ar\/transporte\/trenes\" target=\"_blank\" rel=\"noopener\">https:\/\/www.argentina.gob.ar\/transporte\/trenes<\/a>.<\/p>\n","protected":false},"excerpt":{"rendered":"<p>A partir de hoy es obligatorio la aplicaci\u00f3n Reserv\u00e1 tu Tren en el ferrocarril Sarmiento. Solamente podr\u00e1n utilizar el servicio &#8230; <a title=\"Reserv\u00e1 tu Tren en la l\u00ednea Sarmiento s\u00f3lo para trabajadores esenciales\" class=\"read-more\" href=\"https:\/\/www.hoymercedes.com.ar\/principal\/2020\/06\/29\/reserva-tu-tren-en-la-linea-sarmiento-solo-para-trabajadores-esenciales\/\" aria-label=\"Leer m\u00e1s sobre Reserv\u00e1 tu Tren en la l\u00ednea Sarmiento s\u00f3lo para trabajadores esenciales\">Leer m\u00e1s<\/a><\/p>\n","protected":false},"author":1,"featured_media":89780,"comment_status":"closed","ping_status":"open","sticky":false,"template":"","format":"standard","meta":{"_monsterinsights_skip_tracking":false,"_monsterinsights_sitenote_active":false,"_monsterinsights_sitenote_note":"","_monsterinsights_sitenote_category":0,"jetpack_post_was_ever_published":false,"_jetpack_newsletter_access":"","_jetpack_dont_email_post_to_subs":false,"_jetpack_newsletter_tier_id":0,"_jetpack_memberships_contains_paywalled_content":false,"_jetpack_memberships_contains_paid_content":false,"footnotes":"","jetpack_publicize_message":"","jetpack_publicize_feature_enabled":true,"jetpack_social_post_already_shared":true,"jetpack_social_options":{"image_generator_settings":{"template":"highway","default_image_id":0,"font":"","enabled":false},"version":2},"_wpas_customize_per_network":false},"categories":[5501],"tags":[],"class_list":["post-112817","post","type-post","status-publish","format-standard","has-post-thumbnail","hentry","category-region","generate-columns","tablet-grid-50","mobile-grid-100","grid-parent","grid-50"],"jetpack_publicize_connections":[],"jetpack_featured_media_url":"https:\/\/www.hoymercedes.com.ar\/principal\/wp-content\/uploads\/2019\/03\/20-tren-sarmiento.jpg","wps_subtitle":"","jetpack_sharing_enabled":true,"_links":{"self":[{"href":"https:\/\/www.hoymercedes.com.ar\/principal\/wp-json\/wp\/v2\/posts\/112817","targetHints":{"allow":["GET"]}}],"collection":[{"href":"https:\/\/www.hoymercedes.com.ar\/principal\/wp-json\/wp\/v2\/posts"}],"about":[{"href":"https:\/\/www.hoymercedes.com.ar\/principal\/wp-json\/wp\/v2\/types\/post"}],"author":[{"embeddable":true,"href":"https:\/\/www.hoymercedes.com.ar\/principal\/wp-json\/wp\/v2\/users\/1"}],"replies":[{"embeddable":true,"href":"https:\/\/www.hoymercedes.com.ar\/principal\/wp-json\/wp\/v2\/comments?post=112817"}],"version-history":[{"count":0,"href":"https:\/\/www.hoymercedes.com.ar\/principal\/wp-json\/wp\/v2\/posts\/112817\/revisions"}],"wp:featuredmedia":[{"embeddable":true,"href":"https:\/\/www.hoymercedes.com.ar\/principal\/wp-json\/wp\/v2\/media\/89780"}],"wp:attachment":[{"href":"https:\/\/www.hoymercedes.com.ar\/principal\/wp-json\/wp\/v2\/media?parent=112817"}],"wp:term":[{"taxonomy":"category","embeddable":true,"href":"https:\/\/www.hoymercedes.com.ar\/principal\/wp-json\/wp\/v2\/categories?post=112817"},{"taxonomy":"post_tag","embeddable":true,"href":"https:\/\/www.hoymercedes.com.ar\/principal\/wp-json\/wp\/v2\/tags?post=112817"}],"curies":[{"name":"wp","href":"https:\/\/api.w.org\/{rel}","templated":true}]}}