{"id":112871,"date":"2020-06-30T12:49:08","date_gmt":"2020-06-30T15:49:08","guid":{"rendered":"http:\/\/www.hoymercedes.com.ar\/principal\/?p=112871"},"modified":"2020-06-30T12:49:08","modified_gmt":"2020-06-30T15:49:08","slug":"hondo-pesar-por-el-fallecimiento-de-rene-giovanetti-la-voz-del-ciclismo","status":"publish","type":"post","link":"https:\/\/www.hoymercedes.com.ar\/principal\/2020\/06\/30\/hondo-pesar-por-el-fallecimiento-de-rene-giovanetti-la-voz-del-ciclismo\/","title":{"rendered":"Hondo pesar por el fallecimiento de Ren\u00e9 Giovanetti, \u00abLa Voz del Ciclismo\u00bb"},"content":{"rendered":"\n<p>En la madrugada de este martes 30 se conoci\u00f3 la triste noticia del fallecimiento del periodista deportivo Ren\u00e9 Giovanetti, de 76 a\u00f1os de edad, quien desde hace varios a\u00f1os sufr\u00eda de una enfermedad pulmonar. Siempre ligado al ciclismo, con el tiempo se coron\u00f3 como \u00abLa Voz del Ciclismo\u00bb y m\u00e1s precisamente de su querida \u00abDoble Bragado\u00bb, competencia de la cual fue el locutor durante al menos tres d\u00e9cadas, logrando despedirse de la misma en la \u00faltima edici\u00f3n, realizada en febrero de 2019, teniendo en cuenta que por motivos econ\u00f3micos la de 2020 no se disput\u00f3.<\/p>\n\n\n\n<figure class=\"wp-block-image size-large\"><img loading=\"lazy\" decoding=\"async\" width=\"6000\" height=\"4000\" data-attachment-id=\"112875\" data-permalink=\"https:\/\/www.hoymercedes.com.ar\/principal\/2020\/06\/30\/hondo-pesar-por-el-fallecimiento-de-rene-giovanetti-la-voz-del-ciclismo\/rene-giovanetti\/#main\" data-orig-file=\"https:\/\/www.hoymercedes.com.ar\/principal\/wp-content\/uploads\/2020\/06\/Rene-Giovanetti.jpg\" data-orig-size=\"6000,4000\" data-comments-opened=\"0\" data-image-meta=\"{&quot;aperture&quot;:&quot;0&quot;,&quot;credit&quot;:&quot;&quot;,&quot;camera&quot;:&quot;&quot;,&quot;caption&quot;:&quot;&quot;,&quot;created_timestamp&quot;:&quot;0&quot;,&quot;copyright&quot;:&quot;&quot;,&quot;focal_length&quot;:&quot;0&quot;,&quot;iso&quot;:&quot;0&quot;,&quot;shutter_speed&quot;:&quot;0&quot;,&quot;title&quot;:&quot;&quot;,&quot;orientation&quot;:&quot;0&quot;}\" data-image-title=\"Rene-Giovanetti\" data-image-description=\"\" data-image-caption=\"\" data-large-file=\"https:\/\/www.hoymercedes.com.ar\/principal\/wp-content\/uploads\/2020\/06\/Rene-Giovanetti.jpg\" src=\"https:\/\/www.hoymercedes.com.ar\/principal\/wp-content\/uploads\/2020\/06\/Rene-Giovanetti.jpg\" alt=\"\" class=\"wp-image-112875\"\/><figcaption>La \u00faltima foto p\u00fablica de Giovanetti, en abril de 2019, cuando el CPD lo homenaje\u00f3 por su trayectoria.<\/figcaption><\/figure>\n\n\n\n<p>Al culminar la primera etapa en Mercedes, Giovanetti anunci\u00f3 que esa ser\u00eda la \u00faltima vez que se subir\u00eda al escenario de la \u00abCl\u00e1sica del Oeste\u00bb, ya que el Criterium de Apertura 2019 no se llev\u00f3 adelante. <\/p>\n\n\n\n<p>Socio vitalicio del C\u00edrculo de Periodistas Deportivos de Mercedes, el 13 de abril de 2019 se realiz\u00f3 en el Centro de Educaci\u00f3n F\u00edsica N\u00b040 la 33\u00b0 entrega de premios de la entidad, en la cual se lo homenaje\u00f3 con una estatuilla tras cumplir en 2018 cincuenta a\u00f1os ligado al periodismo.<\/p>\n","protected":false},"excerpt":{"rendered":"<p>En la madrugada de este martes 30 se conoci\u00f3 la triste noticia del fallecimiento del periodista deportivo Ren\u00e9 Giovanetti, de &#8230; <a title=\"Hondo pesar por el fallecimiento de Ren\u00e9 Giovanetti, \u00abLa Voz del Ciclismo\u00bb\" class=\"read-more\" href=\"https:\/\/www.hoymercedes.com.ar\/principal\/2020\/06\/30\/hondo-pesar-por-el-fallecimiento-de-rene-giovanetti-la-voz-del-ciclismo\/\" aria-label=\"Leer m\u00e1s sobre Hondo pesar por el fallecimiento de Ren\u00e9 Giovanetti, \u00abLa Voz del Ciclismo\u00bb\">Leer m\u00e1s<\/a><\/p>\n","protected":false},"author":1,"featured_media":112875,"comment_status":"closed","ping_status":"open","sticky":false,"template":"","format":"standard","meta":{"_monsterinsights_skip_tracking":false,"_monsterinsights_sitenote_active":false,"_monsterinsights_sitenote_note":"","_monsterinsights_sitenote_category":0,"jetpack_post_was_ever_published":false,"_jetpack_newsletter_access":"","_jetpack_dont_email_post_to_subs":false,"_jetpack_newsletter_tier_id":0,"_jetpack_memberships_contains_paywalled_content":false,"_jetpack_memberships_contains_paid_content":false,"footnotes":"","jetpack_publicize_message":"","jetpack_publicize_feature_enabled":true,"jetpack_social_post_already_shared":true,"jetpack_social_options":{"image_generator_settings":{"template":"highway","default_image_id":0,"font":"","enabled":false},"version":2},"_wpas_customize_per_network":false},"categories":[21],"tags":[],"class_list":["post-112871","post","type-post","status-publish","format-standard","has-post-thumbnail","hentry","category-deportes","generate-columns","tablet-grid-50","mobile-grid-100","grid-parent","grid-50"],"jetpack_publicize_connections":[],"jetpack_featured_media_url":"https:\/\/www.hoymercedes.com.ar\/principal\/wp-content\/uploads\/2020\/06\/Rene-Giovanetti.jpg","wps_subtitle":"","jetpack_sharing_enabled":true,"_links":{"self":[{"href":"https:\/\/www.hoymercedes.com.ar\/principal\/wp-json\/wp\/v2\/posts\/112871","targetHints":{"allow":["GET"]}}],"collection":[{"href":"https:\/\/www.hoymercedes.com.ar\/principal\/wp-json\/wp\/v2\/posts"}],"about":[{"href":"https:\/\/www.hoymercedes.com.ar\/principal\/wp-json\/wp\/v2\/types\/post"}],"author":[{"embeddable":true,"href":"https:\/\/www.hoymercedes.com.ar\/principal\/wp-json\/wp\/v2\/users\/1"}],"replies":[{"embeddable":true,"href":"https:\/\/www.hoymercedes.com.ar\/principal\/wp-json\/wp\/v2\/comments?post=112871"}],"version-history":[{"count":0,"href":"https:\/\/www.hoymercedes.com.ar\/principal\/wp-json\/wp\/v2\/posts\/112871\/revisions"}],"wp:featuredmedia":[{"embeddable":true,"href":"https:\/\/www.hoymercedes.com.ar\/principal\/wp-json\/wp\/v2\/media\/112875"}],"wp:attachment":[{"href":"https:\/\/www.hoymercedes.com.ar\/principal\/wp-json\/wp\/v2\/media?parent=112871"}],"wp:term":[{"taxonomy":"category","embeddable":true,"href":"https:\/\/www.hoymercedes.com.ar\/principal\/wp-json\/wp\/v2\/categories?post=112871"},{"taxonomy":"post_tag","embeddable":true,"href":"https:\/\/www.hoymercedes.com.ar\/principal\/wp-json\/wp\/v2\/tags?post=112871"}],"curies":[{"name":"wp","href":"https:\/\/api.w.org\/{rel}","templated":true}]}}