{"id":112877,"date":"2020-06-30T13:23:08","date_gmt":"2020-06-30T16:23:08","guid":{"rendered":"http:\/\/www.hoymercedes.com.ar\/principal\/?p=112877"},"modified":"2020-06-30T13:23:12","modified_gmt":"2020-06-30T16:23:12","slug":"mercedes-estudiantes-y-union-aprovechan-el-tiempo-sin-deporte-para-mejorar-sus-predios","status":"publish","type":"post","link":"https:\/\/www.hoymercedes.com.ar\/principal\/2020\/06\/30\/mercedes-estudiantes-y-union-aprovechan-el-tiempo-sin-deporte-para-mejorar-sus-predios\/","title":{"rendered":"Mercedes, Estudiantes y Uni\u00f3n aprovechan el tiempo sin deporte para mejorar sus predios"},"content":{"rendered":"\n<p>Desde mitad de marzo los clubes mercedinos est\u00e1n sin actividad deportiva y muchos permanecieron totalmente cerrados durante los primeros dos meses de la cuarentena. Luego que la ciudad haya pasado a una nueva fase, donde la posibilidad de circular es mayor, muchos empezaron a realizar campa\u00f1as solidarias, como Los Carteros y Ateneo, mientras que otros aprovechan tambi\u00e9n el tiempo para realizar mejoras en sus predios.<\/p>\n\n\n\n<figure class=\"wp-block-gallery columns-3 is-cropped wp-block-gallery-1 is-layout-flex wp-block-gallery-is-layout-flex\"><ul class=\"blocks-gallery-grid\"><li class=\"blocks-gallery-item\"><figure><img loading=\"lazy\" decoding=\"async\" width=\"1080\" height=\"943\" data-attachment-id=\"112878\" data-permalink=\"https:\/\/www.hoymercedes.com.ar\/principal\/2020\/06\/30\/mercedes-estudiantes-y-union-aprovechan-el-tiempo-sin-deporte-para-mejorar-sus-predios\/screenshot_20200630-130433\/#main\" data-orig-file=\"https:\/\/www.hoymercedes.com.ar\/principal\/wp-content\/uploads\/2020\/06\/Screenshot_20200630-130433.png\" data-orig-size=\"1080,943\" data-comments-opened=\"0\" data-image-meta=\"{&quot;aperture&quot;:&quot;0&quot;,&quot;credit&quot;:&quot;&quot;,&quot;camera&quot;:&quot;&quot;,&quot;caption&quot;:&quot;&quot;,&quot;created_timestamp&quot;:&quot;0&quot;,&quot;copyright&quot;:&quot;&quot;,&quot;focal_length&quot;:&quot;0&quot;,&quot;iso&quot;:&quot;0&quot;,&quot;shutter_speed&quot;:&quot;0&quot;,&quot;title&quot;:&quot;&quot;,&quot;orientation&quot;:&quot;0&quot;}\" data-image-title=\"Screenshot_20200630-130433\" data-image-description=\"\" data-image-caption=\"\" data-large-file=\"https:\/\/www.hoymercedes.com.ar\/principal\/wp-content\/uploads\/2020\/06\/Screenshot_20200630-130433.png\" src=\"https:\/\/www.hoymercedes.com.ar\/principal\/wp-content\/uploads\/2020\/06\/Screenshot_20200630-130433.png\" alt=\"\" data-id=\"112878\" data-link=\"https:\/\/www.hoymercedes.com.ar\/principal\/?attachment_id=112878\" class=\"wp-image-112878\"\/><\/figure><\/li><li class=\"blocks-gallery-item\"><figure><img loading=\"lazy\" decoding=\"async\" width=\"1077\" height=\"567\" data-attachment-id=\"112879\" data-permalink=\"https:\/\/www.hoymercedes.com.ar\/principal\/2020\/06\/30\/mercedes-estudiantes-y-union-aprovechan-el-tiempo-sin-deporte-para-mejorar-sus-predios\/screenshot_20200630-130455\/#main\" data-orig-file=\"https:\/\/www.hoymercedes.com.ar\/principal\/wp-content\/uploads\/2020\/06\/Screenshot_20200630-130455.png\" data-orig-size=\"1077,567\" data-comments-opened=\"0\" data-image-meta=\"{&quot;aperture&quot;:&quot;0&quot;,&quot;credit&quot;:&quot;&quot;,&quot;camera&quot;:&quot;&quot;,&quot;caption&quot;:&quot;&quot;,&quot;created_timestamp&quot;:&quot;0&quot;,&quot;copyright&quot;:&quot;&quot;,&quot;focal_length&quot;:&quot;0&quot;,&quot;iso&quot;:&quot;0&quot;,&quot;shutter_speed&quot;:&quot;0&quot;,&quot;title&quot;:&quot;&quot;,&quot;orientation&quot;:&quot;0&quot;}\" data-image-title=\"Screenshot_20200630-130455\" data-image-description=\"\" data-image-caption=\"\" data-large-file=\"https:\/\/www.hoymercedes.com.ar\/principal\/wp-content\/uploads\/2020\/06\/Screenshot_20200630-130455.png\" src=\"https:\/\/www.hoymercedes.com.ar\/principal\/wp-content\/uploads\/2020\/06\/Screenshot_20200630-130455.png\" alt=\"\" data-id=\"112879\" data-link=\"https:\/\/www.hoymercedes.com.ar\/principal\/?attachment_id=112879\" class=\"wp-image-112879\"\/><\/figure><\/li><li class=\"blocks-gallery-item\"><figure><img loading=\"lazy\" decoding=\"async\" width=\"1077\" height=\"1079\" data-attachment-id=\"112880\" data-permalink=\"https:\/\/www.hoymercedes.com.ar\/principal\/2020\/06\/30\/mercedes-estudiantes-y-union-aprovechan-el-tiempo-sin-deporte-para-mejorar-sus-predios\/screenshot_20200630-130518\/#main\" data-orig-file=\"https:\/\/www.hoymercedes.com.ar\/principal\/wp-content\/uploads\/2020\/06\/Screenshot_20200630-130518.png\" data-orig-size=\"1077,1079\" data-comments-opened=\"0\" data-image-meta=\"{&quot;aperture&quot;:&quot;0&quot;,&quot;credit&quot;:&quot;&quot;,&quot;camera&quot;:&quot;&quot;,&quot;caption&quot;:&quot;&quot;,&quot;created_timestamp&quot;:&quot;0&quot;,&quot;copyright&quot;:&quot;&quot;,&quot;focal_length&quot;:&quot;0&quot;,&quot;iso&quot;:&quot;0&quot;,&quot;shutter_speed&quot;:&quot;0&quot;,&quot;title&quot;:&quot;&quot;,&quot;orientation&quot;:&quot;0&quot;}\" data-image-title=\"Screenshot_20200630-130518\" data-image-description=\"\" data-image-caption=\"\" data-large-file=\"https:\/\/www.hoymercedes.com.ar\/principal\/wp-content\/uploads\/2020\/06\/Screenshot_20200630-130518.png\" src=\"https:\/\/www.hoymercedes.com.ar\/principal\/wp-content\/uploads\/2020\/06\/Screenshot_20200630-130518.png\" alt=\"\" data-id=\"112880\" data-link=\"https:\/\/www.hoymercedes.com.ar\/principal\/?attachment_id=112880\" class=\"wp-image-112880\"\/><\/figure><\/li><\/ul><\/figure>\n\n\n\n<p>Este es el caso de Club Mercedes, Estudiantes y Uni\u00f3n, que durante los \u00faltimos d\u00edas realizaron trabajos. En el caso del blanquinegro, fue en su nuevo predio lindante al Parque Municipal Independencia donde se sigui\u00f3 con el acondicionamiento del terreno. En el caso del Pincha, hubo m\u00e1quinas trabajando tambi\u00e9n en sus canchas, con relleno de tierra, mientras que en Uni\u00f3n hubo trabajos de pintura, alambrado en ambas canchas, instalaci\u00f3n de sistemas de riego y en el futuro estacionamiento.<\/p>\n","protected":false},"excerpt":{"rendered":"<p>Desde mitad de marzo los clubes mercedinos est\u00e1n sin actividad deportiva y muchos permanecieron totalmente cerrados durante los primeros dos &#8230; <a title=\"Mercedes, Estudiantes y Uni\u00f3n aprovechan el tiempo sin deporte para mejorar sus predios\" class=\"read-more\" href=\"https:\/\/www.hoymercedes.com.ar\/principal\/2020\/06\/30\/mercedes-estudiantes-y-union-aprovechan-el-tiempo-sin-deporte-para-mejorar-sus-predios\/\" aria-label=\"Leer m\u00e1s sobre Mercedes, Estudiantes y Uni\u00f3n aprovechan el tiempo sin deporte para mejorar sus predios\">Leer m\u00e1s<\/a><\/p>\n","protected":false},"author":1,"featured_media":112878,"comment_status":"closed","ping_status":"open","sticky":false,"template":"","format":"standard","meta":{"_monsterinsights_skip_tracking":false,"_monsterinsights_sitenote_active":false,"_monsterinsights_sitenote_note":"","_monsterinsights_sitenote_category":0,"jetpack_post_was_ever_published":false,"_jetpack_newsletter_access":"","_jetpack_dont_email_post_to_subs":false,"_jetpack_newsletter_tier_id":0,"_jetpack_memberships_contains_paywalled_content":false,"_jetpack_memberships_contains_paid_content":false,"footnotes":"","jetpack_publicize_message":"","jetpack_publicize_feature_enabled":true,"jetpack_social_post_already_shared":true,"jetpack_social_options":{"image_generator_settings":{"template":"highway","default_image_id":0,"font":"","enabled":false},"version":2},"_wpas_customize_per_network":false},"categories":[21],"tags":[],"class_list":["post-112877","post","type-post","status-publish","format-standard","has-post-thumbnail","hentry","category-deportes","generate-columns","tablet-grid-50","mobile-grid-100","grid-parent","grid-50"],"jetpack_publicize_connections":[],"jetpack_featured_media_url":"https:\/\/www.hoymercedes.com.ar\/principal\/wp-content\/uploads\/2020\/06\/Screenshot_20200630-130433.png","wps_subtitle":"","jetpack_sharing_enabled":true,"_links":{"self":[{"href":"https:\/\/www.hoymercedes.com.ar\/principal\/wp-json\/wp\/v2\/posts\/112877","targetHints":{"allow":["GET"]}}],"collection":[{"href":"https:\/\/www.hoymercedes.com.ar\/principal\/wp-json\/wp\/v2\/posts"}],"about":[{"href":"https:\/\/www.hoymercedes.com.ar\/principal\/wp-json\/wp\/v2\/types\/post"}],"author":[{"embeddable":true,"href":"https:\/\/www.hoymercedes.com.ar\/principal\/wp-json\/wp\/v2\/users\/1"}],"replies":[{"embeddable":true,"href":"https:\/\/www.hoymercedes.com.ar\/principal\/wp-json\/wp\/v2\/comments?post=112877"}],"version-history":[{"count":0,"href":"https:\/\/www.hoymercedes.com.ar\/principal\/wp-json\/wp\/v2\/posts\/112877\/revisions"}],"wp:featuredmedia":[{"embeddable":true,"href":"https:\/\/www.hoymercedes.com.ar\/principal\/wp-json\/wp\/v2\/media\/112878"}],"wp:attachment":[{"href":"https:\/\/www.hoymercedes.com.ar\/principal\/wp-json\/wp\/v2\/media?parent=112877"}],"wp:term":[{"taxonomy":"category","embeddable":true,"href":"https:\/\/www.hoymercedes.com.ar\/principal\/wp-json\/wp\/v2\/categories?post=112877"},{"taxonomy":"post_tag","embeddable":true,"href":"https:\/\/www.hoymercedes.com.ar\/principal\/wp-json\/wp\/v2\/tags?post=112877"}],"curies":[{"name":"wp","href":"https:\/\/api.w.org\/{rel}","templated":true}]}}