{"id":112882,"date":"2020-06-30T17:15:34","date_gmt":"2020-06-30T20:15:34","guid":{"rendered":"http:\/\/www.hoymercedes.com.ar\/principal\/?p=112882"},"modified":"2020-06-30T17:49:23","modified_gmt":"2020-06-30T20:49:23","slug":"nueve-detenidos-por-robo-de-ganado-agravado","status":"publish","type":"post","link":"https:\/\/www.hoymercedes.com.ar\/principal\/2020\/06\/30\/nueve-detenidos-por-robo-de-ganado-agravado\/","title":{"rendered":"Nueve detenidos por robo de ganado agravado, entre ellos un Polic\u00eda Rural"},"content":{"rendered":"\n<p>A ra\u00edz de un il\u00edcito de abigeato agravado (cuatrerismo o robo de ganado) en la localidad de 25 de Mayo, esta semana se realizaron una serie de allanamientos en dicha localidad y en la ciudad de 9 de Julio, tras los cuales se detuvo a nueve personas.El hecho fue el 24 de diciembre de 2019 en un \u00a0establecimiento rural del partido de 25 de Mayo, en el que se sustrajeron 116 cabezas de ganado.<\/p>\n\n\n\n<p>La instrucci\u00f3n estuvo a cargo de la Unidad Funcional de Instrucci\u00f3n y Juicio N.\u00ba 2 del Departamento Judicial Mercedes \u2013 a cargo del Dr. Sebasti\u00e1n Villalba \u2013 que durante este tiempo llev\u00f3 a cabo exhaustivas tareas investigativas para dar en primera instancia con ocho imputados, en roles de coautores y participes necesarios del delito. En tanto, en el marco de un allanamiento en una empresa agropecuaria se aprehendi\u00f3 en primera instancia al propietario de la misma y posteriormente se solicit\u00f3 al Juzgado de Garant\u00edas N\u00b0 3 la conversi\u00f3n en detenci\u00f3n, la cual fue concedida.<\/p>\n\n\n\n<p>En total se realizaron 14 allanamientos en cuatro domicilios en 9 de Julio, 6 domicilios en 25 y cuatro establecimientos rurales dos en 9 de Julio y dos en 25 de Mayo. Se lograron recuperar siete vacunos reconocidos como pertenecientes a la firma asaltada, los dos camiones con los que se cometieron los hechos, dinero en efectivo, y armas de fuego, entre otros elementos de inter\u00e9s para la investigaci\u00f3n.<\/p>\n\n\n\n<p>Por el delito de \u201cAbigeato agravado por tratarse de m\u00e1s de cinco cabezas de ganado mayor y por haberse utilizado un medio motorizado para su transporte, por haberse realizado en las condiciones previstas en el art\u00edculo 164, por ser el autor una persona que se dedica a la crianza, cuidado, comercializaci\u00f3n o transporte de ganado y por la participaci\u00f3n en el mismo de tres o m\u00e1s personas\u201d comparecieron ante el fiscal en el marco de la audiencia de declaraci\u00f3n en los t\u00e9rminos del art. 308 del C\u00f3digo Procesal Penal: tres personas dedicadas a la crianza y comercializaci\u00f3n de ganado vacuno pertenecientes a un mismo grupo familiar, dos sujetos m\u00e1s que trabajaban para los mismos \u2013 uno de ellos ex empleado de la firma que sufri\u00f3 el il\u00edcito \u2013 y un efectivo policial perteneciente al Comando Patrulla Rural, todos ellos de 25 de Mayo; y el propietario de una empresa agropecuaria y dos transportistas de la misma, de la localidad de 9 de Julio.<\/p>\n\n\n\n<p>Adem\u00e1s, a las personas dedicadas a la crianza y comercializaci\u00f3n de ganado vacuno se les imput\u00f3 otro hecho de similares caracter\u00edsticas ocurrido el 31 de enero de 2020 en una chacra de la misma localidad de 25 de Mayo, y a uno de ellos en particular los delitos de \u201cAmenazas agravadas por el uso de arma\u201d, para con el propietario de dicha chacra.<\/p>\n\n\n\n<p>Fuente: Ministerio P\u00fablico Fiscal &#8211; Depto. Judicial Mercedes<\/p>\n","protected":false},"excerpt":{"rendered":"<p>A ra\u00edz de un il\u00edcito de abigeato agravado (cuatrerismo o robo de ganado) en la localidad de 25 de Mayo, &#8230; <a title=\"Nueve detenidos por robo de ganado agravado, entre ellos un Polic\u00eda Rural\" class=\"read-more\" href=\"https:\/\/www.hoymercedes.com.ar\/principal\/2020\/06\/30\/nueve-detenidos-por-robo-de-ganado-agravado\/\" aria-label=\"Leer m\u00e1s sobre Nueve detenidos por robo de ganado agravado, entre ellos un Polic\u00eda Rural\">Leer m\u00e1s<\/a><\/p>\n","protected":false},"author":1,"featured_media":112883,"comment_status":"closed","ping_status":"open","sticky":false,"template":"","format":"standard","meta":{"_monsterinsights_skip_tracking":false,"_monsterinsights_sitenote_active":false,"_monsterinsights_sitenote_note":"","_monsterinsights_sitenote_category":0,"jetpack_post_was_ever_published":false,"_jetpack_newsletter_access":"","_jetpack_dont_email_post_to_subs":false,"_jetpack_newsletter_tier_id":0,"_jetpack_memberships_contains_paywalled_content":false,"_jetpack_memberships_contains_paid_content":false,"footnotes":"","jetpack_publicize_message":"","jetpack_publicize_feature_enabled":true,"jetpack_social_post_already_shared":true,"jetpack_social_options":{"image_generator_settings":{"template":"highway","default_image_id":0,"font":"","enabled":false},"version":2},"_wpas_customize_per_network":false},"categories":[85],"tags":[],"class_list":["post-112882","post","type-post","status-publish","format-standard","has-post-thumbnail","hentry","category-policial","generate-columns","tablet-grid-50","mobile-grid-100","grid-parent","grid-50"],"jetpack_publicize_connections":[],"jetpack_featured_media_url":"https:\/\/www.hoymercedes.com.ar\/principal\/wp-content\/uploads\/2020\/06\/30-robo-ganado.jpg","wps_subtitle":"Regional","jetpack_sharing_enabled":true,"_links":{"self":[{"href":"https:\/\/www.hoymercedes.com.ar\/principal\/wp-json\/wp\/v2\/posts\/112882","targetHints":{"allow":["GET"]}}],"collection":[{"href":"https:\/\/www.hoymercedes.com.ar\/principal\/wp-json\/wp\/v2\/posts"}],"about":[{"href":"https:\/\/www.hoymercedes.com.ar\/principal\/wp-json\/wp\/v2\/types\/post"}],"author":[{"embeddable":true,"href":"https:\/\/www.hoymercedes.com.ar\/principal\/wp-json\/wp\/v2\/users\/1"}],"replies":[{"embeddable":true,"href":"https:\/\/www.hoymercedes.com.ar\/principal\/wp-json\/wp\/v2\/comments?post=112882"}],"version-history":[{"count":0,"href":"https:\/\/www.hoymercedes.com.ar\/principal\/wp-json\/wp\/v2\/posts\/112882\/revisions"}],"wp:featuredmedia":[{"embeddable":true,"href":"https:\/\/www.hoymercedes.com.ar\/principal\/wp-json\/wp\/v2\/media\/112883"}],"wp:attachment":[{"href":"https:\/\/www.hoymercedes.com.ar\/principal\/wp-json\/wp\/v2\/media?parent=112882"}],"wp:term":[{"taxonomy":"category","embeddable":true,"href":"https:\/\/www.hoymercedes.com.ar\/principal\/wp-json\/wp\/v2\/categories?post=112882"},{"taxonomy":"post_tag","embeddable":true,"href":"https:\/\/www.hoymercedes.com.ar\/principal\/wp-json\/wp\/v2\/tags?post=112882"}],"curies":[{"name":"wp","href":"https:\/\/api.w.org\/{rel}","templated":true}]}}