{"id":112890,"date":"2020-07-04T10:08:18","date_gmt":"2020-07-04T13:08:18","guid":{"rendered":"http:\/\/www.hoymercedes.com.ar\/principal\/?p=112890"},"modified":"2020-07-04T11:27:26","modified_gmt":"2020-07-04T14:27:26","slug":"anses-prorrogo-supervivencia-y-presentacion-de-libreta-para-auh","status":"publish","type":"post","link":"https:\/\/www.hoymercedes.com.ar\/principal\/2020\/07\/04\/anses-prorrogo-supervivencia-y-presentacion-de-libreta-para-auh\/","title":{"rendered":"ANSES prorrog\u00f3 supervivencia y presentaci\u00f3n de libreta para AUH"},"content":{"rendered":"\n<p>De acuerdo con la Resoluci\u00f3n n\u00famero 235\/2020 publicada en el Bolet\u00edn Oficial, la ANSES decidi\u00f3 prorrogar la suspensi\u00f3n de la realizaci\u00f3n del tr\u00e1mite de supervivencia\/ Fe de Vida para los jubilados y pensionados para el cobro de las prestaciones de los meses de julio y agosto. Esto significa que no es necesario que los beneficiarios concurran a los bancos para hacer el tr\u00e1mite. La medida tiene como objetivo garantizar el cobro de las jubilaciones, pensiones y Pensiones No Contributivas (PNC) en el marco de la pandemia por el Covid-19<em>.<\/em><\/p>\n\n\n\n<p>Asimismo informa que se extendi\u00f3 el plazo de presentaci\u00f3n de la Libreta de la Asignaci\u00f3n Universal hasta el \u00faltimo d\u00eda h\u00e1bil del mes de diciembre de 2020. Esta medida permitir\u00e1 que los beneficiarios de la Asignaci\u00f3n Universal por Hijo (AUH) contin\u00faen cobrando la prestaci\u00f3n mensualmente. Para m\u00e1s informaci\u00f3n se puede ingresar a\u00a0<a rel=\"noreferrer noopener\" target=\"_blank\" href=\"http:\/\/www.anses.gob.ar\/tramite\/libreta-de-asignacion-universal\">www.anses.gob.ar\/tramite\/libreta-de-asignacion-universal<\/a>.\u00a0<\/p>\n\n\n\n<p><\/p>\n","protected":false},"excerpt":{"rendered":"<p>De acuerdo con la Resoluci\u00f3n n\u00famero 235\/2020 publicada en el Bolet\u00edn Oficial, la ANSES decidi\u00f3 prorrogar la suspensi\u00f3n de la &#8230; <a title=\"ANSES prorrog\u00f3 supervivencia y presentaci\u00f3n de libreta para AUH\" class=\"read-more\" href=\"https:\/\/www.hoymercedes.com.ar\/principal\/2020\/07\/04\/anses-prorrogo-supervivencia-y-presentacion-de-libreta-para-auh\/\" aria-label=\"Leer m\u00e1s sobre ANSES prorrog\u00f3 supervivencia y presentaci\u00f3n de libreta para AUH\">Leer m\u00e1s<\/a><\/p>\n","protected":false},"author":1,"featured_media":73507,"comment_status":"closed","ping_status":"open","sticky":false,"template":"","format":"standard","meta":{"_monsterinsights_skip_tracking":false,"_monsterinsights_sitenote_active":false,"_monsterinsights_sitenote_note":"","_monsterinsights_sitenote_category":0,"jetpack_post_was_ever_published":false,"_jetpack_newsletter_access":"","_jetpack_dont_email_post_to_subs":false,"_jetpack_newsletter_tier_id":0,"_jetpack_memberships_contains_paywalled_content":false,"_jetpack_memberships_contains_paid_content":false,"footnotes":"","jetpack_publicize_message":"","jetpack_publicize_feature_enabled":true,"jetpack_social_post_already_shared":true,"jetpack_social_options":{"image_generator_settings":{"template":"highway","default_image_id":0,"font":"","enabled":false},"version":2},"_wpas_customize_per_network":false},"categories":[8],"tags":[],"class_list":["post-112890","post","type-post","status-publish","format-standard","has-post-thumbnail","hentry","category-sociedad","generate-columns","tablet-grid-50","mobile-grid-100","grid-parent","grid-50"],"jetpack_publicize_connections":[],"jetpack_featured_media_url":"https:\/\/www.hoymercedes.com.ar\/principal\/wp-content\/uploads\/2018\/03\/15-anses-logo.jpg","wps_subtitle":"","jetpack_sharing_enabled":true,"_links":{"self":[{"href":"https:\/\/www.hoymercedes.com.ar\/principal\/wp-json\/wp\/v2\/posts\/112890","targetHints":{"allow":["GET"]}}],"collection":[{"href":"https:\/\/www.hoymercedes.com.ar\/principal\/wp-json\/wp\/v2\/posts"}],"about":[{"href":"https:\/\/www.hoymercedes.com.ar\/principal\/wp-json\/wp\/v2\/types\/post"}],"author":[{"embeddable":true,"href":"https:\/\/www.hoymercedes.com.ar\/principal\/wp-json\/wp\/v2\/users\/1"}],"replies":[{"embeddable":true,"href":"https:\/\/www.hoymercedes.com.ar\/principal\/wp-json\/wp\/v2\/comments?post=112890"}],"version-history":[{"count":0,"href":"https:\/\/www.hoymercedes.com.ar\/principal\/wp-json\/wp\/v2\/posts\/112890\/revisions"}],"wp:featuredmedia":[{"embeddable":true,"href":"https:\/\/www.hoymercedes.com.ar\/principal\/wp-json\/wp\/v2\/media\/73507"}],"wp:attachment":[{"href":"https:\/\/www.hoymercedes.com.ar\/principal\/wp-json\/wp\/v2\/media?parent=112890"}],"wp:term":[{"taxonomy":"category","embeddable":true,"href":"https:\/\/www.hoymercedes.com.ar\/principal\/wp-json\/wp\/v2\/categories?post=112890"},{"taxonomy":"post_tag","embeddable":true,"href":"https:\/\/www.hoymercedes.com.ar\/principal\/wp-json\/wp\/v2\/tags?post=112890"}],"curies":[{"name":"wp","href":"https:\/\/api.w.org\/{rel}","templated":true}]}}