{"id":112913,"date":"2020-07-01T09:22:00","date_gmt":"2020-07-01T12:22:00","guid":{"rendered":"http:\/\/www.hoymercedes.com.ar\/principal\/?p=112913"},"modified":"2020-07-01T13:16:48","modified_gmt":"2020-07-01T16:16:48","slug":"municipio-arma-accion-solidaria-anticipando-el-dia-del-nino","status":"publish","type":"post","link":"https:\/\/www.hoymercedes.com.ar\/principal\/2020\/07\/01\/municipio-arma-accion-solidaria-anticipando-el-dia-del-nino\/","title":{"rendered":"Municipio arma acci\u00f3n solidaria anticipando el D\u00eda del Ni\u00f1o"},"content":{"rendered":"\n<p>(Fuente: Prensa Municipal) La Direcci\u00f3n de Adultos Mayores del Municipio de Mercedes junto a la Direcci\u00f3n de Ni\u00f1ez y adolescencia ya est\u00e1n trabajando en una acci\u00f3n solidaria para el d\u00eda del ni\u00f1o. La misma es un trabajo en conjunto, que apunta, adem\u00e1s, a la acci\u00f3n solidaria de los vecinos. De esta manera, el objetivo es la confecci\u00f3n de libros para colorear que ser\u00e1n entregados a los chicos de la ciudad.<\/p>\n\n\n\n<p>Victoria Odell, directora de Adultos Mayores comunal se\u00f1al\u00f3 \u201ccomenzamos con tiempo ya que la idea es poder hacer una cantidad de libros significativa que llegue a cubrir un buen porcentaje de los ni\u00f1os de la ciudad\u201d.<\/p>\n\n\n\n<p>A su vez, Odell cont\u00f3 la propuesta \u201cnosotros contamos con las hojas -que contienen los respectivos dibujos- y a qui\u00e9n quiera se las alcanzamos y lo que pedimos es que hagan una especie de encuadernaci\u00f3n, que unan las hojas y les hagan las tapas\u201d y agreg\u00f3 \u201cque piensen, que dise\u00f1en y con los materiales que tengan a su alcance produzcan estas partes\u201d.<\/p>\n\n\n\n<p>&nbsp;\u201cUna vez que los terminan nos avisan y nosotros los retiramos y llegada la fecha la Direcci\u00f3n de Ni\u00f1ez y Adolescencia buscar\u00e1n la forma -seg\u00fan los protocolos de ese momento- de entregar estos libros a los chicos y chicas de Mercedes\u201d apunt\u00f3 Victoria Odell e inform\u00f3 \u201csi tienen a alguien que pase a retirar las hojas para agregarles las tapas, lo pueden hacer en la Direcci\u00f3n de Adultos Mayores, donde tomamos todas las medidas sanitarias, y de no ser as\u00ed nosotros se los alcanzamos a sus casas\u201d.<\/p>\n\n\n\n<p>Por otro lado, Victoria Odell, directora de Adultos Mayores inst\u00f3 \u201ca que nuestros adultos mayores se queden dentro de sus hogares y si tienen que salir tomen las medidas sanitarias correspondientes para evitar cualquier tipo de contagio\u201d y agreg\u00f3 \u201cconsideramos que ellos son el grupo de mayor vulnerabilidad donde los riesgos de vida son muy altos, por eso debemos cuidarlos y protegerlos ante esta pandemia\u201d.<\/p>\n\n\n\n<p>Es as\u00ed como se invita a los vecinos que quieran colaborar con esta propuesta, a ayudar con la realizaci\u00f3n de las tapas de estas revistas. Quienes quieran se parte se pueden comunicar al Tel. 435035 o al Facebook Adultos Mayores Mercedes<\/p>\n","protected":false},"excerpt":{"rendered":"<p>(Fuente: Prensa Municipal) La Direcci\u00f3n de Adultos Mayores del Municipio de Mercedes junto a la Direcci\u00f3n de Ni\u00f1ez y adolescencia &#8230; <a title=\"Municipio arma acci\u00f3n solidaria anticipando el D\u00eda del Ni\u00f1o\" class=\"read-more\" href=\"https:\/\/www.hoymercedes.com.ar\/principal\/2020\/07\/01\/municipio-arma-accion-solidaria-anticipando-el-dia-del-nino\/\" aria-label=\"Leer m\u00e1s sobre Municipio arma acci\u00f3n solidaria anticipando el D\u00eda del Ni\u00f1o\">Leer m\u00e1s<\/a><\/p>\n","protected":false},"author":1,"featured_media":112921,"comment_status":"closed","ping_status":"open","sticky":false,"template":"","format":"standard","meta":{"_monsterinsights_skip_tracking":false,"_monsterinsights_sitenote_active":false,"_monsterinsights_sitenote_note":"","_monsterinsights_sitenote_category":0,"jetpack_post_was_ever_published":false,"_jetpack_newsletter_access":"","_jetpack_dont_email_post_to_subs":false,"_jetpack_newsletter_tier_id":0,"_jetpack_memberships_contains_paywalled_content":false,"_jetpack_memberships_contains_paid_content":false,"footnotes":"","jetpack_publicize_message":"","jetpack_publicize_feature_enabled":true,"jetpack_social_post_already_shared":false,"jetpack_social_options":{"image_generator_settings":{"template":"highway","default_image_id":0,"font":"","enabled":false},"version":2},"_wpas_customize_per_network":false},"categories":[30],"tags":[1174,244],"class_list":["post-112913","post","type-post","status-publish","format-standard","has-post-thumbnail","hentry","category-municipio","tag-dia-del-nino","tag-municipio-2","generate-columns","tablet-grid-50","mobile-grid-100","grid-parent","grid-50"],"jetpack_publicize_connections":[],"jetpack_featured_media_url":"https:\/\/www.hoymercedes.com.ar\/principal\/wp-content\/uploads\/2020\/07\/FB_IMG_15935710029234950_copy_800x800.jpg","wps_subtitle":"","jetpack_sharing_enabled":true,"_links":{"self":[{"href":"https:\/\/www.hoymercedes.com.ar\/principal\/wp-json\/wp\/v2\/posts\/112913","targetHints":{"allow":["GET"]}}],"collection":[{"href":"https:\/\/www.hoymercedes.com.ar\/principal\/wp-json\/wp\/v2\/posts"}],"about":[{"href":"https:\/\/www.hoymercedes.com.ar\/principal\/wp-json\/wp\/v2\/types\/post"}],"author":[{"embeddable":true,"href":"https:\/\/www.hoymercedes.com.ar\/principal\/wp-json\/wp\/v2\/users\/1"}],"replies":[{"embeddable":true,"href":"https:\/\/www.hoymercedes.com.ar\/principal\/wp-json\/wp\/v2\/comments?post=112913"}],"version-history":[{"count":0,"href":"https:\/\/www.hoymercedes.com.ar\/principal\/wp-json\/wp\/v2\/posts\/112913\/revisions"}],"wp:featuredmedia":[{"embeddable":true,"href":"https:\/\/www.hoymercedes.com.ar\/principal\/wp-json\/wp\/v2\/media\/112921"}],"wp:attachment":[{"href":"https:\/\/www.hoymercedes.com.ar\/principal\/wp-json\/wp\/v2\/media?parent=112913"}],"wp:term":[{"taxonomy":"category","embeddable":true,"href":"https:\/\/www.hoymercedes.com.ar\/principal\/wp-json\/wp\/v2\/categories?post=112913"},{"taxonomy":"post_tag","embeddable":true,"href":"https:\/\/www.hoymercedes.com.ar\/principal\/wp-json\/wp\/v2\/tags?post=112913"}],"curies":[{"name":"wp","href":"https:\/\/api.w.org\/{rel}","templated":true}]}}