{"id":112922,"date":"2020-07-01T11:54:47","date_gmt":"2020-07-01T14:54:47","guid":{"rendered":"http:\/\/www.hoymercedes.com.ar\/principal\/?p=112922"},"modified":"2020-07-01T11:54:49","modified_gmt":"2020-07-01T14:54:49","slug":"objetivo-cumplido-para-facundo-lescano-el-sicula-leonzio-continua-en-la-serie-c","status":"publish","type":"post","link":"https:\/\/www.hoymercedes.com.ar\/principal\/2020\/07\/01\/objetivo-cumplido-para-facundo-lescano-el-sicula-leonzio-continua-en-la-serie-c\/","title":{"rendered":"Objetivo cumplido para Facundo Lescano, el Sicula Leonzio contin\u00faa en la Serie C"},"content":{"rendered":"\n<p>El delantero mercedino Facundo Lescano fue titular este martes 30 en la victoria por 1 a 0 del Sicula Leonzio ante Bisceglie y con este resultado lleg\u00f3 a un global de 2 a 0 para continuar una temporada m\u00e1s en la Serie C y mandar a la D a su rival, que fue uno de los tres conjuntos, junto a Rende y Rieti, que en la Zona C no pudieron mantener la categor\u00eda. <\/p>\n\n\n\n<figure class=\"wp-block-image size-large\"><img loading=\"lazy\" decoding=\"async\" width=\"2000\" height=\"1333\" data-attachment-id=\"112932\" data-permalink=\"https:\/\/www.hoymercedes.com.ar\/principal\/2020\/07\/01\/objetivo-cumplido-para-facundo-lescano-el-sicula-leonzio-continua-en-la-serie-c\/facundo-lescano-leonzio-1-bisceglie-0-festejo-serie-c\/#main\" data-orig-file=\"https:\/\/www.hoymercedes.com.ar\/principal\/wp-content\/uploads\/2020\/07\/Facundo-Lescano-Leonzio-1-Bisceglie-0-Festejo-Serie-C.jpg\" data-orig-size=\"2000,1333\" data-comments-opened=\"0\" data-image-meta=\"{&quot;aperture&quot;:&quot;0&quot;,&quot;credit&quot;:&quot;&quot;,&quot;camera&quot;:&quot;&quot;,&quot;caption&quot;:&quot;&quot;,&quot;created_timestamp&quot;:&quot;0&quot;,&quot;copyright&quot;:&quot;&quot;,&quot;focal_length&quot;:&quot;0&quot;,&quot;iso&quot;:&quot;0&quot;,&quot;shutter_speed&quot;:&quot;0&quot;,&quot;title&quot;:&quot;&quot;,&quot;orientation&quot;:&quot;0&quot;}\" data-image-title=\"Facundo-Lescano-Leonzio-1-Bisceglie-0-Festejo-Serie-C\" data-image-description=\"\" data-image-caption=\"\" data-large-file=\"https:\/\/www.hoymercedes.com.ar\/principal\/wp-content\/uploads\/2020\/07\/Facundo-Lescano-Leonzio-1-Bisceglie-0-Festejo-Serie-C.jpg\" src=\"https:\/\/www.hoymercedes.com.ar\/principal\/wp-content\/uploads\/2020\/07\/Facundo-Lescano-Leonzio-1-Bisceglie-0-Festejo-Serie-C.jpg\" alt=\"\" class=\"wp-image-112932\"\/><\/figure>\n\n\n\n<p>El \u00fanico gol del encuentro lo marc\u00f3 Emanuele Catania cuando iban 27 minutos del segundo tiempo.  Como en toda Europa, los clubes que han podido conseguir t\u00edtulos o lograr objetivos, han tenido que festejar con estadios vac\u00edos y para el Leonzio no fue la excepci\u00f3n. <\/p>\n","protected":false},"excerpt":{"rendered":"<p>El delantero mercedino Facundo Lescano fue titular este martes 30 en la victoria por 1 a 0 del Sicula Leonzio &#8230; <a title=\"Objetivo cumplido para Facundo Lescano, el Sicula Leonzio contin\u00faa en la Serie C\" class=\"read-more\" href=\"https:\/\/www.hoymercedes.com.ar\/principal\/2020\/07\/01\/objetivo-cumplido-para-facundo-lescano-el-sicula-leonzio-continua-en-la-serie-c\/\" aria-label=\"Leer m\u00e1s sobre Objetivo cumplido para Facundo Lescano, el Sicula Leonzio contin\u00faa en la Serie C\">Leer m\u00e1s<\/a><\/p>\n","protected":false},"author":1,"featured_media":112932,"comment_status":"closed","ping_status":"open","sticky":false,"template":"","format":"standard","meta":{"_monsterinsights_skip_tracking":false,"_monsterinsights_sitenote_active":false,"_monsterinsights_sitenote_note":"","_monsterinsights_sitenote_category":0,"jetpack_post_was_ever_published":false,"_jetpack_newsletter_access":"","_jetpack_dont_email_post_to_subs":false,"_jetpack_newsletter_tier_id":0,"_jetpack_memberships_contains_paywalled_content":false,"_jetpack_memberships_contains_paid_content":false,"footnotes":"","jetpack_publicize_message":"","jetpack_publicize_feature_enabled":true,"jetpack_social_post_already_shared":true,"jetpack_social_options":{"image_generator_settings":{"template":"highway","default_image_id":0,"font":"","enabled":false},"version":2},"_wpas_customize_per_network":false},"categories":[21],"tags":[16791,15596,15597],"class_list":["post-112922","post","type-post","status-publish","format-standard","has-post-thumbnail","hentry","category-deportes","tag-bisceglie","tag-serie-c","tag-sicula-leonzio","generate-columns","tablet-grid-50","mobile-grid-100","grid-parent","grid-50"],"jetpack_publicize_connections":[],"jetpack_featured_media_url":"https:\/\/www.hoymercedes.com.ar\/principal\/wp-content\/uploads\/2020\/07\/Facundo-Lescano-Leonzio-1-Bisceglie-0-Festejo-Serie-C.jpg","wps_subtitle":"La Legi\u00f3n","jetpack_sharing_enabled":true,"_links":{"self":[{"href":"https:\/\/www.hoymercedes.com.ar\/principal\/wp-json\/wp\/v2\/posts\/112922","targetHints":{"allow":["GET"]}}],"collection":[{"href":"https:\/\/www.hoymercedes.com.ar\/principal\/wp-json\/wp\/v2\/posts"}],"about":[{"href":"https:\/\/www.hoymercedes.com.ar\/principal\/wp-json\/wp\/v2\/types\/post"}],"author":[{"embeddable":true,"href":"https:\/\/www.hoymercedes.com.ar\/principal\/wp-json\/wp\/v2\/users\/1"}],"replies":[{"embeddable":true,"href":"https:\/\/www.hoymercedes.com.ar\/principal\/wp-json\/wp\/v2\/comments?post=112922"}],"version-history":[{"count":0,"href":"https:\/\/www.hoymercedes.com.ar\/principal\/wp-json\/wp\/v2\/posts\/112922\/revisions"}],"wp:featuredmedia":[{"embeddable":true,"href":"https:\/\/www.hoymercedes.com.ar\/principal\/wp-json\/wp\/v2\/media\/112932"}],"wp:attachment":[{"href":"https:\/\/www.hoymercedes.com.ar\/principal\/wp-json\/wp\/v2\/media?parent=112922"}],"wp:term":[{"taxonomy":"category","embeddable":true,"href":"https:\/\/www.hoymercedes.com.ar\/principal\/wp-json\/wp\/v2\/categories?post=112922"},{"taxonomy":"post_tag","embeddable":true,"href":"https:\/\/www.hoymercedes.com.ar\/principal\/wp-json\/wp\/v2\/tags?post=112922"}],"curies":[{"name":"wp","href":"https:\/\/api.w.org\/{rel}","templated":true}]}}