{"id":112945,"date":"2020-07-01T13:05:00","date_gmt":"2020-07-01T16:05:00","guid":{"rendered":"http:\/\/www.hoymercedes.com.ar\/principal\/?p=112945"},"modified":"2020-07-01T14:03:31","modified_gmt":"2020-07-01T17:03:31","slug":"mercedes-recibio-uno-de-los-170-nuevos-respiradores-entregados-por-la-provincia","status":"publish","type":"post","link":"https:\/\/www.hoymercedes.com.ar\/principal\/2020\/07\/01\/mercedes-recibio-uno-de-los-170-nuevos-respiradores-entregados-por-la-provincia\/","title":{"rendered":"Mercedes recibi\u00f3 dos de los 170 nuevos respiradores entregados por la Provincia"},"content":{"rendered":"\n<p>En la tarde del martes, el gobierno de la provincia hizo entrega de aparatolog\u00eda sanitaria a 42 municipios. Es la tercera entrega de respiradores, monitores y bombas de infusi\u00f3n para los hospitales provinciales y municipales. En nombre del Hospital Dubarry, el instrumental m\u00e9dico lo recibi\u00f3 el Intendente Ustarroz. Son dos respiradores m\u00e1s, dos monitores multiparameteixos y tres bombas de infusi\u00f3n. <\/p>\n\n\n\n<div class=\"wp-block-image\"><figure class=\"aligncenter size-large\"><img loading=\"lazy\" decoding=\"async\" width=\"800\" height=\"533\" data-attachment-id=\"112952\" data-permalink=\"https:\/\/www.hoymercedes.com.ar\/principal\/2020\/07\/01\/mercedes-recibio-uno-de-los-170-nuevos-respiradores-entregados-por-la-provincia\/01-respiradores-02\/#main\" data-orig-file=\"https:\/\/www.hoymercedes.com.ar\/principal\/wp-content\/uploads\/2020\/07\/01-respiradores-02.jpeg\" data-orig-size=\"800,533\" data-comments-opened=\"0\" data-image-meta=\"{&quot;aperture&quot;:&quot;0&quot;,&quot;credit&quot;:&quot;&quot;,&quot;camera&quot;:&quot;&quot;,&quot;caption&quot;:&quot;&quot;,&quot;created_timestamp&quot;:&quot;0&quot;,&quot;copyright&quot;:&quot;&quot;,&quot;focal_length&quot;:&quot;0&quot;,&quot;iso&quot;:&quot;0&quot;,&quot;shutter_speed&quot;:&quot;0&quot;,&quot;title&quot;:&quot;&quot;,&quot;orientation&quot;:&quot;0&quot;}\" data-image-title=\"01 respiradores 02\" data-image-description=\"\" data-image-caption=\"\" data-large-file=\"https:\/\/www.hoymercedes.com.ar\/principal\/wp-content\/uploads\/2020\/07\/01-respiradores-02.jpeg\" src=\"https:\/\/www.hoymercedes.com.ar\/principal\/wp-content\/uploads\/2020\/07\/01-respiradores-02.jpeg\" alt=\"\" class=\"wp-image-112952\"\/><\/figure><\/div>\n\n\n\n<p>\u201cCon esta entrega alcanzamos los mil respiradores distribuidos en la provincia de Buenos Aires\u201d, expres\u00f3 el gobernador Axel Kicillof, en el marco de una nueva entrega de respiradores destinados a hospitales provinciales y municipales de 42 distritos de toda la provincia. Tambi\u00e9n se entregaron 85 bombas de infusi\u00f3n y 100 monitores multiparam\u00e9tricos.<\/p>\n\n\n\n<p>Durante la entrega en el Centro Log\u00edstico El Dique de Ensenada el Gobernador estuvo acompa\u00f1ado por el ministro de Salud bonaerense, Daniel Goll\u00e1n; intendentes y representantes de los municipios. Entre ellos el Jefe Comunal de Mercedes, Juan Ignacio Ustarroz con el que realiz\u00f3 una entrevista televisiva. <\/p>\n\n\n\n<p>Los municipios que recibieron el equipamiento en esta oportunidad fueron: Salto, San Andr\u00e9s de Giles, General Villegas, Alem, Castelli, General Paz, 25 de Mayo, Berisso, Ensenada, Punta Indio, La Plata, Pilar, Mor\u00f3n, Mercedes, Almirante Brown, Avellaneda, Esteban Echevarr\u00eda, Florencio Varela, Presidente Per\u00f3n, Malvinas Argentinas y Lomas de Zamora.<\/p>\n\n\n\n<p>En tanto que en los pr\u00f3ximos d\u00edas recibir\u00e1n sus equipos: Gral. San Mart\u00edn, Jos\u00e9 C. Paz, Tres de Febrero, Vicente L\u00f3pez, Ezeiza, Carlos Casares, Trenque Lauquen, Pehuaj\u00f3, Chacabuco, Bragado, Balcarce, La Costa, Mar Chiquita, Las Flores, Lan\u00fas, La Matanza, Pergamino, Tigre, Merlo, Moreno y Z\u00e1rate.<\/p>\n","protected":false},"excerpt":{"rendered":"<p>En la tarde del martes, el gobierno de la provincia hizo entrega de aparatolog\u00eda sanitaria a 42 municipios. Es la &#8230; <a title=\"Mercedes recibi\u00f3 dos de los 170 nuevos respiradores entregados por la Provincia\" class=\"read-more\" href=\"https:\/\/www.hoymercedes.com.ar\/principal\/2020\/07\/01\/mercedes-recibio-uno-de-los-170-nuevos-respiradores-entregados-por-la-provincia\/\" aria-label=\"Leer m\u00e1s sobre Mercedes recibi\u00f3 dos de los 170 nuevos respiradores entregados por la Provincia\">Leer m\u00e1s<\/a><\/p>\n","protected":false},"author":1,"featured_media":112951,"comment_status":"closed","ping_status":"open","sticky":false,"template":"","format":"standard","meta":{"_monsterinsights_skip_tracking":false,"_monsterinsights_sitenote_active":false,"_monsterinsights_sitenote_note":"","_monsterinsights_sitenote_category":0,"jetpack_post_was_ever_published":false,"_jetpack_newsletter_access":"","_jetpack_dont_email_post_to_subs":false,"_jetpack_newsletter_tier_id":0,"_jetpack_memberships_contains_paywalled_content":false,"_jetpack_memberships_contains_paid_content":false,"footnotes":"","jetpack_publicize_message":"","jetpack_publicize_feature_enabled":true,"jetpack_social_post_already_shared":true,"jetpack_social_options":{"image_generator_settings":{"template":"highway","default_image_id":0,"font":"","enabled":false},"version":2},"_wpas_customize_per_network":false},"categories":[30],"tags":[220,1803,16605],"class_list":["post-112945","post","type-post","status-publish","format-standard","has-post-thumbnail","hentry","category-municipio","tag-dubarry","tag-provincia","tag-respiradores","generate-columns","tablet-grid-50","mobile-grid-100","grid-parent","grid-50"],"jetpack_publicize_connections":[],"jetpack_featured_media_url":"https:\/\/www.hoymercedes.com.ar\/principal\/wp-content\/uploads\/2020\/07\/01-respiradores-01.jpeg","wps_subtitle":"","jetpack_sharing_enabled":true,"_links":{"self":[{"href":"https:\/\/www.hoymercedes.com.ar\/principal\/wp-json\/wp\/v2\/posts\/112945","targetHints":{"allow":["GET"]}}],"collection":[{"href":"https:\/\/www.hoymercedes.com.ar\/principal\/wp-json\/wp\/v2\/posts"}],"about":[{"href":"https:\/\/www.hoymercedes.com.ar\/principal\/wp-json\/wp\/v2\/types\/post"}],"author":[{"embeddable":true,"href":"https:\/\/www.hoymercedes.com.ar\/principal\/wp-json\/wp\/v2\/users\/1"}],"replies":[{"embeddable":true,"href":"https:\/\/www.hoymercedes.com.ar\/principal\/wp-json\/wp\/v2\/comments?post=112945"}],"version-history":[{"count":0,"href":"https:\/\/www.hoymercedes.com.ar\/principal\/wp-json\/wp\/v2\/posts\/112945\/revisions"}],"wp:featuredmedia":[{"embeddable":true,"href":"https:\/\/www.hoymercedes.com.ar\/principal\/wp-json\/wp\/v2\/media\/112951"}],"wp:attachment":[{"href":"https:\/\/www.hoymercedes.com.ar\/principal\/wp-json\/wp\/v2\/media?parent=112945"}],"wp:term":[{"taxonomy":"category","embeddable":true,"href":"https:\/\/www.hoymercedes.com.ar\/principal\/wp-json\/wp\/v2\/categories?post=112945"},{"taxonomy":"post_tag","embeddable":true,"href":"https:\/\/www.hoymercedes.com.ar\/principal\/wp-json\/wp\/v2\/tags?post=112945"}],"curies":[{"name":"wp","href":"https:\/\/api.w.org\/{rel}","templated":true}]}}