{"id":112973,"date":"2020-07-02T09:16:00","date_gmt":"2020-07-02T12:16:00","guid":{"rendered":"http:\/\/www.hoymercedes.com.ar\/principal\/?p=112973"},"modified":"2020-07-01T19:33:58","modified_gmt":"2020-07-01T22:33:58","slug":"segunda-parte-la-nueva-normalidad-en-los-comercios-de-mercedes","status":"publish","type":"post","link":"https:\/\/www.hoymercedes.com.ar\/principal\/2020\/07\/02\/segunda-parte-la-nueva-normalidad-en-los-comercios-de-mercedes\/","title":{"rendered":"Segunda parte: La Nueva Normalidad en los comercios de Mercedes"},"content":{"rendered":"\n<p>El Aislamiento Social Preventivo y Obligatorio decretado a nivel nacional pas\u00f3 los 100 d\u00edas. La pandemia por el coronavirus oblig\u00f3 a los comercios no esenciales a permanecer cerrados y la necesidad econ\u00f3mica los oblig\u00f3 a solicitar una reapertura \u201cadministrada\u201d en Mercedes con todos los protocolos sociosanitarios. Las fotograf\u00edas de Camila Pulido nos muestran c\u00f3mo trabajan los comerciantes y los profesionales de la ciudad en esta \u201cnueva normalidad\u201d de una \u201ccuarentena eterna\u201d.&nbsp;<\/p>\n\n\n\n<p>En plena Fase 4, los comercios de Mercedes abren en horarios y d\u00edas espec\u00edficos. Tapabocas, alcohol en gel, sanitizantes, distancia social, colas en el exterior de los comercios, no m\u00e1s de dos personas adentro, ventas online, ventas presenciales, limpieza a fondo de cada producto, son algunas de las cosas que debieron adaptarse en esta nueva etapa que promete quedarse por algunos meses m\u00e1s.&nbsp;<\/p>\n\n\n\n<p>Ver Video: <\/p>\n\n\n\n<figure class=\"wp-block-embed-youtube wp-block-embed is-type-video is-provider-youtube wp-embed-aspect-16-9 wp-has-aspect-ratio\"><div class=\"wp-block-embed__wrapper\">\n<span class=\"embed-youtube\" style=\"text-align:center; display: block;\"><iframe loading=\"lazy\" class=\"youtube-player\" width=\"1200\" height=\"675\" src=\"https:\/\/www.youtube.com\/embed\/VWFVsVi35mc?version=3&#038;rel=1&#038;showsearch=0&#038;showinfo=1&#038;iv_load_policy=1&#038;fs=1&#038;hl=es-ES&#038;autohide=2&#038;wmode=transparent\" allowfullscreen=\"true\" style=\"border:0;\" sandbox=\"allow-scripts allow-same-origin allow-popups allow-presentation allow-popups-to-escape-sandbox\"><\/iframe><\/span>\n<\/div><\/figure>\n\n\n\n<p>Fuente: Prensa CEM<\/p>\n","protected":false},"excerpt":{"rendered":"<p>El Aislamiento Social Preventivo y Obligatorio decretado a nivel nacional pas\u00f3 los 100 d\u00edas. La pandemia por el coronavirus oblig\u00f3 &#8230; <a title=\"Segunda parte: La Nueva Normalidad en los comercios de Mercedes\" class=\"read-more\" href=\"https:\/\/www.hoymercedes.com.ar\/principal\/2020\/07\/02\/segunda-parte-la-nueva-normalidad-en-los-comercios-de-mercedes\/\" aria-label=\"Leer m\u00e1s sobre Segunda parte: La Nueva Normalidad en los comercios de Mercedes\">Leer m\u00e1s<\/a><\/p>\n","protected":false},"author":1,"featured_media":112974,"comment_status":"closed","ping_status":"open","sticky":false,"template":"","format":"standard","meta":{"_monsterinsights_skip_tracking":false,"_monsterinsights_sitenote_active":false,"_monsterinsights_sitenote_note":"","_monsterinsights_sitenote_category":0,"jetpack_post_was_ever_published":false,"_jetpack_newsletter_access":"","_jetpack_dont_email_post_to_subs":false,"_jetpack_newsletter_tier_id":0,"_jetpack_memberships_contains_paywalled_content":false,"_jetpack_memberships_contains_paid_content":false,"footnotes":"","jetpack_publicize_message":"","jetpack_publicize_feature_enabled":true,"jetpack_social_post_already_shared":true,"jetpack_social_options":{"image_generator_settings":{"template":"highway","default_image_id":0,"font":"","enabled":false},"version":2},"_wpas_customize_per_network":false},"categories":[16777],"tags":[267,16798,13069,8679,16797],"class_list":["post-112973","post","type-post","status-publish","format-standard","has-post-thumbnail","hentry","category-economia","tag-camara-economica-mercedina","tag-camila-pulido","tag-comercios","tag-fotografias","tag-nueva-normalidad","generate-columns","tablet-grid-50","mobile-grid-100","grid-parent","grid-50"],"jetpack_publicize_connections":[],"jetpack_featured_media_url":"https:\/\/www.hoymercedes.com.ar\/principal\/wp-content\/uploads\/2020\/07\/03-peluqueria-nippur-001.jpg","wps_subtitle":"Galer\u00eda de fotos","jetpack_sharing_enabled":true,"_links":{"self":[{"href":"https:\/\/www.hoymercedes.com.ar\/principal\/wp-json\/wp\/v2\/posts\/112973","targetHints":{"allow":["GET"]}}],"collection":[{"href":"https:\/\/www.hoymercedes.com.ar\/principal\/wp-json\/wp\/v2\/posts"}],"about":[{"href":"https:\/\/www.hoymercedes.com.ar\/principal\/wp-json\/wp\/v2\/types\/post"}],"author":[{"embeddable":true,"href":"https:\/\/www.hoymercedes.com.ar\/principal\/wp-json\/wp\/v2\/users\/1"}],"replies":[{"embeddable":true,"href":"https:\/\/www.hoymercedes.com.ar\/principal\/wp-json\/wp\/v2\/comments?post=112973"}],"version-history":[{"count":0,"href":"https:\/\/www.hoymercedes.com.ar\/principal\/wp-json\/wp\/v2\/posts\/112973\/revisions"}],"wp:featuredmedia":[{"embeddable":true,"href":"https:\/\/www.hoymercedes.com.ar\/principal\/wp-json\/wp\/v2\/media\/112974"}],"wp:attachment":[{"href":"https:\/\/www.hoymercedes.com.ar\/principal\/wp-json\/wp\/v2\/media?parent=112973"}],"wp:term":[{"taxonomy":"category","embeddable":true,"href":"https:\/\/www.hoymercedes.com.ar\/principal\/wp-json\/wp\/v2\/categories?post=112973"},{"taxonomy":"post_tag","embeddable":true,"href":"https:\/\/www.hoymercedes.com.ar\/principal\/wp-json\/wp\/v2\/tags?post=112973"}],"curies":[{"name":"wp","href":"https:\/\/api.w.org\/{rel}","templated":true}]}}