{"id":112977,"date":"2020-07-02T01:26:00","date_gmt":"2020-07-02T04:26:00","guid":{"rendered":"http:\/\/www.hoymercedes.com.ar\/principal\/?p=112977"},"modified":"2020-07-02T02:20:56","modified_gmt":"2020-07-02T05:20:56","slug":"cuatro-detenidos-por-pirateria-del-asfalto","status":"publish","type":"post","link":"https:\/\/www.hoymercedes.com.ar\/principal\/2020\/07\/02\/cuatro-detenidos-por-pirateria-del-asfalto\/","title":{"rendered":"Cuatro detenidos por pirater\u00eda del asfalto"},"content":{"rendered":"\n<p>En la\u00a0jornada\u00a0\u00a0del\u00a0martes 30 de junio se llevaron a cabo\u00a06\u00a0allanamientos en las localidades de El Talar, Los Polvorines y General Rodr\u00edguez a ra\u00edz de la cual se desmantel\u00f3 una banda que se dedicaba a la maniobra delictiva conocida como \u201cPirater\u00eda del asfalto\u201d.\u00a0<\/p>\n\n\n\n<div class=\"wp-block-image\"><figure class=\"aligncenter size-large\"><img loading=\"lazy\" decoding=\"async\" width=\"887\" height=\"554\" data-attachment-id=\"112978\" data-permalink=\"https:\/\/www.hoymercedes.com.ar\/principal\/2020\/07\/02\/cuatro-detenidos-por-pirateria-del-asfalto\/01-policial-lujan\/#main\" data-orig-file=\"https:\/\/www.hoymercedes.com.ar\/principal\/wp-content\/uploads\/2020\/07\/01-policial-lujan.jpg\" data-orig-size=\"887,554\" data-comments-opened=\"0\" data-image-meta=\"{&quot;aperture&quot;:&quot;0&quot;,&quot;credit&quot;:&quot;&quot;,&quot;camera&quot;:&quot;&quot;,&quot;caption&quot;:&quot;&quot;,&quot;created_timestamp&quot;:&quot;0&quot;,&quot;copyright&quot;:&quot;&quot;,&quot;focal_length&quot;:&quot;0&quot;,&quot;iso&quot;:&quot;0&quot;,&quot;shutter_speed&quot;:&quot;0&quot;,&quot;title&quot;:&quot;&quot;,&quot;orientation&quot;:&quot;0&quot;}\" data-image-title=\"01 policial lujan\" data-image-description=\"\" data-image-caption=\"\" data-large-file=\"https:\/\/www.hoymercedes.com.ar\/principal\/wp-content\/uploads\/2020\/07\/01-policial-lujan.jpg\" src=\"https:\/\/www.hoymercedes.com.ar\/principal\/wp-content\/uploads\/2020\/07\/01-policial-lujan.jpg\" alt=\"\" class=\"wp-image-112978\"\/><\/figure><\/div>\n\n\n\n<p>De acuerdo a lo que pudo conocerse, el pasado 16 de octubre de 2019, a la 1:20 horas aproximadamente, en las inmediaciones de la Ruta Nacional\u00a0N\u00b0\u00a08, kil\u00f3metro 88 de la localidad Sol\u00eds, partido de San Andr\u00e9s de Giles, al menos cuatro personas interceptaron un cami\u00f3n Volkswagen 17220. Utilizando armas de fuego, amedrentaron al acompa\u00f1ante y se hicieron del cami\u00f3n y su carga, resultando\u00a0ser\u00a0 108\u00a0 medias reses vacunas. <\/p>\n\n\n\n<p>En tanto, a la v\u00edctima la introdujeron otro veh\u00edculo donde permaneci\u00f3 privado de su libertad por alrededor de una hora cuando el autom\u00f3vil se detuvo y ascendi\u00f3 a \u00e9l el conductor del cami\u00f3n hasta que finalmente ambos fueron liberados en la localidad de Escobar entre las 03:30 y las 05:30 horas. El rodado sustra\u00eddo fue hallado el 21 de octubre de 2019 en Escobar, sin la mercader\u00eda.\u00a0<\/p>\n\n\n\n<p>En la misma jornada del asalto, el chofer del cami\u00f3n se hizo presente en la Delegaci\u00f3n Departamental de Investigaciones con asiento en la ciudad de Luj\u00e1n y brind\u00f3 su testimonio indicando haber sido v\u00edctima del hecho delictivo mencionado.&nbsp;<\/p>\n\n\n\n<p>Por el caso, tom\u00f3 intervenci\u00f3n\u00a0la Unidad Funcional de Instrucci\u00f3n y Juicio N\u00ba 4\u00a0del Departamento Judicial Mercedes \u2013 a cargo del\u00a0Dr.\u00a0Lisandro\u00a0Mass\u00f3n\u00a0\u2013 que durante este tiempo llev\u00f3 a cabo exhaustivas tareas investigativas para dar\u00a0con los autores del hecho.\u00a0<\/p>\n\n\n\n<p>En tanto, el pasado 7 de enero de 2020, a las 03:30 horas aproximadamente, en las inmediaciones de la Ruta Nacional 8, kil\u00f3metro 102 de la localidad Sol\u00eds, partido de San Andr\u00e9s de Giles, al menos cuatro personas interceptaron -con un autom\u00f3vil de color claro- un cami\u00f3n marca Mercedes Benz, modelo 1114. Amedrentaron, utilizando armas de fuego, al chofer y sus acompa\u00f1antes para despojarlos del cami\u00f3n y apoderarse ileg\u00edtimamente de su carga de 50 medias reses vacunas y dos cortes.&nbsp;<\/p>\n\n\n\n<p>Los tres damnificados fueron obligados a subir al auto donde permanecieron privados de su libertad por alrededor de tres horas cuando fueron liberados en Don Torcuato.&nbsp;<\/p>\n\n\n\n<p>El rodado sustra\u00eddo fue hallado ese mismo d\u00eda, en horas de la noche, en la Colectora Oeste de la Panamericana, en El Talar, provincia de Buenos Aires.&nbsp;<\/p>\n\n\n\n<p>Con base en los distintos elementos recopilados en la investigaci\u00f3n, desde la UFIJ se solicit\u00f3&nbsp;al Juzgado de Garant\u00edas&nbsp;N\u00b0&nbsp;2&nbsp;\u2013a cargo del&nbsp;dr.&nbsp;Facundo Oliva-&nbsp;\u00f3rdenes&nbsp;de allanamientos y detenciones. La misma fue concedida y ejecutada en la jornada de este martes por parte de personal policial de la DDI de Luj\u00e1n.&nbsp;<\/p>\n\n\n\n<p>Durante el procedimiento fueron detenidos un sujeto de 40 a\u00f1os, oriundo de El Talar, sindicado por los investigadores como el organizador de la asociaci\u00f3n delictiva; un transportista de 30 a\u00f1os, oriundo de General Rodr\u00edguez; un sujeto de 43 a\u00f1os y otro de 39 ambos oriundos de El Talar, sindicados como integrantes de la asociaci\u00f3n delictiva.&nbsp;Adem\u00e1s, se secuestraron diversos elementos de inter\u00e9s para la investigaci\u00f3n y una importante suma de dinero.&nbsp;<\/p>\n\n\n\n<p>Para la fiscal\u00eda, al menos&nbsp;tres&nbsp;de los detenidos forman parte de una asociaci\u00f3n il\u00edcita dedicada a cometer distintos tipos de delitos contra la propiedad, especialmente la sustracci\u00f3n de camiones bajo la modalidad de \u00abpirater\u00eda del asfalto\u00bb, empleando para ello armas de fuego con el objeto de hacerse -primordialmente- de carne vacuna. La maniobra delictiva en cada caso concluye cuando reducen la mercader\u00eda comercializ\u00e1ndola en&nbsp;al menos cuatro&nbsp;carnicer\u00edas&nbsp;de propiedad del propio jefe de la organizaci\u00f3n il\u00edcita.&nbsp;<\/p>\n\n\n\n<p>Por otro lado,&nbsp;para la investigaci\u00f3n,&nbsp;el chofer del cami\u00f3n&nbsp;del primer hecho mencionado&nbsp;conoc\u00eda a los atacantes y particip\u00f3 activamente de la sustracci\u00f3n, para luego brindar un testimonio falso con el objeto de desviar la investigaci\u00f3n.&nbsp;<\/p>\n\n\n\n<p>Comparecieron ante el fiscal en el marco de la audiencia de declaraci\u00f3n en los t\u00e9rminos del art. 308 del C\u00f3digo Procesal Penal en la jornada de este mi\u00e9rcoles, por los delitos de \u201cRobo triplemente agravado por ser cometido en despoblado y en banda, por el uso de armas cuya aptitud para el disparo no pudo ser acreditada y por tratarse su objeto de mercader\u00eda en tr\u00e1nsito en concurso real con privaci\u00f3n ilegal de la libertad personal agravada por mediar violencia\u201d&nbsp;y \u201cAsociaci\u00f3n il\u00edcita\u201d, endilg\u00e1ndoles seg\u00fan su participaci\u00f3n en los hechos los roles correspondientes a su accionar.&nbsp;<\/p>\n\n\n\n<p>En tanto, respecto de\u00a0transportista de 30 a\u00f1os\u00a0solo se le imput\u00f3 la calificaci\u00f3n del \u201cRobo\u00a0triplemente agravado por ser cometido en despoblado y en banda, por el uso de armas cuya aptitud para el disparo no pudo ser acreditada y por tratarse su objeto de mercader\u00eda en tr\u00e1nsito en concurso real con privaci\u00f3n ilegal de la libertad personal agravada por mediar violencia\u201d\u00a0por el primer hecho antes mencionado\u00a0y por \u201cFalso testimonio\u201d por el mismo hecho.\u00a0<\/p>\n\n\n\n<p>Fuente: Ministerio P\u00fablico Fiscal &#8211; Depto Judicial Mercedes<\/p>\n","protected":false},"excerpt":{"rendered":"<p>En la\u00a0jornada\u00a0\u00a0del\u00a0martes 30 de junio se llevaron a cabo\u00a06\u00a0allanamientos en las localidades de El Talar, Los Polvorines y General Rodr\u00edguez &#8230; <a title=\"Cuatro detenidos por pirater\u00eda del asfalto\" class=\"read-more\" href=\"https:\/\/www.hoymercedes.com.ar\/principal\/2020\/07\/02\/cuatro-detenidos-por-pirateria-del-asfalto\/\" aria-label=\"Leer m\u00e1s sobre Cuatro detenidos por pirater\u00eda del asfalto\">Leer m\u00e1s<\/a><\/p>\n","protected":false},"author":1,"featured_media":112978,"comment_status":"closed","ping_status":"open","sticky":false,"template":"","format":"standard","meta":{"_monsterinsights_skip_tracking":false,"_monsterinsights_sitenote_active":false,"_monsterinsights_sitenote_note":"","_monsterinsights_sitenote_category":0,"jetpack_post_was_ever_published":false,"_jetpack_newsletter_access":"","_jetpack_dont_email_post_to_subs":false,"_jetpack_newsletter_tier_id":0,"_jetpack_memberships_contains_paywalled_content":false,"_jetpack_memberships_contains_paid_content":false,"footnotes":"","jetpack_publicize_message":"","jetpack_publicize_feature_enabled":true,"jetpack_social_post_already_shared":false,"jetpack_social_options":{"image_generator_settings":{"template":"highway","default_image_id":0,"font":"","enabled":false},"version":2},"_wpas_customize_per_network":false},"categories":[85],"tags":[16800,96,9322],"class_list":["post-112977","post","type-post","status-publish","format-standard","has-post-thumbnail","hentry","category-policial","tag-pirateria-del-asfalto","tag-policial-2","tag-region","generate-columns","tablet-grid-50","mobile-grid-100","grid-parent","grid-50"],"jetpack_publicize_connections":[],"jetpack_featured_media_url":"https:\/\/www.hoymercedes.com.ar\/principal\/wp-content\/uploads\/2020\/07\/01-policial-lujan.jpg","wps_subtitle":"En la regi\u00f3n","jetpack_sharing_enabled":true,"_links":{"self":[{"href":"https:\/\/www.hoymercedes.com.ar\/principal\/wp-json\/wp\/v2\/posts\/112977","targetHints":{"allow":["GET"]}}],"collection":[{"href":"https:\/\/www.hoymercedes.com.ar\/principal\/wp-json\/wp\/v2\/posts"}],"about":[{"href":"https:\/\/www.hoymercedes.com.ar\/principal\/wp-json\/wp\/v2\/types\/post"}],"author":[{"embeddable":true,"href":"https:\/\/www.hoymercedes.com.ar\/principal\/wp-json\/wp\/v2\/users\/1"}],"replies":[{"embeddable":true,"href":"https:\/\/www.hoymercedes.com.ar\/principal\/wp-json\/wp\/v2\/comments?post=112977"}],"version-history":[{"count":0,"href":"https:\/\/www.hoymercedes.com.ar\/principal\/wp-json\/wp\/v2\/posts\/112977\/revisions"}],"wp:featuredmedia":[{"embeddable":true,"href":"https:\/\/www.hoymercedes.com.ar\/principal\/wp-json\/wp\/v2\/media\/112978"}],"wp:attachment":[{"href":"https:\/\/www.hoymercedes.com.ar\/principal\/wp-json\/wp\/v2\/media?parent=112977"}],"wp:term":[{"taxonomy":"category","embeddable":true,"href":"https:\/\/www.hoymercedes.com.ar\/principal\/wp-json\/wp\/v2\/categories?post=112977"},{"taxonomy":"post_tag","embeddable":true,"href":"https:\/\/www.hoymercedes.com.ar\/principal\/wp-json\/wp\/v2\/tags?post=112977"}],"curies":[{"name":"wp","href":"https:\/\/api.w.org\/{rel}","templated":true}]}}