{"id":113061,"date":"2020-07-02T21:19:54","date_gmt":"2020-07-03T00:19:54","guid":{"rendered":"http:\/\/www.hoymercedes.com.ar\/principal\/?p=113061"},"modified":"2020-07-02T21:52:41","modified_gmt":"2020-07-03T00:52:41","slug":"coronavirus-crisis-sanitaria-en-suipacha","status":"publish","type":"post","link":"https:\/\/www.hoymercedes.com.ar\/principal\/2020\/07\/02\/coronavirus-crisis-sanitaria-en-suipacha\/","title":{"rendered":"Coronavirus: crisis sanitaria en Suipacha"},"content":{"rendered":"\n<p>Con 7 casos positivos y otros en estudio el intendente Federico y el director del Homei Dr Mu\u00f1oz anunciaron que ponen en cuarentena el hospital de Suipacha. S\u00f3lo atender\u00e1n emergencias y partos. Qui\u00e9n tenga controles, cirug\u00edas o necesidades deber\u00e1 esperar 15 d\u00edas. Estar\u00edan pidiendo ayuda a otras localidades. Hace unos d\u00edas habian emitido un comunicado en el que anunciaban ellos no recibir\u00edan seres humanos de otras ciudades.<\/p>\n\n\n\n<p>El propio intendente lo confirm\u00f3 a trav\u00e9s de Facebook a toda su comunidad.<\/p>\n\n\n\n<p>El Dr Mu\u00f1oz expres\u00f3 que s\u00f3lo atender\u00e1n guardia de emergencia y partos. Sin consultorios para traumatolog\u00eda, cl\u00ednica m\u00e9dica, cirug\u00edas, cualquiera que tenga alg\u00fan problema por controles deber\u00e1 esperar 15 d\u00edas para realizar los controles, s\u00f3lo se atender\u00e1n emergencia y urgencias importante. Pedimos a la poblaci\u00f3n que sepa entender.<\/p>\n\n\n\n<p>Luego junto al intendente narraron distintas disposiciones para el d\u00eda a d\u00eda.<\/p>\n\n\n\n<p>El video: <\/p>\n\n\n\n<figure><iframe loading=\"lazy\" src=\"https:\/\/www.facebook.com\/plugins\/video.php?href=https%3A%2F%2Fwww.facebook.com%2F1193651483997685%2Fvideos%2F2707509772683530%2F&amp;show_text=0&amp;width=560\" allowfullscreen=\"true\" width=\"560\" height=\"315\"><\/iframe><\/figure>\n\n\n\n<figure class=\"wp-block-image size-large\"><img loading=\"lazy\" decoding=\"async\" width=\"1080\" height=\"1080\" data-attachment-id=\"113064\" data-permalink=\"https:\/\/www.hoymercedes.com.ar\/principal\/2020\/07\/02\/coronavirus-crisis-sanitaria-en-suipacha\/suipachainforma\/#main\" data-orig-file=\"https:\/\/www.hoymercedes.com.ar\/principal\/wp-content\/uploads\/2020\/07\/suipachainforma.jpg\" data-orig-size=\"1080,1080\" data-comments-opened=\"0\" data-image-meta=\"{&quot;aperture&quot;:&quot;0&quot;,&quot;credit&quot;:&quot;&quot;,&quot;camera&quot;:&quot;&quot;,&quot;caption&quot;:&quot;&quot;,&quot;created_timestamp&quot;:&quot;0&quot;,&quot;copyright&quot;:&quot;&quot;,&quot;focal_length&quot;:&quot;0&quot;,&quot;iso&quot;:&quot;0&quot;,&quot;shutter_speed&quot;:&quot;0&quot;,&quot;title&quot;:&quot;&quot;,&quot;orientation&quot;:&quot;0&quot;}\" data-image-title=\"suipachainforma\" data-image-description=\"\" data-image-caption=\"\" data-large-file=\"https:\/\/www.hoymercedes.com.ar\/principal\/wp-content\/uploads\/2020\/07\/suipachainforma.jpg\" src=\"https:\/\/www.hoymercedes.com.ar\/principal\/wp-content\/uploads\/2020\/07\/suipachainforma.jpg\" alt=\"\" class=\"wp-image-113064\"\/><\/figure>\n","protected":false},"excerpt":{"rendered":"<p>Con 7 casos positivos y otros en estudio el intendente Federico y el director del Homei Dr Mu\u00f1oz anunciaron que &#8230; <a title=\"Coronavirus: crisis sanitaria en Suipacha\" class=\"read-more\" href=\"https:\/\/www.hoymercedes.com.ar\/principal\/2020\/07\/02\/coronavirus-crisis-sanitaria-en-suipacha\/\" aria-label=\"Leer m\u00e1s sobre Coronavirus: crisis sanitaria en Suipacha\">Leer m\u00e1s<\/a><\/p>\n","protected":false},"author":1,"featured_media":113062,"comment_status":"closed","ping_status":"open","sticky":false,"template":"","format":"standard","meta":{"_monsterinsights_skip_tracking":false,"_monsterinsights_sitenote_active":false,"_monsterinsights_sitenote_note":"","_monsterinsights_sitenote_category":0,"jetpack_post_was_ever_published":false,"_jetpack_newsletter_access":"","_jetpack_dont_email_post_to_subs":false,"_jetpack_newsletter_tier_id":0,"_jetpack_memberships_contains_paywalled_content":false,"_jetpack_memberships_contains_paid_content":false,"footnotes":"","jetpack_publicize_message":"","jetpack_publicize_feature_enabled":true,"jetpack_social_post_already_shared":true,"jetpack_social_options":{"image_generator_settings":{"template":"highway","default_image_id":0,"font":"","enabled":false},"version":2},"_wpas_customize_per_network":false},"categories":[5501],"tags":[16175,16313,9322,559],"class_list":["post-113061","post","type-post","status-publish","format-standard","has-post-thumbnail","hentry","category-region","tag-coronavirus","tag-covid-19","tag-region","tag-suipacha","generate-columns","tablet-grid-50","mobile-grid-100","grid-parent","grid-50"],"jetpack_publicize_connections":[],"jetpack_featured_media_url":"https:\/\/www.hoymercedes.com.ar\/principal\/wp-content\/uploads\/2020\/07\/federicomunoz.jpg","wps_subtitle":"Pandemia en la regi\u00f3n","jetpack_sharing_enabled":true,"_links":{"self":[{"href":"https:\/\/www.hoymercedes.com.ar\/principal\/wp-json\/wp\/v2\/posts\/113061","targetHints":{"allow":["GET"]}}],"collection":[{"href":"https:\/\/www.hoymercedes.com.ar\/principal\/wp-json\/wp\/v2\/posts"}],"about":[{"href":"https:\/\/www.hoymercedes.com.ar\/principal\/wp-json\/wp\/v2\/types\/post"}],"author":[{"embeddable":true,"href":"https:\/\/www.hoymercedes.com.ar\/principal\/wp-json\/wp\/v2\/users\/1"}],"replies":[{"embeddable":true,"href":"https:\/\/www.hoymercedes.com.ar\/principal\/wp-json\/wp\/v2\/comments?post=113061"}],"version-history":[{"count":0,"href":"https:\/\/www.hoymercedes.com.ar\/principal\/wp-json\/wp\/v2\/posts\/113061\/revisions"}],"wp:featuredmedia":[{"embeddable":true,"href":"https:\/\/www.hoymercedes.com.ar\/principal\/wp-json\/wp\/v2\/media\/113062"}],"wp:attachment":[{"href":"https:\/\/www.hoymercedes.com.ar\/principal\/wp-json\/wp\/v2\/media?parent=113061"}],"wp:term":[{"taxonomy":"category","embeddable":true,"href":"https:\/\/www.hoymercedes.com.ar\/principal\/wp-json\/wp\/v2\/categories?post=113061"},{"taxonomy":"post_tag","embeddable":true,"href":"https:\/\/www.hoymercedes.com.ar\/principal\/wp-json\/wp\/v2\/tags?post=113061"}],"curies":[{"name":"wp","href":"https:\/\/api.w.org\/{rel}","templated":true}]}}